{"id":38431,"date":"2024-10-02T15:16:08","date_gmt":"2024-10-02T13:16:08","guid":{"rendered":"https:\/\/rrgsuisse.ch\/alpine-a290-bestelleroeffnung-und-preise-fuer-die-schweizalpine-a290-ouverture-des-commandes-et-tarifs-pour-la-suisse"},"modified":"2025-04-28T10:14:13","modified_gmt":"2025-04-28T08:14:13","slug":"alpine-a290-bestelleroeffnung-und-preise-fuer-die-schweiz","status":"publish","type":"post","link":"https:\/\/rrgsuisse.ch\/de\/alpine-a290-bestelleroeffnung-und-preise-fuer-die-schweiz","title":{"rendered":"Alpine A290: Besteller\u00f6ffnung und Preise f\u00fcr die Schweiz"},"content":{"rendered":"\n<p>Mit ihren muskul\u00f6sen Proportionen und ihrem Leergewicht von lediglich 1\u2018479 Kilogramm vereint die neue A290 alle Merkmale der Marke Alpine: Performance, Agilit\u00e4t und Fahrspass. Die st\u00e4rkste Ausf\u00fchrung beschleunigt in nur 6,4 Sekunden von 0 auf 100 km\/h und mobilisiert ein Drehmoment von 300 Nm. Dank Mehrlenker-Hinterachse und hydraulischen Stossd\u00e4mpfern ist die A290 bis ins Detail auf ein sportliches Fahrgef\u00fchl ausgelegt und bietet dennoch hohen Komfort im Alltag. Dabei bleiben die Aussenabmessungen \u00e4usserst kompakt: Mit einer L\u00e4nge von 3\u2018990 Millimetern, einer Breite von 1\u2018820 Millimetern, einer H\u00f6he von 1\u2018520 Millimetern sowie einem Radstand von 2\u2018530 Millimetern nimmt der Kompaktsportler nur wenig Verkehrsfl\u00e4che ein. Dennoch ist die A290 mit f\u00fcnf T\u00fcren und f\u00fcnf Sitzpl\u00e4tzen sowie einem Kofferraumvolumen von 326 Litern ein vollwertiger und praktischer Begleiter.<\/p>\n\n\n\n<p><strong>Alpine Design mit sportlichem Erbe<\/strong><br>Die A290 verf\u00fcgt \u00fcber eine einzigartige Lichtsignatur, die schon von weitem unverkennbar ist. Wie bei allen Alpine Modellen besteht sie aus vier Front-Scheinwerfern mit Doppel-X-Motiv als Hommage an die abgeklebten Leuchten von Rallyefahrzeugen. Die breite Spur und die muskul\u00f6sen Linien verleihen der A290 den sportlichen Alpine Look. Styling-Elemente wie der vordere Stossf\u00e4nger und der Heckdiffusor sind an die A110 angelehnt, von der sie auch die Brembo 4-Kolben-Monobloc-Bremss\u00e4ttel vorne \u00fcbernimmt. Die Auswahl an grossdimensionierten 19-Zoll-R\u00e4dern und die zweifarbige Karosserie mit schwarzem Dach runden das Paket ab. Erh\u00e4ltlich ist die A290 in vier Karosseriefarben: Noir Profond (Standard), Bleu Alpine Vision, Gris Tornade Matt (satiniert) und Blanc Nival.<\/p>\n\n\n\n<figure class=\"wp-block-image size-large\"><img fetchpriority=\"high\" decoding=\"async\" width=\"1024\" height=\"576\" src=\"https:\/\/rrgsuisse.ch\/wp-content\/uploads\/2024\/10\/R-DAM_1586896-1024x576.jpg\" alt=\"\" class=\"wp-image-38426\" srcset=\"https:\/\/rrgsuisse.ch\/wp-content\/uploads\/2024\/10\/R-DAM_1586896-1024x576.jpg 1024w, https:\/\/rrgsuisse.ch\/wp-content\/uploads\/2024\/10\/R-DAM_1586896-300x169.jpg 300w, https:\/\/rrgsuisse.ch\/wp-content\/uploads\/2024\/10\/R-DAM_1586896-768x432.jpg 768w, https:\/\/rrgsuisse.ch\/wp-content\/uploads\/2024\/10\/R-DAM_1586896.jpg 1200w\" sizes=\"(max-width: 1024px) 100vw, 1024px\" \/><\/figure>\n\n\n\n<p>Das Cockpit bietet ein sportlich-raffiniertes Design mit einer Kombination aus genarbtem, beschichtetem Textil und blauem Stoff oder einer zweifarbigen Nappa-Lederausstattung in Evee Grey\/Deep Blue Nappa. Dazu kommt ein zweifarbiger Armaturentr\u00e4ger mit hinterleuchtetem A290-Schriftzug und einer individuell konfigurierbaren Ambientebeleuchtung. Die Mittelkonsole ist vom unverwechselbaren Design der A110 inspiriert und enth\u00e4lt die Bedienelemente f\u00fcr das Getriebe. Das exklusive 3-Speichen-Sportlenkrad mit abgeflachtem Mittelteil ist mit Nappaleder bezogen und mit sportlich anmutenden Kontrastn\u00e4hten versehen. Dazu kommen mehrere, von der Formel 1 inspirierte Schalter: Der RCH-Drehknopf an der linken Seite steht f\u00fcr &#171;Recharge&#187;, um die St\u00e4rke der Rekuperationsstufe zu w\u00e4hlen. An der rechten Seite lassen sich die verschiedenen Fahrmodi einstellen, w\u00e4hrend oben der sofort erkennbare rote OV-Knopf (f\u00fcr &#171;Overtake&#187;) positioniert ist.<\/p>\n\n\n\n<p>Die A290 ist mit der neuesten Generation aktiver und passiver Sicherheitstechnologien ausgestattet und verf\u00fcgt \u00fcber bis zu 26 Fahrassistenzsysteme, die das Fahren und Einparkman\u00f6ver erleichtern sowie die Insassen sch\u00fctzen.<\/p>\n\n\n\n<p>Das Cockpit bietet ein sportlich-raffiniertes Design mit einer Kombination aus genarbtem, beschichtetem Textil und blauem Stoff oder einer zweifarbigen Nappa-Lederausstattung in Evee Grey\/Deep Blue Nappa. Dazu kommt ein zweifarbiger Armaturentr\u00e4ger mit hinterleuchtetem A290-Schriftzug und einer individuell konfigurierbaren Ambientebeleuchtung. Die Mittelkonsole ist vom unverwechselbaren Design der A110 inspiriert und enth\u00e4lt die Bedienelemente f\u00fcr das Getriebe. Das exklusive 3-Speichen-Sportlenkrad mit abgeflachtem Mittelteil ist mit Nappaleder bezogen und mit sportlich anmutenden Kontrastn\u00e4hten versehen. Dazu kommen mehrere, von der Formel 1 inspirierte Schalter: Der RCH-Drehknopf an der linken Seite steht f\u00fcr &#171;Recharge&#187;, um die St\u00e4rke der Rekuperationsstufe zu w\u00e4hlen. An der rechten Seite lassen sich die verschiedenen Fahrmodi einstellen, w\u00e4hrend oben der sofort erkennbare rote OV-Knopf (f\u00fcr &#171;Overtake&#187;) positioniert ist.<br>Die A290 ist mit der neuesten Generation aktiver und passiver Sicherheitstechnologien ausgestattet und verf\u00fcgt \u00fcber bis zu 26 Fahrassistenzsysteme, die das Fahren und Einparkman\u00f6ver erleichtern sowie die Insassen sch\u00fctzen.  <\/p>\n\n\n\n<p><strong>A290 GT: Einstieg ins Alpine-Universum ab CHF 37&#8217;700.-<\/strong><br>Die A290 GT verf\u00fcgt bereits \u00fcber die 52-kWh-Batterie und leistet 130 kW\/177 PS. Ab Werk kommen Michelin Sport EV-Reifen und 19-Zoll-Leichtmetallr\u00e4der im Iconic-Design hinzu. Das 11-kW-Wechselstrom-Ladeger\u00e4t ist im Schnelllademodus f\u00fcr 100 kW Gleichstrom ausgelegt. Der blau gehaltene Innenraum ist mit beschichtetem Textil ausgestattet. Akzente setzen das mit Nappaleder bezogene Sportlenkrad und die franz\u00f6sische Flagge auf der Armaturentafel. Beheizbare Vordersitze, get\u00f6nte Scheiben, Klimaautomatik und Ambientebeleuchtung geh\u00f6ren ebenfalls zur Serienausstattung.<\/p>\n\n\n\n<p>Dar\u00fcber hinaus bietet die A290 GT bereits ein hohes Mass an Konnektivit\u00e4t und kombiniert das Alpine Portal System mit einem hochaufl\u00f6senden 10,1-Zoll-Bildschirm. Die Google Maps GPS-Navigation mit speziell auf Elektrofahrzeuge hin optimiertem Routenplaner geh\u00f6rt ebenso zur Standardausstattung wie der Sprachassistent Google Assistant. Eine grosse Anzahl von Apps ist im Google Play Katalog verf\u00fcgbar. Das Paket umfasst weiterhin den adaptiven Tempopiloten und die R\u00fcckfahrkamera.<\/p>\n\n\n\n<p><strong>A290 GT Premium: Stil und Komfort ab CHF 41&#8217;100.-<\/strong><br>Bei gleicher Leistungscharakteristik wie die A290 GT zeichnet sich die A290 GT Premium durch noch mehr Ausstattungsdetails aus. Sie ist \u00e4usserlich an ihrer Zwei-Farb-Lackierung mit schwarzem Dach, der mattblauen Dachlinie und den Brembo-Bremss\u00e4tteln in Alpine Blue an den Vorderr\u00e4dern zu erkennen.<\/p>\n\n\n\n<p>Ohne Aufpreis geh\u00f6ren der Alpine Drive Sound sowie das speziell entwickelte Devialet Hi-Fi-Audiosystem zur Ausstattung. Nappaleder mit Alpine N\u00e4hten und Monogrammen verleiht dem Innenraum Raffinesse. Das beheizbare Lenkrad, die induktive Smartphone-Ladefl\u00e4che und der automatisch abblendende R\u00fcckspiegel erh\u00f6hen den Komfort an Bord zus\u00e4tzlich.<\/p>\n\n\n\n<figure class=\"wp-block-image\"><img decoding=\"async\" src=\"https:\/\/media.renault.ch\/__\/154960.4aa66c9f.jpg\" alt=\"\"\/><\/figure>\n\n\n\n<p><strong>A290 GT Performance: Kraft und Sportlichkeit ab CHF 40&#8217;900.-<\/strong><br>Die A290 GT Performance leistet mit dem st\u00e4rkeren Elektromotor 160 kW\/218 PS und beschleunigt in 6,4 Sekunden von 0 auf 100 km\/h. Die abgeregelte H\u00f6chstgeschwindigkeit betr\u00e4gt 170 km\/h. Optische Merkmale der A290 GT Performance sind Brembo-Racing-Red-Bremss\u00e4ttel vorne und Michelin Pilot Sport 5 Reifen. Schwarz verchromte Designelemente setzen dynamische Akzente, dazu kommen die Alpine Plakette und das Logo mit dem gepfeilten &#171;A&#187; an der Front sowie elektrisch einklappbare Aussenspiegel.<\/p>\n\n\n\n<p>Die A290 GT Performance ist mit dem Alpine Telemetrics Infotainmentsystem ausgestattet, das es erm\u00f6glicht, die Leistung zu \u00fcberwachen, die Effizienz des Fahrzeugs zu justieren und zu lernen, wie das Potenzial des Fahrzeugs durch Coaching und Herausforderungen, die von der Welt der Videospiele inspiriert sind, optimal ausgesch\u00f6pft werden kann.<\/p>\n\n\n\n<p><strong>A290 GTS: das Beste aus zwei Welten ab CHF 43&#8217;700.-<\/strong><br>Die A290 GTS verk\u00f6rpert ein Maximum an Raffinesse und Sportlichkeit und kombiniert die Ausstattung der A290 GT Premium mit dem 160-kW\/218-PS-Motor. Zus\u00e4tzlich ist das Topmodell mit schwarzen 19-Zoll-Snowflake-R\u00e4dern und Brembo-Bremss\u00e4tteln in Racing Red vorne ausgestattet. Weitere hochwertige Merkmale sind das Devialet Hi-Fi-Audiosystem, die Michelin Pilot Sport 5 Reifen, die zweifarbige Innenausstattung in Nappaleder sowie das Alpine Telemetrics Premium Infotainmentsystem.<\/p>\n\n\n\n<p><strong>A290 GTS Premi\u00e8re \u00c9dition: 1\u2019955 exklusive Exemplare ab CHF 45&#8217;100.- [1]<\/strong><br>Zum Marktstart Ende des Jahres legt Alpine die A290 in einer limitierten Sonderserie auf. Speziell zur Markteinf\u00fchrung werden vier Limited Editions angeboten. Die &#171;Premi\u00e8re \u00c9dition&#187; in Noir Profond, sowie die Versionen &#171;Beta&#187;, inspiriert vom Showcar A290_\u03b2 mit kontrastierenden weissen und schwarzen Farben sowie &#171;La Grise&#187; und &#171;La Bleue&#187;. Insgesamt werden 1\u2018955 Exemplare der limitierten Sonderserie produziert, eine symbolische Zahl, die an das Jahr der Gr\u00fcndung von Alpine durch Jean R\u00e9d\u00e9l\u00e9 erinnert. Gemeinsam ist ihnen eine exklusive Lackierung, eine Sonderausstattung und eine Plakette an der Mittelkonsole.<\/p>\n\n\n\n<p><\/p>\n","protected":false},"excerpt":{"rendered":"<p>Umfassendes A290 Modellportfolio mit vier Versionen: A290 GT, A290 GT Premium, A290 GT Performance und A290 GTS<br \/>\nBatterie mit 52 kWh Kapazit\u00e4t, zwei E-Motorisierungen mit 130 kW\/177 PS oder 160 kW\/218 PS sowie bis zu 380 km WLTP-Reichweite<br \/>\nAuf 1\u2018955 Exemplare limitierte &#171;Premi\u00e8re \u00c9dition&#187; unterstreicht exklusiven Charakter des elektrischen Kompaktsportlers<br \/>\n16.09.2024 &#8211; Neue \u00c4ra f\u00fcr elektrische Sportlichkeit: Ab 16. September 2024 ist die neue Alpine A290 in vier Versionen und zu Preisen ab CHF 37\u2018700.- [1]<\/p>\n","protected":false},"author":1,"featured_media":38429,"comment_status":"closed","ping_status":"open","sticky":false,"template":"","format":"standard","meta":{"_acf_changed":false,"footnotes":""},"categories":[37,126,21],"tags":[],"class_list":["post-38431","post","type-post","status-publish","format-standard","has-post-thumbnail","hentry","category-a-la-une-de","category-actualite-alpine-de","category-unkategorisiert"],"acf":[],"yoast_head":"<!-- This site is optimized with the Yoast SEO plugin v27.5 - https:\/\/yoast.com\/product\/yoast-seo-wordpress\/ -->\n<title>Alpine A290: Besteller\u00f6ffnung und Preise f\u00fcr die Schweiz - RRG Suisse<\/title>\n<meta name=\"robots\" content=\"index, follow, max-snippet:-1, max-image-preview:large, max-video-preview:-1\" \/>\n<link rel=\"canonical\" href=\"https:\/\/rrgsuisse.ch\/de\/alpine-a290-bestelleroeffnung-und-preise-fuer-die-schweiz\" \/>\n<meta property=\"og:locale\" content=\"de_DE\" \/>\n<meta property=\"og:type\" content=\"article\" \/>\n<meta property=\"og:title\" content=\"Alpine A290: Besteller\u00f6ffnung und Preise f\u00fcr die Schweiz - RRG Suisse\" \/>\n<meta property=\"og:description\" content=\"Umfassendes A290 Modellportfolio mit vier Versionen: A290 GT, A290 GT Premium, A290 GT Performance und A290 GTS Batterie mit 52 kWh Kapazit\u00e4t, zwei E-Motorisierungen mit 130 kW\/177 PS oder 160 kW\/218 PS sowie bis zu 380 km WLTP-Reichweite Auf 1\u2018955 Exemplare limitierte &quot;Premi\u00e8re \u00c9dition&quot; unterstreicht exklusiven Charakter des elektrischen Kompaktsportlers 16.09.2024 - Neue \u00c4ra f\u00fcr elektrische Sportlichkeit: Ab 16. September 2024 ist die neue Alpine A290 in vier Versionen und zu Preisen ab CHF 37\u2018700.- [1]\" \/>\n<meta property=\"og:url\" content=\"https:\/\/rrgsuisse.ch\/de\/alpine-a290-bestelleroeffnung-und-preise-fuer-die-schweiz\" \/>\n<meta property=\"og:site_name\" content=\"RRG Suisse\" \/>\n<meta property=\"article:published_time\" content=\"2024-10-02T13:16:08+00:00\" \/>\n<meta property=\"article:modified_time\" content=\"2025-04-28T08:14:13+00:00\" \/>\n<meta property=\"og:image\" content=\"https:\/\/rrgsuisse.ch\/wp-content\/uploads\/2024\/10\/TEASER_R-DAM_1573493-1.jpg\" \/>\n\t<meta property=\"og:image:width\" content=\"1200\" \/>\n\t<meta property=\"og:image:height\" content=\"675\" \/>\n\t<meta property=\"og:image:type\" content=\"image\/jpeg\" \/>\n<meta name=\"author\" content=\"rrgsuisse\" \/>\n<meta name=\"twitter:card\" content=\"summary_large_image\" \/>\n<meta name=\"twitter:label1\" content=\"Geschrieben von\" \/>\n\t<meta name=\"twitter:data1\" content=\"rrgsuisse\" \/>\n\t<meta name=\"twitter:label2\" content=\"Gesch\u00e4tzte Lesezeit\" \/>\n\t<meta name=\"twitter:data2\" content=\"7\u00a0Minuten\" \/>\n<script type=\"application\/ld+json\" class=\"yoast-schema-graph\">{\"@context\":\"https:\\\/\\\/schema.org\",\"@graph\":[{\"@type\":\"Article\",\"@id\":\"https:\\\/\\\/rrgsuisse.ch\\\/de\\\/alpine-a290-bestelleroeffnung-und-preise-fuer-die-schweiz#article\",\"isPartOf\":{\"@id\":\"https:\\\/\\\/rrgsuisse.ch\\\/de\\\/alpine-a290-bestelleroeffnung-und-preise-fuer-die-schweiz\"},\"author\":{\"name\":\"rrgsuisse\",\"@id\":\"https:\\\/\\\/rrgsuisse.ch\\\/de#\\\/schema\\\/person\\\/3fb0fceb9f1a5bcb4c674661a09ea4f7\"},\"headline\":\"Alpine A290: Besteller\u00f6ffnung und Preise f\u00fcr die Schweiz\",\"datePublished\":\"2024-10-02T13:16:08+00:00\",\"dateModified\":\"2025-04-28T08:14:13+00:00\",\"mainEntityOfPage\":{\"@id\":\"https:\\\/\\\/rrgsuisse.ch\\\/de\\\/alpine-a290-bestelleroeffnung-und-preise-fuer-die-schweiz\"},\"wordCount\":1116,\"image\":{\"@id\":\"https:\\\/\\\/rrgsuisse.ch\\\/de\\\/alpine-a290-bestelleroeffnung-und-preise-fuer-die-schweiz#primaryimage\"},\"thumbnailUrl\":\"https:\\\/\\\/rrgsuisse.ch\\\/wp-content\\\/uploads\\\/2024\\\/10\\\/TEASER_R-DAM_1573493-1.jpg\",\"articleSection\":[\"A la une\",\"Actualit\u00e9 Alpine\",\"Unkategorisiert\"],\"inLanguage\":\"de-CH\"},{\"@type\":\"WebPage\",\"@id\":\"https:\\\/\\\/rrgsuisse.ch\\\/de\\\/alpine-a290-bestelleroeffnung-und-preise-fuer-die-schweiz\",\"url\":\"https:\\\/\\\/rrgsuisse.ch\\\/de\\\/alpine-a290-bestelleroeffnung-und-preise-fuer-die-schweiz\",\"name\":\"Alpine A290: Besteller\u00f6ffnung und Preise f\u00fcr die Schweiz - RRG Suisse\",\"isPartOf\":{\"@id\":\"https:\\\/\\\/rrgsuisse.ch\\\/de#website\"},\"primaryImageOfPage\":{\"@id\":\"https:\\\/\\\/rrgsuisse.ch\\\/de\\\/alpine-a290-bestelleroeffnung-und-preise-fuer-die-schweiz#primaryimage\"},\"image\":{\"@id\":\"https:\\\/\\\/rrgsuisse.ch\\\/de\\\/alpine-a290-bestelleroeffnung-und-preise-fuer-die-schweiz#primaryimage\"},\"thumbnailUrl\":\"https:\\\/\\\/rrgsuisse.ch\\\/wp-content\\\/uploads\\\/2024\\\/10\\\/TEASER_R-DAM_1573493-1.jpg\",\"datePublished\":\"2024-10-02T13:16:08+00:00\",\"dateModified\":\"2025-04-28T08:14:13+00:00\",\"author\":{\"@id\":\"https:\\\/\\\/rrgsuisse.ch\\\/de#\\\/schema\\\/person\\\/3fb0fceb9f1a5bcb4c674661a09ea4f7\"},\"breadcrumb\":{\"@id\":\"https:\\\/\\\/rrgsuisse.ch\\\/de\\\/alpine-a290-bestelleroeffnung-und-preise-fuer-die-schweiz#breadcrumb\"},\"inLanguage\":\"de-CH\",\"potentialAction\":[{\"@type\":\"ReadAction\",\"target\":[\"https:\\\/\\\/rrgsuisse.ch\\\/de\\\/alpine-a290-bestelleroeffnung-und-preise-fuer-die-schweiz\"]}]},{\"@type\":\"ImageObject\",\"inLanguage\":\"de-CH\",\"@id\":\"https:\\\/\\\/rrgsuisse.ch\\\/de\\\/alpine-a290-bestelleroeffnung-und-preise-fuer-die-schweiz#primaryimage\",\"url\":\"https:\\\/\\\/rrgsuisse.ch\\\/wp-content\\\/uploads\\\/2024\\\/10\\\/TEASER_R-DAM_1573493-1.jpg\",\"contentUrl\":\"https:\\\/\\\/rrgsuisse.ch\\\/wp-content\\\/uploads\\\/2024\\\/10\\\/TEASER_R-DAM_1573493-1.jpg\",\"width\":1200,\"height\":675},{\"@type\":\"BreadcrumbList\",\"@id\":\"https:\\\/\\\/rrgsuisse.ch\\\/de\\\/alpine-a290-bestelleroeffnung-und-preise-fuer-die-schweiz#breadcrumb\",\"itemListElement\":[{\"@type\":\"ListItem\",\"position\":1,\"name\":\"Home\",\"item\":\"https:\\\/\\\/rrgsuisse.ch\\\/de\"},{\"@type\":\"ListItem\",\"position\":2,\"name\":\"Alpine A290: Besteller\u00f6ffnung und Preise f\u00fcr die Schweiz\"}]},{\"@type\":\"WebSite\",\"@id\":\"https:\\\/\\\/rrgsuisse.ch\\\/de#website\",\"url\":\"https:\\\/\\\/rrgsuisse.ch\\\/de\",\"name\":\"RRG Suisse\",\"description\":\"Retail Renault Group - Revendeur officiel Renault, Dacia, Nissan\",\"potentialAction\":[{\"@type\":\"SearchAction\",\"target\":{\"@type\":\"EntryPoint\",\"urlTemplate\":\"https:\\\/\\\/rrgsuisse.ch\\\/de?s={search_term_string}\"},\"query-input\":{\"@type\":\"PropertyValueSpecification\",\"valueRequired\":true,\"valueName\":\"search_term_string\"}}],\"inLanguage\":\"de-CH\"},{\"@type\":\"Person\",\"@id\":\"https:\\\/\\\/rrgsuisse.ch\\\/de#\\\/schema\\\/person\\\/3fb0fceb9f1a5bcb4c674661a09ea4f7\",\"name\":\"rrgsuisse\",\"image\":{\"@type\":\"ImageObject\",\"inLanguage\":\"de-CH\",\"@id\":\"https:\\\/\\\/secure.gravatar.com\\\/avatar\\\/5e8e0f3f10010a38feb43e707770c4c97735143a26d51396eb4f3ea6bb49ed57?s=96&d=mm&r=g\",\"url\":\"https:\\\/\\\/secure.gravatar.com\\\/avatar\\\/5e8e0f3f10010a38feb43e707770c4c97735143a26d51396eb4f3ea6bb49ed57?s=96&d=mm&r=g\",\"contentUrl\":\"https:\\\/\\\/secure.gravatar.com\\\/avatar\\\/5e8e0f3f10010a38feb43e707770c4c97735143a26d51396eb4f3ea6bb49ed57?s=96&d=mm&r=g\",\"caption\":\"rrgsuisse\"},\"sameAs\":[\"https:\\\/\\\/rrgsuisse.ch\"],\"url\":\"https:\\\/\\\/rrgsuisse.ch\\\/de\\\/author\\\/rrgsuisse\"}]}<\/script>\n<!-- \/ Yoast SEO plugin. -->","yoast_head_json":{"title":"Alpine A290: Besteller\u00f6ffnung und Preise f\u00fcr die Schweiz - RRG Suisse","robots":{"index":"index","follow":"follow","max-snippet":"max-snippet:-1","max-image-preview":"max-image-preview:large","max-video-preview":"max-video-preview:-1"},"canonical":"https:\/\/rrgsuisse.ch\/de\/alpine-a290-bestelleroeffnung-und-preise-fuer-die-schweiz","og_locale":"de_DE","og_type":"article","og_title":"Alpine A290: Besteller\u00f6ffnung und Preise f\u00fcr die Schweiz - RRG Suisse","og_description":"Umfassendes A290 Modellportfolio mit vier Versionen: A290 GT, A290 GT Premium, A290 GT Performance und A290 GTS Batterie mit 52 kWh Kapazit\u00e4t, zwei E-Motorisierungen mit 130 kW\/177 PS oder 160 kW\/218 PS sowie bis zu 380 km WLTP-Reichweite Auf 1\u2018955 Exemplare limitierte \"Premi\u00e8re \u00c9dition\" unterstreicht exklusiven Charakter des elektrischen Kompaktsportlers 16.09.2024 - Neue \u00c4ra f\u00fcr elektrische Sportlichkeit: Ab 16. September 2024 ist die neue Alpine A290 in vier Versionen und zu Preisen ab CHF 37\u2018700.- [1]","og_url":"https:\/\/rrgsuisse.ch\/de\/alpine-a290-bestelleroeffnung-und-preise-fuer-die-schweiz","og_site_name":"RRG Suisse","article_published_time":"2024-10-02T13:16:08+00:00","article_modified_time":"2025-04-28T08:14:13+00:00","og_image":[{"width":1200,"height":675,"url":"https:\/\/rrgsuisse.ch\/wp-content\/uploads\/2024\/10\/TEASER_R-DAM_1573493-1.jpg","type":"image\/jpeg"}],"author":"rrgsuisse","twitter_card":"summary_large_image","twitter_misc":{"Geschrieben von":"rrgsuisse","Gesch\u00e4tzte Lesezeit":"7\u00a0Minuten"},"schema":{"@context":"https:\/\/schema.org","@graph":[{"@type":"Article","@id":"https:\/\/rrgsuisse.ch\/de\/alpine-a290-bestelleroeffnung-und-preise-fuer-die-schweiz#article","isPartOf":{"@id":"https:\/\/rrgsuisse.ch\/de\/alpine-a290-bestelleroeffnung-und-preise-fuer-die-schweiz"},"author":{"name":"rrgsuisse","@id":"https:\/\/rrgsuisse.ch\/de#\/schema\/person\/3fb0fceb9f1a5bcb4c674661a09ea4f7"},"headline":"Alpine A290: Besteller\u00f6ffnung und Preise f\u00fcr die Schweiz","datePublished":"2024-10-02T13:16:08+00:00","dateModified":"2025-04-28T08:14:13+00:00","mainEntityOfPage":{"@id":"https:\/\/rrgsuisse.ch\/de\/alpine-a290-bestelleroeffnung-und-preise-fuer-die-schweiz"},"wordCount":1116,"image":{"@id":"https:\/\/rrgsuisse.ch\/de\/alpine-a290-bestelleroeffnung-und-preise-fuer-die-schweiz#primaryimage"},"thumbnailUrl":"https:\/\/rrgsuisse.ch\/wp-content\/uploads\/2024\/10\/TEASER_R-DAM_1573493-1.jpg","articleSection":["A la une","Actualit\u00e9 Alpine","Unkategorisiert"],"inLanguage":"de-CH"},{"@type":"WebPage","@id":"https:\/\/rrgsuisse.ch\/de\/alpine-a290-bestelleroeffnung-und-preise-fuer-die-schweiz","url":"https:\/\/rrgsuisse.ch\/de\/alpine-a290-bestelleroeffnung-und-preise-fuer-die-schweiz","name":"Alpine A290: Besteller\u00f6ffnung und Preise f\u00fcr die Schweiz - RRG Suisse","isPartOf":{"@id":"https:\/\/rrgsuisse.ch\/de#website"},"primaryImageOfPage":{"@id":"https:\/\/rrgsuisse.ch\/de\/alpine-a290-bestelleroeffnung-und-preise-fuer-die-schweiz#primaryimage"},"image":{"@id":"https:\/\/rrgsuisse.ch\/de\/alpine-a290-bestelleroeffnung-und-preise-fuer-die-schweiz#primaryimage"},"thumbnailUrl":"https:\/\/rrgsuisse.ch\/wp-content\/uploads\/2024\/10\/TEASER_R-DAM_1573493-1.jpg","datePublished":"2024-10-02T13:16:08+00:00","dateModified":"2025-04-28T08:14:13+00:00","author":{"@id":"https:\/\/rrgsuisse.ch\/de#\/schema\/person\/3fb0fceb9f1a5bcb4c674661a09ea4f7"},"breadcrumb":{"@id":"https:\/\/rrgsuisse.ch\/de\/alpine-a290-bestelleroeffnung-und-preise-fuer-die-schweiz#breadcrumb"},"inLanguage":"de-CH","potentialAction":[{"@type":"ReadAction","target":["https:\/\/rrgsuisse.ch\/de\/alpine-a290-bestelleroeffnung-und-preise-fuer-die-schweiz"]}]},{"@type":"ImageObject","inLanguage":"de-CH","@id":"https:\/\/rrgsuisse.ch\/de\/alpine-a290-bestelleroeffnung-und-preise-fuer-die-schweiz#primaryimage","url":"https:\/\/rrgsuisse.ch\/wp-content\/uploads\/2024\/10\/TEASER_R-DAM_1573493-1.jpg","contentUrl":"https:\/\/rrgsuisse.ch\/wp-content\/uploads\/2024\/10\/TEASER_R-DAM_1573493-1.jpg","width":1200,"height":675},{"@type":"BreadcrumbList","@id":"https:\/\/rrgsuisse.ch\/de\/alpine-a290-bestelleroeffnung-und-preise-fuer-die-schweiz#breadcrumb","itemListElement":[{"@type":"ListItem","position":1,"name":"Home","item":"https:\/\/rrgsuisse.ch\/de"},{"@type":"ListItem","position":2,"name":"Alpine A290: Besteller\u00f6ffnung und Preise f\u00fcr die Schweiz"}]},{"@type":"WebSite","@id":"https:\/\/rrgsuisse.ch\/de#website","url":"https:\/\/rrgsuisse.ch\/de","name":"RRG Suisse","description":"Retail Renault Group - Revendeur officiel Renault, Dacia, Nissan","potentialAction":[{"@type":"SearchAction","target":{"@type":"EntryPoint","urlTemplate":"https:\/\/rrgsuisse.ch\/de?s={search_term_string}"},"query-input":{"@type":"PropertyValueSpecification","valueRequired":true,"valueName":"search_term_string"}}],"inLanguage":"de-CH"},{"@type":"Person","@id":"https:\/\/rrgsuisse.ch\/de#\/schema\/person\/3fb0fceb9f1a5bcb4c674661a09ea4f7","name":"rrgsuisse","image":{"@type":"ImageObject","inLanguage":"de-CH","@id":"https:\/\/secure.gravatar.com\/avatar\/5e8e0f3f10010a38feb43e707770c4c97735143a26d51396eb4f3ea6bb49ed57?s=96&d=mm&r=g","url":"https:\/\/secure.gravatar.com\/avatar\/5e8e0f3f10010a38feb43e707770c4c97735143a26d51396eb4f3ea6bb49ed57?s=96&d=mm&r=g","contentUrl":"https:\/\/secure.gravatar.com\/avatar\/5e8e0f3f10010a38feb43e707770c4c97735143a26d51396eb4f3ea6bb49ed57?s=96&d=mm&r=g","caption":"rrgsuisse"},"sameAs":["https:\/\/rrgsuisse.ch"],"url":"https:\/\/rrgsuisse.ch\/de\/author\/rrgsuisse"}]}},"wpml_current_locale":"de_CH","wpml_translations":[],"_links":{"self":[{"href":"https:\/\/rrgsuisse.ch\/de\/wp-json\/wp\/v2\/posts\/38431","targetHints":{"allow":["GET"]}}],"collection":[{"href":"https:\/\/rrgsuisse.ch\/de\/wp-json\/wp\/v2\/posts"}],"about":[{"href":"https:\/\/rrgsuisse.ch\/de\/wp-json\/wp\/v2\/types\/post"}],"author":[{"embeddable":true,"href":"https:\/\/rrgsuisse.ch\/de\/wp-json\/wp\/v2\/users\/1"}],"replies":[{"embeddable":true,"href":"https:\/\/rrgsuisse.ch\/de\/wp-json\/wp\/v2\/comments?post=38431"}],"version-history":[{"count":2,"href":"https:\/\/rrgsuisse.ch\/de\/wp-json\/wp\/v2\/posts\/38431\/revisions"}],"predecessor-version":[{"id":38434,"href":"https:\/\/rrgsuisse.ch\/de\/wp-json\/wp\/v2\/posts\/38431\/revisions\/38434"}],"wp:featuredmedia":[{"embeddable":true,"href":"https:\/\/rrgsuisse.ch\/de\/wp-json\/wp\/v2\/media\/38429"}],"wp:attachment":[{"href":"https:\/\/rrgsuisse.ch\/de\/wp-json\/wp\/v2\/media?parent=38431"}],"wp:term":[{"taxonomy":"category","embeddable":true,"href":"https:\/\/rrgsuisse.ch\/de\/wp-json\/wp\/v2\/categories?post=38431"},{"taxonomy":"post_tag","embeddable":true,"href":"https:\/\/rrgsuisse.ch\/de\/wp-json\/wp\/v2\/tags?post=38431"}],"curies":[{"name":"wp","href":"https:\/\/api.w.org\/{rel}","templated":true}]}}