{"id":39191,"date":"2024-12-05T14:16:48","date_gmt":"2024-12-05T13:16:48","guid":{"rendered":"https:\/\/rrgsuisse.ch\/renault-5-est-sacree-voiture-suisse-de-lannee-2025"},"modified":"2024-12-05T15:01:23","modified_gmt":"2024-12-05T14:01:23","slug":"der-renault-5-ist-schweizer-auto-des-jahres-2025","status":"publish","type":"post","link":"https:\/\/rrgsuisse.ch\/de\/der-renault-5-ist-schweizer-auto-des-jahres-2025","title":{"rendered":"Der Renault 5 ist Schweizer Auto des Jahres 2025"},"content":{"rendered":"\n<p><strong>Urdorf, 3. Dezember 2024<\/strong>&nbsp;\u2013 Vorhang auf f\u00fcr das Schweizer Auto des Jahres 2025, den Renault 5 E-Tech electric: die 15-k\u00f6pfige Fachjury, die sich aus Expertinnen und Experten zum Thema Auto und Mobilit\u00e4t zusammensetzt, hat das elektrische City-Car am 2. Dezember an der Preisverleihung im Classic Car Center in Safenwil mit 18,9% der Jury-Punkte zum klaren Gewinner der 10 Finalisten gek\u00fcrt. Insgesamt standen 36 Modelle zur Wahl aus denen die Jury 10 Finalisten bestimmt hatte.<\/p>\n\n\n\n<p>Die Jury \u00fcberzeugte \u00abdas Gesamtpaket aus kompakten Abmessungen, pfiffigen Details \u00e0 la fran\u00e7aise und drei Motorversionen zwischen 95 und 150 PS. Vollvernetzung und emissionsfreie Antriebe, aber nostalgisches Feeling \u2013 so wird E-Mobilit\u00e4t emotional.\u00bb<\/p>\n\n\n\n<p>Der Renault 5 \u00fcberzeugte auch in der Publikumswahl \u2013 in der 44 Modellneuheiten teilnahmen &#8211; einerseits durch sein gelungenes retro-futuristisches Design, das klar an die Ikone aus den 70er Jahren erinnert, aber vor allem auch durch seine Fahrdynamik und innovative Technik, inklusive Multimediaystem mit Google Integration sowie dem digitalen Avatar Reno, unterst\u00fctzt durch Chat-GPT. Der Renault 5 E-Tech electric erreichte den 2. Platz in der Publikumswahl mit 6,3% der Punkte, die die rund 10&#8217;000 Teilnehmer*innen vergeben hatten.<\/p>\n\n\n\n<p><strong>Claudia Meyer, Managing Director Renault Group Schweiz:<\/strong><em>\u00abDie gesamte Renault Group, das Team der Renault Group Schweiz und die Schweizer H\u00e4ndler freuen sich sehr \u00fcber diese tolle Auszeichnung der Fachjury und des Publikums f\u00fcr den Renault 5 E-Tech electric. Der R5 ist im November im Schweizer Handel eingetroffen und kann jetzt von allen Interessierten jederzeit Probe gefahren werden.\u00bb<\/em><\/p>\n\n\n\n<p><strong>Renault 5 \u2013 Wiedergeburt einer Ikone<\/strong><br>Mit seinem auff\u00e4lligen Design, das die Merkmale des Originalmodells klar wiedererkennen l\u00e4sst, wird der Renault 5 E-Tech electric zweifelsohne die Aufmerksamkeit auf sich ziehen, nicht zuletzt auch aufgrund der modernen Proportionen, seiner 18-Zoll-R\u00e4der und der poppigen Farben.<\/p>\n\n\n\n<p>Das auf der Elektroplattform AmpR Small entwickelte Auto bietet ein lebendiges Fahrerlebnis und erm\u00f6glicht einen elektrischen Lebensstil mit Technologien, die in diesem Segment neue Massst\u00e4be setzen: eine pr\u00e4zise Lenkung mit extrem kurzer Lenk\u00fcbersetzung, 26 Fahrassistenzsysteme inkl. autonomes Fahren Level 2, situationsabh\u00e4ngige Geschwindigkeitsregelung und Personalisierung der Assistenzsysteme durch den MySafety Button. Die Ladestopp-Planung mit Batterie-Vorkonditionierung und Google Navigation sowie Innenraumtemperatur-Regelung durch W\u00e4rmepumpe erh\u00f6hen den Komfort.<\/p>\n\n\n\n<p>Mit dem 150 PS-Motor und der grossen 52-kWh-Lithium-Ionen-Batterie mit NMC-Kathode (NickelMangan-Kobalt) betr\u00e4gt die WLTP-Reichweite des Renault 5 bis zu 410 Kilometer. Sein geringes Gewicht von nur 1&#8217;450 kg, sein tiefer Schwerpunkt, die hohe Agilit\u00e4t durch die Mehrlenker-Hinterachse und sein kleiner Wendekreis von 10,3m erh\u00f6hen den Fahrspass.<\/p>\n\n\n\n<p>Laden kann er mit 100 kW an DC-Schnellladestationen oder mit 11 kW an AC-Ladestationen. Im neuen Jahr wird das Laden mit Plug &amp; Charge m\u00f6glich sein, ganz ohne den Mobilize Charge Pass an die Lades\u00e4ule halten zu m\u00fcssen.<\/p>\n\n\n\n<p>Der duale horizontale Bildschirm zeigt Fahr- und Navi-Informationen und das OpenR link Multimediasystem mit Google Integration, mit bis zu 50 Apps, den Avatar Reno und ChatGPT. Die meisten Funktionen sind aber auch \u00fcber Voice Control zu bedienen. Ein Safety Score und Coach unterst\u00fctzen eine verantwortungsvolle Fahrweise.<\/p>\n\n\n\n<p>Die Montage des nachhaltig produzierten R5 (aus 26,4% Recyling-Materialien aus der Kreislaufwirtschaft) und der Batterien erfolgt im Werk Douai, in Frankreich, dem Produktionsstandort des urspr\u00fcnglichen Renault 5. Mehr Infos zum Renault 5 finden Sie im&nbsp;<a target=\"_blank\" href=\"https:\/\/media.renault.ch\/de\/10656\/article\/21904\" rel=\"noreferrer noopener\">Pressedossier.<\/a><\/p>\n","protected":false},"excerpt":{"rendered":"<p>Der Renault 5 E-Tech electric ist von der Fachjury zum Schweizer Auto des Jahres 2025 gek\u00fcrt worden und hat bei der Publikumswahl den 2. Platz erreicht<br \/>\nDas charmante Elektroauto ist ein Winner der Herzen!<br \/>\nDie retro-moderne Ikone steht bei den Schweizer H\u00e4ndlern f\u00fcr Probefahrten bereit<br \/>\nEr ist zus\u00e4tzlich Finalist f\u00fcr das Internationale Auto des Jahres 2025 und k\u00f6nnte den Renault Scenic E-Tech electric beerben, der diesen Titel 2024 erhalten hat<\/p>\n","protected":false},"author":1,"featured_media":39185,"comment_status":"closed","ping_status":"open","sticky":false,"template":"","format":"standard","meta":{"_acf_changed":false,"footnotes":""},"categories":[37],"tags":[],"class_list":["post-39191","post","type-post","status-publish","format-standard","has-post-thumbnail","hentry","category-a-la-une-de"],"acf":[],"yoast_head":"<!-- This site is optimized with the Yoast SEO plugin v27.5 - https:\/\/yoast.com\/product\/yoast-seo-wordpress\/ -->\n<title>Der Renault 5 ist Schweizer Auto des Jahres 2025 - RRG Suisse<\/title>\n<meta name=\"robots\" content=\"index, follow, max-snippet:-1, max-image-preview:large, max-video-preview:-1\" \/>\n<link rel=\"canonical\" href=\"https:\/\/rrgsuisse.ch\/de\/der-renault-5-ist-schweizer-auto-des-jahres-2025\" \/>\n<meta property=\"og:locale\" content=\"de_DE\" \/>\n<meta property=\"og:type\" content=\"article\" \/>\n<meta property=\"og:title\" content=\"Der Renault 5 ist Schweizer Auto des Jahres 2025 - RRG Suisse\" \/>\n<meta property=\"og:description\" content=\"Der Renault 5 E-Tech electric ist von der Fachjury zum Schweizer Auto des Jahres 2025 gek\u00fcrt worden und hat bei der Publikumswahl den 2. Platz erreicht Das charmante Elektroauto ist ein Winner der Herzen! Die retro-moderne Ikone steht bei den Schweizer H\u00e4ndlern f\u00fcr Probefahrten bereit Er ist zus\u00e4tzlich Finalist f\u00fcr das Internationale Auto des Jahres 2025 und k\u00f6nnte den Renault Scenic E-Tech electric beerben, der diesen Titel 2024 erhalten hat\" \/>\n<meta property=\"og:url\" content=\"https:\/\/rrgsuisse.ch\/de\/der-renault-5-ist-schweizer-auto-des-jahres-2025\" \/>\n<meta property=\"og:site_name\" content=\"RRG Suisse\" \/>\n<meta property=\"article:published_time\" content=\"2024-12-05T13:16:48+00:00\" \/>\n<meta property=\"article:modified_time\" content=\"2024-12-05T14:01:23+00:00\" \/>\n<meta property=\"og:image\" content=\"https:\/\/rrgsuisse.ch\/wp-content\/uploads\/2024\/12\/Claudia-Meyer_MD_R5_Schweizer-Auto-des-Jahres-2025_2024-12-02_final.jpg\" \/>\n\t<meta property=\"og:image:width\" content=\"1200\" \/>\n\t<meta property=\"og:image:height\" content=\"750\" \/>\n\t<meta property=\"og:image:type\" content=\"image\/jpeg\" \/>\n<meta name=\"author\" content=\"rrgsuisse\" \/>\n<meta name=\"twitter:card\" content=\"summary_large_image\" \/>\n<meta name=\"twitter:label1\" content=\"Geschrieben von\" \/>\n\t<meta name=\"twitter:data1\" content=\"rrgsuisse\" \/>\n\t<meta name=\"twitter:label2\" content=\"Gesch\u00e4tzte Lesezeit\" \/>\n\t<meta name=\"twitter:data2\" content=\"4\u00a0Minuten\" \/>\n<script type=\"application\/ld+json\" class=\"yoast-schema-graph\">{\"@context\":\"https:\\\/\\\/schema.org\",\"@graph\":[{\"@type\":\"Article\",\"@id\":\"https:\\\/\\\/rrgsuisse.ch\\\/de\\\/der-renault-5-ist-schweizer-auto-des-jahres-2025#article\",\"isPartOf\":{\"@id\":\"https:\\\/\\\/rrgsuisse.ch\\\/de\\\/der-renault-5-ist-schweizer-auto-des-jahres-2025\"},\"author\":{\"name\":\"rrgsuisse\",\"@id\":\"https:\\\/\\\/rrgsuisse.ch\\\/de#\\\/schema\\\/person\\\/3fb0fceb9f1a5bcb4c674661a09ea4f7\"},\"headline\":\"Der Renault 5 ist Schweizer Auto des Jahres 2025\",\"datePublished\":\"2024-12-05T13:16:48+00:00\",\"dateModified\":\"2024-12-05T14:01:23+00:00\",\"mainEntityOfPage\":{\"@id\":\"https:\\\/\\\/rrgsuisse.ch\\\/de\\\/der-renault-5-ist-schweizer-auto-des-jahres-2025\"},\"wordCount\":516,\"image\":{\"@id\":\"https:\\\/\\\/rrgsuisse.ch\\\/de\\\/der-renault-5-ist-schweizer-auto-des-jahres-2025#primaryimage\"},\"thumbnailUrl\":\"https:\\\/\\\/rrgsuisse.ch\\\/wp-content\\\/uploads\\\/2024\\\/12\\\/Claudia-Meyer_MD_R5_Schweizer-Auto-des-Jahres-2025_2024-12-02_final.jpg\",\"articleSection\":[\"A la une\"],\"inLanguage\":\"de-CH\"},{\"@type\":\"WebPage\",\"@id\":\"https:\\\/\\\/rrgsuisse.ch\\\/de\\\/der-renault-5-ist-schweizer-auto-des-jahres-2025\",\"url\":\"https:\\\/\\\/rrgsuisse.ch\\\/de\\\/der-renault-5-ist-schweizer-auto-des-jahres-2025\",\"name\":\"Der Renault 5 ist Schweizer Auto des Jahres 2025 - RRG Suisse\",\"isPartOf\":{\"@id\":\"https:\\\/\\\/rrgsuisse.ch\\\/de#website\"},\"primaryImageOfPage\":{\"@id\":\"https:\\\/\\\/rrgsuisse.ch\\\/de\\\/der-renault-5-ist-schweizer-auto-des-jahres-2025#primaryimage\"},\"image\":{\"@id\":\"https:\\\/\\\/rrgsuisse.ch\\\/de\\\/der-renault-5-ist-schweizer-auto-des-jahres-2025#primaryimage\"},\"thumbnailUrl\":\"https:\\\/\\\/rrgsuisse.ch\\\/wp-content\\\/uploads\\\/2024\\\/12\\\/Claudia-Meyer_MD_R5_Schweizer-Auto-des-Jahres-2025_2024-12-02_final.jpg\",\"datePublished\":\"2024-12-05T13:16:48+00:00\",\"dateModified\":\"2024-12-05T14:01:23+00:00\",\"author\":{\"@id\":\"https:\\\/\\\/rrgsuisse.ch\\\/de#\\\/schema\\\/person\\\/3fb0fceb9f1a5bcb4c674661a09ea4f7\"},\"breadcrumb\":{\"@id\":\"https:\\\/\\\/rrgsuisse.ch\\\/de\\\/der-renault-5-ist-schweizer-auto-des-jahres-2025#breadcrumb\"},\"inLanguage\":\"de-CH\",\"potentialAction\":[{\"@type\":\"ReadAction\",\"target\":[\"https:\\\/\\\/rrgsuisse.ch\\\/de\\\/der-renault-5-ist-schweizer-auto-des-jahres-2025\"]}]},{\"@type\":\"ImageObject\",\"inLanguage\":\"de-CH\",\"@id\":\"https:\\\/\\\/rrgsuisse.ch\\\/de\\\/der-renault-5-ist-schweizer-auto-des-jahres-2025#primaryimage\",\"url\":\"https:\\\/\\\/rrgsuisse.ch\\\/wp-content\\\/uploads\\\/2024\\\/12\\\/Claudia-Meyer_MD_R5_Schweizer-Auto-des-Jahres-2025_2024-12-02_final.jpg\",\"contentUrl\":\"https:\\\/\\\/rrgsuisse.ch\\\/wp-content\\\/uploads\\\/2024\\\/12\\\/Claudia-Meyer_MD_R5_Schweizer-Auto-des-Jahres-2025_2024-12-02_final.jpg\",\"width\":1200,\"height\":750},{\"@type\":\"BreadcrumbList\",\"@id\":\"https:\\\/\\\/rrgsuisse.ch\\\/de\\\/der-renault-5-ist-schweizer-auto-des-jahres-2025#breadcrumb\",\"itemListElement\":[{\"@type\":\"ListItem\",\"position\":1,\"name\":\"Home\",\"item\":\"https:\\\/\\\/rrgsuisse.ch\\\/de\"},{\"@type\":\"ListItem\",\"position\":2,\"name\":\"Der Renault 5 ist Schweizer Auto des Jahres 2025\"}]},{\"@type\":\"WebSite\",\"@id\":\"https:\\\/\\\/rrgsuisse.ch\\\/de#website\",\"url\":\"https:\\\/\\\/rrgsuisse.ch\\\/de\",\"name\":\"RRG Suisse\",\"description\":\"Retail Renault Group - Revendeur officiel Renault, Dacia, Nissan\",\"potentialAction\":[{\"@type\":\"SearchAction\",\"target\":{\"@type\":\"EntryPoint\",\"urlTemplate\":\"https:\\\/\\\/rrgsuisse.ch\\\/de?s={search_term_string}\"},\"query-input\":{\"@type\":\"PropertyValueSpecification\",\"valueRequired\":true,\"valueName\":\"search_term_string\"}}],\"inLanguage\":\"de-CH\"},{\"@type\":\"Person\",\"@id\":\"https:\\\/\\\/rrgsuisse.ch\\\/de#\\\/schema\\\/person\\\/3fb0fceb9f1a5bcb4c674661a09ea4f7\",\"name\":\"rrgsuisse\",\"image\":{\"@type\":\"ImageObject\",\"inLanguage\":\"de-CH\",\"@id\":\"https:\\\/\\\/secure.gravatar.com\\\/avatar\\\/5e8e0f3f10010a38feb43e707770c4c97735143a26d51396eb4f3ea6bb49ed57?s=96&d=mm&r=g\",\"url\":\"https:\\\/\\\/secure.gravatar.com\\\/avatar\\\/5e8e0f3f10010a38feb43e707770c4c97735143a26d51396eb4f3ea6bb49ed57?s=96&d=mm&r=g\",\"contentUrl\":\"https:\\\/\\\/secure.gravatar.com\\\/avatar\\\/5e8e0f3f10010a38feb43e707770c4c97735143a26d51396eb4f3ea6bb49ed57?s=96&d=mm&r=g\",\"caption\":\"rrgsuisse\"},\"sameAs\":[\"https:\\\/\\\/rrgsuisse.ch\"],\"url\":\"https:\\\/\\\/rrgsuisse.ch\\\/de\\\/author\\\/rrgsuisse\"}]}<\/script>\n<!-- \/ Yoast SEO plugin. -->","yoast_head_json":{"title":"Der Renault 5 ist Schweizer Auto des Jahres 2025 - RRG Suisse","robots":{"index":"index","follow":"follow","max-snippet":"max-snippet:-1","max-image-preview":"max-image-preview:large","max-video-preview":"max-video-preview:-1"},"canonical":"https:\/\/rrgsuisse.ch\/de\/der-renault-5-ist-schweizer-auto-des-jahres-2025","og_locale":"de_DE","og_type":"article","og_title":"Der Renault 5 ist Schweizer Auto des Jahres 2025 - RRG Suisse","og_description":"Der Renault 5 E-Tech electric ist von der Fachjury zum Schweizer Auto des Jahres 2025 gek\u00fcrt worden und hat bei der Publikumswahl den 2. Platz erreicht Das charmante Elektroauto ist ein Winner der Herzen! Die retro-moderne Ikone steht bei den Schweizer H\u00e4ndlern f\u00fcr Probefahrten bereit Er ist zus\u00e4tzlich Finalist f\u00fcr das Internationale Auto des Jahres 2025 und k\u00f6nnte den Renault Scenic E-Tech electric beerben, der diesen Titel 2024 erhalten hat","og_url":"https:\/\/rrgsuisse.ch\/de\/der-renault-5-ist-schweizer-auto-des-jahres-2025","og_site_name":"RRG Suisse","article_published_time":"2024-12-05T13:16:48+00:00","article_modified_time":"2024-12-05T14:01:23+00:00","og_image":[{"width":1200,"height":750,"url":"https:\/\/rrgsuisse.ch\/wp-content\/uploads\/2024\/12\/Claudia-Meyer_MD_R5_Schweizer-Auto-des-Jahres-2025_2024-12-02_final.jpg","type":"image\/jpeg"}],"author":"rrgsuisse","twitter_card":"summary_large_image","twitter_misc":{"Geschrieben von":"rrgsuisse","Gesch\u00e4tzte Lesezeit":"4\u00a0Minuten"},"schema":{"@context":"https:\/\/schema.org","@graph":[{"@type":"Article","@id":"https:\/\/rrgsuisse.ch\/de\/der-renault-5-ist-schweizer-auto-des-jahres-2025#article","isPartOf":{"@id":"https:\/\/rrgsuisse.ch\/de\/der-renault-5-ist-schweizer-auto-des-jahres-2025"},"author":{"name":"rrgsuisse","@id":"https:\/\/rrgsuisse.ch\/de#\/schema\/person\/3fb0fceb9f1a5bcb4c674661a09ea4f7"},"headline":"Der Renault 5 ist Schweizer Auto des Jahres 2025","datePublished":"2024-12-05T13:16:48+00:00","dateModified":"2024-12-05T14:01:23+00:00","mainEntityOfPage":{"@id":"https:\/\/rrgsuisse.ch\/de\/der-renault-5-ist-schweizer-auto-des-jahres-2025"},"wordCount":516,"image":{"@id":"https:\/\/rrgsuisse.ch\/de\/der-renault-5-ist-schweizer-auto-des-jahres-2025#primaryimage"},"thumbnailUrl":"https:\/\/rrgsuisse.ch\/wp-content\/uploads\/2024\/12\/Claudia-Meyer_MD_R5_Schweizer-Auto-des-Jahres-2025_2024-12-02_final.jpg","articleSection":["A la une"],"inLanguage":"de-CH"},{"@type":"WebPage","@id":"https:\/\/rrgsuisse.ch\/de\/der-renault-5-ist-schweizer-auto-des-jahres-2025","url":"https:\/\/rrgsuisse.ch\/de\/der-renault-5-ist-schweizer-auto-des-jahres-2025","name":"Der Renault 5 ist Schweizer Auto des Jahres 2025 - RRG Suisse","isPartOf":{"@id":"https:\/\/rrgsuisse.ch\/de#website"},"primaryImageOfPage":{"@id":"https:\/\/rrgsuisse.ch\/de\/der-renault-5-ist-schweizer-auto-des-jahres-2025#primaryimage"},"image":{"@id":"https:\/\/rrgsuisse.ch\/de\/der-renault-5-ist-schweizer-auto-des-jahres-2025#primaryimage"},"thumbnailUrl":"https:\/\/rrgsuisse.ch\/wp-content\/uploads\/2024\/12\/Claudia-Meyer_MD_R5_Schweizer-Auto-des-Jahres-2025_2024-12-02_final.jpg","datePublished":"2024-12-05T13:16:48+00:00","dateModified":"2024-12-05T14:01:23+00:00","author":{"@id":"https:\/\/rrgsuisse.ch\/de#\/schema\/person\/3fb0fceb9f1a5bcb4c674661a09ea4f7"},"breadcrumb":{"@id":"https:\/\/rrgsuisse.ch\/de\/der-renault-5-ist-schweizer-auto-des-jahres-2025#breadcrumb"},"inLanguage":"de-CH","potentialAction":[{"@type":"ReadAction","target":["https:\/\/rrgsuisse.ch\/de\/der-renault-5-ist-schweizer-auto-des-jahres-2025"]}]},{"@type":"ImageObject","inLanguage":"de-CH","@id":"https:\/\/rrgsuisse.ch\/de\/der-renault-5-ist-schweizer-auto-des-jahres-2025#primaryimage","url":"https:\/\/rrgsuisse.ch\/wp-content\/uploads\/2024\/12\/Claudia-Meyer_MD_R5_Schweizer-Auto-des-Jahres-2025_2024-12-02_final.jpg","contentUrl":"https:\/\/rrgsuisse.ch\/wp-content\/uploads\/2024\/12\/Claudia-Meyer_MD_R5_Schweizer-Auto-des-Jahres-2025_2024-12-02_final.jpg","width":1200,"height":750},{"@type":"BreadcrumbList","@id":"https:\/\/rrgsuisse.ch\/de\/der-renault-5-ist-schweizer-auto-des-jahres-2025#breadcrumb","itemListElement":[{"@type":"ListItem","position":1,"name":"Home","item":"https:\/\/rrgsuisse.ch\/de"},{"@type":"ListItem","position":2,"name":"Der Renault 5 ist Schweizer Auto des Jahres 2025"}]},{"@type":"WebSite","@id":"https:\/\/rrgsuisse.ch\/de#website","url":"https:\/\/rrgsuisse.ch\/de","name":"RRG Suisse","description":"Retail Renault Group - Revendeur officiel Renault, Dacia, Nissan","potentialAction":[{"@type":"SearchAction","target":{"@type":"EntryPoint","urlTemplate":"https:\/\/rrgsuisse.ch\/de?s={search_term_string}"},"query-input":{"@type":"PropertyValueSpecification","valueRequired":true,"valueName":"search_term_string"}}],"inLanguage":"de-CH"},{"@type":"Person","@id":"https:\/\/rrgsuisse.ch\/de#\/schema\/person\/3fb0fceb9f1a5bcb4c674661a09ea4f7","name":"rrgsuisse","image":{"@type":"ImageObject","inLanguage":"de-CH","@id":"https:\/\/secure.gravatar.com\/avatar\/5e8e0f3f10010a38feb43e707770c4c97735143a26d51396eb4f3ea6bb49ed57?s=96&d=mm&r=g","url":"https:\/\/secure.gravatar.com\/avatar\/5e8e0f3f10010a38feb43e707770c4c97735143a26d51396eb4f3ea6bb49ed57?s=96&d=mm&r=g","contentUrl":"https:\/\/secure.gravatar.com\/avatar\/5e8e0f3f10010a38feb43e707770c4c97735143a26d51396eb4f3ea6bb49ed57?s=96&d=mm&r=g","caption":"rrgsuisse"},"sameAs":["https:\/\/rrgsuisse.ch"],"url":"https:\/\/rrgsuisse.ch\/de\/author\/rrgsuisse"}]}},"wpml_current_locale":"de_CH","wpml_translations":[],"_links":{"self":[{"href":"https:\/\/rrgsuisse.ch\/de\/wp-json\/wp\/v2\/posts\/39191","targetHints":{"allow":["GET"]}}],"collection":[{"href":"https:\/\/rrgsuisse.ch\/de\/wp-json\/wp\/v2\/posts"}],"about":[{"href":"https:\/\/rrgsuisse.ch\/de\/wp-json\/wp\/v2\/types\/post"}],"author":[{"embeddable":true,"href":"https:\/\/rrgsuisse.ch\/de\/wp-json\/wp\/v2\/users\/1"}],"replies":[{"embeddable":true,"href":"https:\/\/rrgsuisse.ch\/de\/wp-json\/wp\/v2\/comments?post=39191"}],"version-history":[{"count":2,"href":"https:\/\/rrgsuisse.ch\/de\/wp-json\/wp\/v2\/posts\/39191\/revisions"}],"predecessor-version":[{"id":39194,"href":"https:\/\/rrgsuisse.ch\/de\/wp-json\/wp\/v2\/posts\/39191\/revisions\/39194"}],"wp:featuredmedia":[{"embeddable":true,"href":"https:\/\/rrgsuisse.ch\/de\/wp-json\/wp\/v2\/media\/39185"}],"wp:attachment":[{"href":"https:\/\/rrgsuisse.ch\/de\/wp-json\/wp\/v2\/media?parent=39191"}],"wp:term":[{"taxonomy":"category","embeddable":true,"href":"https:\/\/rrgsuisse.ch\/de\/wp-json\/wp\/v2\/categories?post=39191"},{"taxonomy":"post_tag","embeddable":true,"href":"https:\/\/rrgsuisse.ch\/de\/wp-json\/wp\/v2\/tags?post=39191"}],"curies":[{"name":"wp","href":"https:\/\/api.w.org\/{rel}","templated":true}]}}