{"id":40437,"date":"2025-01-14T09:12:00","date_gmt":"2025-01-14T08:12:00","guid":{"rendered":"https:\/\/rrgsuisse.ch\/renault-5-e-tech-electric-voiture-de-lannee-2025"},"modified":"2025-01-14T09:18:33","modified_gmt":"2025-01-14T08:18:33","slug":"renault-5-e-tech-electric-voiture-de-lannee-2025","status":"publish","type":"post","link":"https:\/\/rrgsuisse.ch\/de\/renault-5-e-tech-electric-voiture-de-lannee-2025","title":{"rendered":"Renault 5 E-Tech electric und Alpine A290 sind &#171;Car of the Year 2025&#187;"},"content":{"rendered":"\n<p>Der Renault 5 E-Tech electric und die Alpine A290 sind zum Car of the Year 2025 in Europa gek\u00fcrt worden. Die beiden Elektrofahrzeuge der Renault Group wurden am Freitag, den 10. Januar, im Rahmen des Br\u00fcsseler Automobilsalons mit dem renommiertesten europ\u00e4ischen Automobilpreis ausgezeichnet.<\/p>\n\n\n\n<p>Die Wahl zum Car of the Year 2025 unterstreicht die Bedeutung der Elektrifizierungsstrategie der Renault Group und die Qualit\u00e4t der neuen Baureihen von Renault und Alpine, die im Rahmen des Renaulution-Plans entwickelt wurden. Beide Modelle basieren auf der neuen AmpR Small Plattform des Konzerns: Sie sorgt f\u00fcr einen hohen Kundennutzen und bietet gleichzeitig jeder Marke die Freiheit, ihr jeweiliges Modell bei Design, Entwicklung, Onboard-Technologien und Kundenerlebnis eigenst\u00e4ndig zu positionieren.<\/p>\n\n\n\n<p><strong>Zweiter Titel in Folge f\u00fcr Renault<\/strong><br>Der Renault 5 E-Tech electric war im November gemeinsam mit der Alpine A290 als einer von sieben Finalisten f\u00fcr die prestigetr\u00e4chtige Auszeichnung nominiert worden. Neben den beiden Modellen der Renault Group schafften es die Modelle Alfa Romeo Junior, Citro\u00ebn \u00eb-C3\/C3, Cupra Terramar, Dacia Duster, Hyundai Inster und Kia EV3 ins Finale.<\/p>\n\n\n\n<p>Das Siegerduo wurde von einer Jury aus 60 Automobiljournalistinnen und -journalisten aus 23 L\u00e4ndern gew\u00e4hlt. Der Renault 5 E-Tech electric und die Alpine A290 belegten mit 353 Punkten den ersten Platz. Die neue Elektro-Ikone von Renault macht damit den zweiten Sieg in Folge f\u00fcr Renault perfekt; im vergangenen Jahr war der Scenic E-Tech Electric zum \u201eCar of the Year\u201c gew\u00e4hlt worden. Insgesamt hat die Marke nach dem Renault 16 (1966), dem Renault 9 (1982), dem Clio I (1991), dem Scenic (1997), dem Megane (2003), dem Clio III (2006) und dem Scenic E-Tech Electric (2024) nun zum achten Mal den wichtigsten Autopreis Europas gewonnen.<\/p>\n\n\n\n<p><em>\u00abInnerhalb der Renault Group, der Marke Renault und von Ampere sind wir alle sehr stolz darauf, zum zweiten Mal in Folge die prestigetr\u00e4chtige Auszeichnung Car of the Year erhalten zu haben\u00bb<\/em>, sagte&nbsp;<strong>Fabrice Cambolive, CEO der Marke Renault<\/strong>.&nbsp;<em>\u00abDer Renault 5 E-Tech electric ist ein echter Wegbereiter in Europa. Er macht Elektrofahrzeuge begehrenswert, weckt Emotionen und bietet zugleich einen echten Mehrwert f\u00fcr unsere Kunden. Wenn es ein Auto gibt, das das Potenzial hat, den Markt f\u00fcr Elektrofahrzeuge zu ver\u00e4ndern, dann ist es dieses.\u00bb<\/em><\/p>\n\n\n\n<p><strong>R5, Beschleuniger der Elektrifizierung<\/strong><br>Mit dem neuen Renault 5 E-Tech electric hat der franz\u00f6sische Automobilhersteller seinen legend\u00e4ren Kleinwagen als eine rein elektrische Version neu erfunden, um die Elektrifizierung des europ\u00e4ischen Marktes zu beschleunigen. Der Renault 5 E-Tech electric macht Elektromobilit\u00e4t begehrenswert: Er besticht durch ein einzigartiges retro-futuristisches Design und ein intuitives Fahrerlebnis \u2013 erm\u00f6glicht durch elektrische und digitale Technologien.<\/p>\n\n\n\n<p>In der Schweiz ist der Renault 5 E-Tech electric aktuell in zwei Batterieversionen und drei Ausstattungslinien erh\u00e4ltlich, in diesem Jahr werden zudem die neue Einstiegsversion Five zu einem Preis ab 24\u2018900 CHF sowie das stylische Sondermodell Roland-Garros eingef\u00fchrt. Das Fahrzeug wird im Rahmen eines nachhaltigen Produktionssystems im nordfranz\u00f6sischen Ampere Werk ElectriCity gebaut und verf\u00fcgt \u00fcber alle Voraussetzungen, um sich als Referenzfahrzeug f\u00fcr die Energiewende zu etablieren.<\/p>\n\n\n\n<p>Seit mehr als zw\u00f6lf Jahren ist Renault bestrebt, die Elektromobilit\u00e4t f\u00fcr alle zug\u00e4nglich zu machen. Nach der Einf\u00fchrung des Megane E-Tech electric und des Scenic E-Tech electric im C-Segment erweitert Renault sein Elektroangebot mit dem Renault 5 E-Tech electric und dem f\u00fcr 2025 angek\u00fcndigten Renault 4 E-Tech electric auf das B-Segment. Renault 5 und Renault 4 tragen entscheidend dazu bei, die Verbreitung von Elektrofahrzeugen zu beschleunigen und die Position von Renault als Vorreiter in der neuen \u00c4ra der nachhaltigen Mobilit\u00e4t zu st\u00e4rken.<\/p>\n","protected":false},"excerpt":{"rendered":"<p>Renault 5 E-Tech electric und Alpine A290 gewinnen an der Verleihung im Rahmen der Br\u00fcssel Motor Show 2025 als Duo den prestigetr\u00e4chtigen Titel \u201eAuto des Jahres 2025\u201c, der von der europ\u00e4ischen Jury \u201ethe Car of the Year\u201c vergeben wird.<br \/>\nZweiter Titel in Folge f\u00fcr Renault nach dem Sieg des Sc\u00e9nic E-Tech electric im Jahr 2024 und eine grosse Premiere f\u00fcr Alpine.<br \/>\nDer Renault 5 E-Tech electric ist das achte Fahrzeug der Marke, das die Auszeichnung gewinnt.<br \/>\nDer Renault 5 E-Tech electric und der Alpine A290 wurden auf der gleichen, in Europa einzigartigen Ampere-Plattform AmpR Small entwickelt.<br \/>\nDie vollelektrischen Kleinwagen treiben die Elektrifizierung der Mobilit\u00e4t voran.<br \/>\nNeue Einstiegsversion \u201eFive\u201c des Renault 5 E-Tech electric ab 24\u2018900 CHF kommt 2025<\/p>\n","protected":false},"author":1,"featured_media":40436,"comment_status":"closed","ping_status":"open","sticky":false,"template":"","format":"standard","meta":{"_acf_changed":false,"footnotes":""},"categories":[37],"tags":[],"class_list":["post-40437","post","type-post","status-publish","format-standard","has-post-thumbnail","hentry","category-a-la-une-de"],"acf":[],"yoast_head":"<!-- This site is optimized with the Yoast SEO plugin v27.5 - https:\/\/yoast.com\/product\/yoast-seo-wordpress\/ -->\n<title>Renault 5 E-Tech electric und Alpine A290 sind &quot;Car of the Year 2025&quot; - RRG Suisse<\/title>\n<meta name=\"robots\" content=\"index, follow, max-snippet:-1, max-image-preview:large, max-video-preview:-1\" \/>\n<link rel=\"canonical\" href=\"https:\/\/rrgsuisse.ch\/de\/renault-5-e-tech-electric-voiture-de-lannee-2025\" \/>\n<meta property=\"og:locale\" content=\"de_DE\" \/>\n<meta property=\"og:type\" content=\"article\" \/>\n<meta property=\"og:title\" content=\"Renault 5 E-Tech electric und Alpine A290 sind &quot;Car of the Year 2025&quot; - RRG Suisse\" \/>\n<meta property=\"og:description\" content=\"Renault 5 E-Tech electric und Alpine A290 gewinnen an der Verleihung im Rahmen der Br\u00fcssel Motor Show 2025 als Duo den prestigetr\u00e4chtigen Titel \u201eAuto des Jahres 2025\u201c, der von der europ\u00e4ischen Jury \u201ethe Car of the Year\u201c vergeben wird. Zweiter Titel in Folge f\u00fcr Renault nach dem Sieg des Sc\u00e9nic E-Tech electric im Jahr 2024 und eine grosse Premiere f\u00fcr Alpine. Der Renault 5 E-Tech electric ist das achte Fahrzeug der Marke, das die Auszeichnung gewinnt. Der Renault 5 E-Tech electric und der Alpine A290 wurden auf der gleichen, in Europa einzigartigen Ampere-Plattform AmpR Small entwickelt. Die vollelektrischen Kleinwagen treiben die Elektrifizierung der Mobilit\u00e4t voran. Neue Einstiegsversion \u201eFive\u201c des Renault 5 E-Tech electric ab 24\u2018900 CHF kommt 2025\" \/>\n<meta property=\"og:url\" content=\"https:\/\/rrgsuisse.ch\/de\/renault-5-e-tech-electric-voiture-de-lannee-2025\" \/>\n<meta property=\"og:site_name\" content=\"RRG Suisse\" \/>\n<meta property=\"article:published_time\" content=\"2025-01-14T08:12:00+00:00\" \/>\n<meta property=\"article:modified_time\" content=\"2025-01-14T08:18:33+00:00\" \/>\n<meta property=\"og:image\" content=\"https:\/\/rrgsuisse.ch\/wp-content\/uploads\/2025\/01\/R5-Car-of-the-Year-2025_dynamic-2-1-1.jpg\" \/>\n\t<meta property=\"og:image:width\" content=\"1919\" \/>\n\t<meta property=\"og:image:height\" content=\"1080\" \/>\n\t<meta property=\"og:image:type\" content=\"image\/jpeg\" \/>\n<meta name=\"author\" content=\"rrgsuisse\" \/>\n<meta name=\"twitter:card\" content=\"summary_large_image\" \/>\n<meta name=\"twitter:label1\" content=\"Geschrieben von\" \/>\n\t<meta name=\"twitter:data1\" content=\"rrgsuisse\" \/>\n\t<meta name=\"twitter:label2\" content=\"Gesch\u00e4tzte Lesezeit\" \/>\n\t<meta name=\"twitter:data2\" content=\"4\u00a0Minuten\" \/>\n<script type=\"application\/ld+json\" class=\"yoast-schema-graph\">{\"@context\":\"https:\\\/\\\/schema.org\",\"@graph\":[{\"@type\":\"Article\",\"@id\":\"https:\\\/\\\/rrgsuisse.ch\\\/de\\\/renault-5-e-tech-electric-voiture-de-lannee-2025#article\",\"isPartOf\":{\"@id\":\"https:\\\/\\\/rrgsuisse.ch\\\/de\\\/renault-5-e-tech-electric-voiture-de-lannee-2025\"},\"author\":{\"name\":\"rrgsuisse\",\"@id\":\"https:\\\/\\\/rrgsuisse.ch\\\/de#\\\/schema\\\/person\\\/3fb0fceb9f1a5bcb4c674661a09ea4f7\"},\"headline\":\"Renault 5 E-Tech electric und Alpine A290 sind &#171;Car of the Year 2025&#187;\",\"datePublished\":\"2025-01-14T08:12:00+00:00\",\"dateModified\":\"2025-01-14T08:18:33+00:00\",\"mainEntityOfPage\":{\"@id\":\"https:\\\/\\\/rrgsuisse.ch\\\/de\\\/renault-5-e-tech-electric-voiture-de-lannee-2025\"},\"wordCount\":584,\"image\":{\"@id\":\"https:\\\/\\\/rrgsuisse.ch\\\/de\\\/renault-5-e-tech-electric-voiture-de-lannee-2025#primaryimage\"},\"thumbnailUrl\":\"https:\\\/\\\/rrgsuisse.ch\\\/wp-content\\\/uploads\\\/2025\\\/01\\\/R5-Car-of-the-Year-2025_dynamic-2-1-1.jpg\",\"articleSection\":[\"A la une\"],\"inLanguage\":\"de-CH\"},{\"@type\":\"WebPage\",\"@id\":\"https:\\\/\\\/rrgsuisse.ch\\\/de\\\/renault-5-e-tech-electric-voiture-de-lannee-2025\",\"url\":\"https:\\\/\\\/rrgsuisse.ch\\\/de\\\/renault-5-e-tech-electric-voiture-de-lannee-2025\",\"name\":\"Renault 5 E-Tech electric und Alpine A290 sind \\\"Car of the Year 2025\\\" - RRG Suisse\",\"isPartOf\":{\"@id\":\"https:\\\/\\\/rrgsuisse.ch\\\/de#website\"},\"primaryImageOfPage\":{\"@id\":\"https:\\\/\\\/rrgsuisse.ch\\\/de\\\/renault-5-e-tech-electric-voiture-de-lannee-2025#primaryimage\"},\"image\":{\"@id\":\"https:\\\/\\\/rrgsuisse.ch\\\/de\\\/renault-5-e-tech-electric-voiture-de-lannee-2025#primaryimage\"},\"thumbnailUrl\":\"https:\\\/\\\/rrgsuisse.ch\\\/wp-content\\\/uploads\\\/2025\\\/01\\\/R5-Car-of-the-Year-2025_dynamic-2-1-1.jpg\",\"datePublished\":\"2025-01-14T08:12:00+00:00\",\"dateModified\":\"2025-01-14T08:18:33+00:00\",\"author\":{\"@id\":\"https:\\\/\\\/rrgsuisse.ch\\\/de#\\\/schema\\\/person\\\/3fb0fceb9f1a5bcb4c674661a09ea4f7\"},\"breadcrumb\":{\"@id\":\"https:\\\/\\\/rrgsuisse.ch\\\/de\\\/renault-5-e-tech-electric-voiture-de-lannee-2025#breadcrumb\"},\"inLanguage\":\"de-CH\",\"potentialAction\":[{\"@type\":\"ReadAction\",\"target\":[\"https:\\\/\\\/rrgsuisse.ch\\\/de\\\/renault-5-e-tech-electric-voiture-de-lannee-2025\"]}]},{\"@type\":\"ImageObject\",\"inLanguage\":\"de-CH\",\"@id\":\"https:\\\/\\\/rrgsuisse.ch\\\/de\\\/renault-5-e-tech-electric-voiture-de-lannee-2025#primaryimage\",\"url\":\"https:\\\/\\\/rrgsuisse.ch\\\/wp-content\\\/uploads\\\/2025\\\/01\\\/R5-Car-of-the-Year-2025_dynamic-2-1-1.jpg\",\"contentUrl\":\"https:\\\/\\\/rrgsuisse.ch\\\/wp-content\\\/uploads\\\/2025\\\/01\\\/R5-Car-of-the-Year-2025_dynamic-2-1-1.jpg\",\"width\":1919,\"height\":1080},{\"@type\":\"BreadcrumbList\",\"@id\":\"https:\\\/\\\/rrgsuisse.ch\\\/de\\\/renault-5-e-tech-electric-voiture-de-lannee-2025#breadcrumb\",\"itemListElement\":[{\"@type\":\"ListItem\",\"position\":1,\"name\":\"Home\",\"item\":\"https:\\\/\\\/rrgsuisse.ch\\\/de\"},{\"@type\":\"ListItem\",\"position\":2,\"name\":\"Renault 5 E-Tech electric und Alpine A290 sind &#8220;Car of the Year 2025&#8221;\"}]},{\"@type\":\"WebSite\",\"@id\":\"https:\\\/\\\/rrgsuisse.ch\\\/de#website\",\"url\":\"https:\\\/\\\/rrgsuisse.ch\\\/de\",\"name\":\"RRG Suisse\",\"description\":\"Retail Renault Group - Revendeur officiel Renault, Dacia, Nissan\",\"potentialAction\":[{\"@type\":\"SearchAction\",\"target\":{\"@type\":\"EntryPoint\",\"urlTemplate\":\"https:\\\/\\\/rrgsuisse.ch\\\/de?s={search_term_string}\"},\"query-input\":{\"@type\":\"PropertyValueSpecification\",\"valueRequired\":true,\"valueName\":\"search_term_string\"}}],\"inLanguage\":\"de-CH\"},{\"@type\":\"Person\",\"@id\":\"https:\\\/\\\/rrgsuisse.ch\\\/de#\\\/schema\\\/person\\\/3fb0fceb9f1a5bcb4c674661a09ea4f7\",\"name\":\"rrgsuisse\",\"image\":{\"@type\":\"ImageObject\",\"inLanguage\":\"de-CH\",\"@id\":\"https:\\\/\\\/secure.gravatar.com\\\/avatar\\\/5e8e0f3f10010a38feb43e707770c4c97735143a26d51396eb4f3ea6bb49ed57?s=96&d=mm&r=g\",\"url\":\"https:\\\/\\\/secure.gravatar.com\\\/avatar\\\/5e8e0f3f10010a38feb43e707770c4c97735143a26d51396eb4f3ea6bb49ed57?s=96&d=mm&r=g\",\"contentUrl\":\"https:\\\/\\\/secure.gravatar.com\\\/avatar\\\/5e8e0f3f10010a38feb43e707770c4c97735143a26d51396eb4f3ea6bb49ed57?s=96&d=mm&r=g\",\"caption\":\"rrgsuisse\"},\"sameAs\":[\"https:\\\/\\\/rrgsuisse.ch\"],\"url\":\"https:\\\/\\\/rrgsuisse.ch\\\/de\\\/author\\\/rrgsuisse\"}]}<\/script>\n<!-- \/ Yoast SEO plugin. -->","yoast_head_json":{"title":"Renault 5 E-Tech electric und Alpine A290 sind \"Car of the Year 2025\" - RRG Suisse","robots":{"index":"index","follow":"follow","max-snippet":"max-snippet:-1","max-image-preview":"max-image-preview:large","max-video-preview":"max-video-preview:-1"},"canonical":"https:\/\/rrgsuisse.ch\/de\/renault-5-e-tech-electric-voiture-de-lannee-2025","og_locale":"de_DE","og_type":"article","og_title":"Renault 5 E-Tech electric und Alpine A290 sind \"Car of the Year 2025\" - RRG Suisse","og_description":"Renault 5 E-Tech electric und Alpine A290 gewinnen an der Verleihung im Rahmen der Br\u00fcssel Motor Show 2025 als Duo den prestigetr\u00e4chtigen Titel \u201eAuto des Jahres 2025\u201c, der von der europ\u00e4ischen Jury \u201ethe Car of the Year\u201c vergeben wird. Zweiter Titel in Folge f\u00fcr Renault nach dem Sieg des Sc\u00e9nic E-Tech electric im Jahr 2024 und eine grosse Premiere f\u00fcr Alpine. Der Renault 5 E-Tech electric ist das achte Fahrzeug der Marke, das die Auszeichnung gewinnt. Der Renault 5 E-Tech electric und der Alpine A290 wurden auf der gleichen, in Europa einzigartigen Ampere-Plattform AmpR Small entwickelt. Die vollelektrischen Kleinwagen treiben die Elektrifizierung der Mobilit\u00e4t voran. Neue Einstiegsversion \u201eFive\u201c des Renault 5 E-Tech electric ab 24\u2018900 CHF kommt 2025","og_url":"https:\/\/rrgsuisse.ch\/de\/renault-5-e-tech-electric-voiture-de-lannee-2025","og_site_name":"RRG Suisse","article_published_time":"2025-01-14T08:12:00+00:00","article_modified_time":"2025-01-14T08:18:33+00:00","og_image":[{"width":1919,"height":1080,"url":"https:\/\/rrgsuisse.ch\/wp-content\/uploads\/2025\/01\/R5-Car-of-the-Year-2025_dynamic-2-1-1.jpg","type":"image\/jpeg"}],"author":"rrgsuisse","twitter_card":"summary_large_image","twitter_misc":{"Geschrieben von":"rrgsuisse","Gesch\u00e4tzte Lesezeit":"4\u00a0Minuten"},"schema":{"@context":"https:\/\/schema.org","@graph":[{"@type":"Article","@id":"https:\/\/rrgsuisse.ch\/de\/renault-5-e-tech-electric-voiture-de-lannee-2025#article","isPartOf":{"@id":"https:\/\/rrgsuisse.ch\/de\/renault-5-e-tech-electric-voiture-de-lannee-2025"},"author":{"name":"rrgsuisse","@id":"https:\/\/rrgsuisse.ch\/de#\/schema\/person\/3fb0fceb9f1a5bcb4c674661a09ea4f7"},"headline":"Renault 5 E-Tech electric und Alpine A290 sind &#171;Car of the Year 2025&#187;","datePublished":"2025-01-14T08:12:00+00:00","dateModified":"2025-01-14T08:18:33+00:00","mainEntityOfPage":{"@id":"https:\/\/rrgsuisse.ch\/de\/renault-5-e-tech-electric-voiture-de-lannee-2025"},"wordCount":584,"image":{"@id":"https:\/\/rrgsuisse.ch\/de\/renault-5-e-tech-electric-voiture-de-lannee-2025#primaryimage"},"thumbnailUrl":"https:\/\/rrgsuisse.ch\/wp-content\/uploads\/2025\/01\/R5-Car-of-the-Year-2025_dynamic-2-1-1.jpg","articleSection":["A la une"],"inLanguage":"de-CH"},{"@type":"WebPage","@id":"https:\/\/rrgsuisse.ch\/de\/renault-5-e-tech-electric-voiture-de-lannee-2025","url":"https:\/\/rrgsuisse.ch\/de\/renault-5-e-tech-electric-voiture-de-lannee-2025","name":"Renault 5 E-Tech electric und Alpine A290 sind \"Car of the Year 2025\" - RRG Suisse","isPartOf":{"@id":"https:\/\/rrgsuisse.ch\/de#website"},"primaryImageOfPage":{"@id":"https:\/\/rrgsuisse.ch\/de\/renault-5-e-tech-electric-voiture-de-lannee-2025#primaryimage"},"image":{"@id":"https:\/\/rrgsuisse.ch\/de\/renault-5-e-tech-electric-voiture-de-lannee-2025#primaryimage"},"thumbnailUrl":"https:\/\/rrgsuisse.ch\/wp-content\/uploads\/2025\/01\/R5-Car-of-the-Year-2025_dynamic-2-1-1.jpg","datePublished":"2025-01-14T08:12:00+00:00","dateModified":"2025-01-14T08:18:33+00:00","author":{"@id":"https:\/\/rrgsuisse.ch\/de#\/schema\/person\/3fb0fceb9f1a5bcb4c674661a09ea4f7"},"breadcrumb":{"@id":"https:\/\/rrgsuisse.ch\/de\/renault-5-e-tech-electric-voiture-de-lannee-2025#breadcrumb"},"inLanguage":"de-CH","potentialAction":[{"@type":"ReadAction","target":["https:\/\/rrgsuisse.ch\/de\/renault-5-e-tech-electric-voiture-de-lannee-2025"]}]},{"@type":"ImageObject","inLanguage":"de-CH","@id":"https:\/\/rrgsuisse.ch\/de\/renault-5-e-tech-electric-voiture-de-lannee-2025#primaryimage","url":"https:\/\/rrgsuisse.ch\/wp-content\/uploads\/2025\/01\/R5-Car-of-the-Year-2025_dynamic-2-1-1.jpg","contentUrl":"https:\/\/rrgsuisse.ch\/wp-content\/uploads\/2025\/01\/R5-Car-of-the-Year-2025_dynamic-2-1-1.jpg","width":1919,"height":1080},{"@type":"BreadcrumbList","@id":"https:\/\/rrgsuisse.ch\/de\/renault-5-e-tech-electric-voiture-de-lannee-2025#breadcrumb","itemListElement":[{"@type":"ListItem","position":1,"name":"Home","item":"https:\/\/rrgsuisse.ch\/de"},{"@type":"ListItem","position":2,"name":"Renault 5 E-Tech electric und Alpine A290 sind &#8220;Car of the Year 2025&#8221;"}]},{"@type":"WebSite","@id":"https:\/\/rrgsuisse.ch\/de#website","url":"https:\/\/rrgsuisse.ch\/de","name":"RRG Suisse","description":"Retail Renault Group - Revendeur officiel Renault, Dacia, Nissan","potentialAction":[{"@type":"SearchAction","target":{"@type":"EntryPoint","urlTemplate":"https:\/\/rrgsuisse.ch\/de?s={search_term_string}"},"query-input":{"@type":"PropertyValueSpecification","valueRequired":true,"valueName":"search_term_string"}}],"inLanguage":"de-CH"},{"@type":"Person","@id":"https:\/\/rrgsuisse.ch\/de#\/schema\/person\/3fb0fceb9f1a5bcb4c674661a09ea4f7","name":"rrgsuisse","image":{"@type":"ImageObject","inLanguage":"de-CH","@id":"https:\/\/secure.gravatar.com\/avatar\/5e8e0f3f10010a38feb43e707770c4c97735143a26d51396eb4f3ea6bb49ed57?s=96&d=mm&r=g","url":"https:\/\/secure.gravatar.com\/avatar\/5e8e0f3f10010a38feb43e707770c4c97735143a26d51396eb4f3ea6bb49ed57?s=96&d=mm&r=g","contentUrl":"https:\/\/secure.gravatar.com\/avatar\/5e8e0f3f10010a38feb43e707770c4c97735143a26d51396eb4f3ea6bb49ed57?s=96&d=mm&r=g","caption":"rrgsuisse"},"sameAs":["https:\/\/rrgsuisse.ch"],"url":"https:\/\/rrgsuisse.ch\/de\/author\/rrgsuisse"}]}},"wpml_current_locale":"de_CH","wpml_translations":[],"_links":{"self":[{"href":"https:\/\/rrgsuisse.ch\/de\/wp-json\/wp\/v2\/posts\/40437","targetHints":{"allow":["GET"]}}],"collection":[{"href":"https:\/\/rrgsuisse.ch\/de\/wp-json\/wp\/v2\/posts"}],"about":[{"href":"https:\/\/rrgsuisse.ch\/de\/wp-json\/wp\/v2\/types\/post"}],"author":[{"embeddable":true,"href":"https:\/\/rrgsuisse.ch\/de\/wp-json\/wp\/v2\/users\/1"}],"replies":[{"embeddable":true,"href":"https:\/\/rrgsuisse.ch\/de\/wp-json\/wp\/v2\/comments?post=40437"}],"version-history":[{"count":2,"href":"https:\/\/rrgsuisse.ch\/de\/wp-json\/wp\/v2\/posts\/40437\/revisions"}],"predecessor-version":[{"id":40440,"href":"https:\/\/rrgsuisse.ch\/de\/wp-json\/wp\/v2\/posts\/40437\/revisions\/40440"}],"wp:featuredmedia":[{"embeddable":true,"href":"https:\/\/rrgsuisse.ch\/de\/wp-json\/wp\/v2\/media\/40436"}],"wp:attachment":[{"href":"https:\/\/rrgsuisse.ch\/de\/wp-json\/wp\/v2\/media?parent=40437"}],"wp:term":[{"taxonomy":"category","embeddable":true,"href":"https:\/\/rrgsuisse.ch\/de\/wp-json\/wp\/v2\/categories?post=40437"},{"taxonomy":"post_tag","embeddable":true,"href":"https:\/\/rrgsuisse.ch\/de\/wp-json\/wp\/v2\/tags?post=40437"}],"curies":[{"name":"wp","href":"https:\/\/api.w.org\/{rel}","templated":true}]}}