{"id":42841,"date":"2025-04-16T11:27:30","date_gmt":"2025-04-16T09:27:30","guid":{"rendered":"https:\/\/rrgsuisse.ch\/renault-offre-encore-plus-de-valeur-client-sur-le-haut-de-gamme-ouverture-des-commandes-des-nouveaux-renault-austral-et-espace"},"modified":"2025-04-16T11:35:12","modified_gmt":"2025-04-16T09:35:12","slug":"umfassende-updates-bei-design-und-technik-renault-espace-und-austral-ab-sofort-bestellbar","status":"publish","type":"post","link":"https:\/\/rrgsuisse.ch\/de\/umfassende-updates-bei-design-und-technik-renault-espace-und-austral-ab-sofort-bestellbar","title":{"rendered":"Umfassende Updates bei Design und Technik: Renault Espace und Austral ab sofort bestellbar"},"content":{"rendered":"\n<p>Renault \u00f6ffnet die Bestellb\u00fccher f\u00fcr den neuen Espace und den neuen Austral: Die umfassend erneuerten SUV-Modelle verbinden ihre bew\u00e4hrte Vielseitigkeit und Modularit\u00e4t mit einem aufgewerteten Design, einem aktualisierten Antrieb und neuen Ausstattungsmerkmalen wie einem Fahrererkennungssystem. Zur Wahl stehen jeweils drei Ausstattungslinien, die auf die unterschiedlichen W\u00fcnsche und Bed\u00fcrfnisse der Kundinnen und Kunden zugeschnitten sind.<\/p>\n\n\n\n<p>Das Ausstattungsprogramm beim Renault Austral ist \u00fcbersichtlicher als bisher: Neben der Einstiegsvariante evolution gibt es das mittlere Niveau techno, das mehr Umfang als bisher bietet, sowie das sportliche Topmodell esprit Alpine. Die Preise starten bei CHF 36\u2018900.- f\u00fcr den Austral evolution mild hybrid 160 AT.<\/p>\n\n\n\n<p>F\u00fcr den Renault Espace stehen unver\u00e4ndert die Einstiegsversion techno, die Ausstattungsvariante esprit Alpine mit serienm\u00e4ssiger Allradlenkung 4Control advanced und die Topversion iconic zur Wahl. Die Preise beginnen bei CHF 43\u2018100.- f\u00fcr die Ausstattung techno (5-Pl\u00e4tzer).<\/p>\n\n\n\n<p><strong>Gemeinsamer Vorstoss in h\u00f6here Segmente<\/strong><br>Im Zuge der Modell\u00fcberarbeitung haben Austral und Espace die neue Designsprache von Renault \u00fcbernommen und n\u00e4hern sich damit dem Stil des Rafale an. Die \u00c4hnlichkeiten sind gewollt: Sie unterstreichen die Verbindung der drei Modelle, die den Vorstoss der Marke Renault in h\u00f6here Fahrzeugsegmente verk\u00f6rpern.<\/p>\n\n\n\n<p>Auch technisch gibt es Gemeinsamkeiten. Austral, Espace und Rafale teilen sich die CMF-CD-Plattform und damit die modernsten Technologien, die Renault zu bieten hat: darunter eine Mehrlenker-Hinterachse, die Allradlenkung 4Control advanced f\u00fcr zus\u00e4tzliche Stabilit\u00e4t bei hohen Geschwindigkeiten und zus\u00e4tzliche Man\u00f6vrierf\u00e4higkeit bei niedrigem Tempo, Matrix-LED Vision-Scheinwerfer f\u00fcr maximale Sicht, ein Head-up-Display, das wichtige Fahrinformationen auf die Windschutzscheibe projiziert, 32 fortschrittliche Fahrerassistenzsysteme einschliesslich Level-2-Automatisierung und ein neues Fahrererkennungssystem.<\/p>\n\n\n\n<p>Dar\u00fcber hinaus verf\u00fcgen Austral, Espace und Rafale \u00fcber das Multimediasystem OpenR link mit integrierter Google-Technologie. F\u00fcr einen hocheffizienten und leistungsstarken Antrieb sorgt der full hybrid E-Tech mit 200 PS mit einem aktualisierten Multi-Mode-Getriebe.<\/p>\n\n\n\n<p><strong>Der neue Renault Austral: Das vielseitige Hybrid-SUV<\/strong><br>Der Renault Austral ist ein SUV der Extraklasse: Er ist aussen kompakt und innen ger\u00e4umig und bietet eine im C-Segment un\u00fcbertroffene Vielseitigkeit. Die Sitzbank l\u00e4sst sich um 16 cm vor- und zur\u00fcckschieben sowie in der Neigung verstellen und umklappen. Dadurch kann das Ladevolumen, das von 527 bis 1.736 Liter reicht, an die Bed\u00fcrfnisse der Nutzerinnen und Nutzer angepasst werden.<\/p>\n\n\n\n<p>Im Zuge der Modell\u00fcberarbeitung halten neue Technologien Einzug in die Baureihe \u2013 f\u00fcr mehr Komfort und ein hochwertigeres Fahrerlebnis. Das Ambiente im Innenraum ist mit Fahrzeugen aus h\u00f6heren Segmenten vergleichbar.<\/p>\n\n\n\n<p><strong>Der Renault Espace: Das modernisierte Familien-SUV<\/strong><br>Der Renault Espace bewahrt in seiner neuesten Auflage seinen Charakter als hocheffizientes Hybrid-SUV f\u00fcr die ganze Familie \u2013 erg\u00e4nzt um ein umfassend modernisiertes Design und neue Ausstattungsmerkmale. Seine beiden grossen Vorz\u00fcge Raumangebot und Modularit\u00e4t bleiben erhalten, Technik und Komfort sind auf dem neuesten Stand \u2013 und das fast zwei Quadratmeter grosse Panorama-Glasdach Solarbay\u00ae setzt ein besonderes Highlight.<br>Der neue Espace ist mit f\u00fcnf oder sieben Sitzen erh\u00e4ltlich und bietet im Innenraum gewohnt grossz\u00fcgige Platzverh\u00e4ltnisse. Die R\u00fcckbank l\u00e4sst sich um 22 cm in der L\u00e4nge verschieben und in der Neigung in vier Stufen um bis zu 31 Grad verstellen. Das Ladevolumen ist mit 692 bis 2.224 Litern in der f\u00fcnfsitzigen Version das beste seiner Klasse.<\/p>\n\n\n\n<p><strong>Der Renault Rafale: Sportliches SUV-Coup\u00e9 mit neuen Ausstattungsmerkmalen<\/strong><br>Im Zuge der Modell\u00fcberarbeitung von Austral und Espace erh\u00e4lt auch der Rafale einige neue Technologien und Merkmale. Dazu geh\u00f6ren das Fahrererkennungssystem, das beim Einsteigen in das Fahrzeug automatisch verschiedene personalisierte Einstellungen aktiviert, neue Ausstattungspakete und die neue Aussenfarbe Gris Schiste Satin.<\/p>\n\n\n\n<p>Der Rafale ist das sportlich-elegante Flaggschiff der Marke Renault, das mit seinem bemerkenswert ger\u00e4umigen Innenraum und zahlreichen Technologien ein einzigartiges Fahr- und Reisevergn\u00fcgen bietet. Neben dem full hybrid E-Tech 200 ist der Rafale auch als leistungsstarker hyper hybrid E-Tech 300PS 4&#215;4 plug-in mit hoher elektrischer Reichweite und Allradantrieb erh\u00e4ltlich. In der Ausstattungsvariante atelier Alpine verf\u00fcgt der Rafale hyper hybrid E-Tech 300PS 4&#215;4 plug-in \u00fcber ein spezielles Fahrwerk mit intelligenter adaptiver D\u00e4mpfung und vorausschauendem Kamerascan der Fahrbahn.<\/p>\n","protected":false},"excerpt":{"rendered":"<p>Hochwertige Design-Details und neues Fahrererkennungssystem<br \/>\nFull Hybrid E-Tech 200 mit aktualisiertem Multi-Mode-Getriebe<br \/>\nAuch der Rafale profitiert von einigen Neuerungen<\/p>\n","protected":false},"author":1,"featured_media":42839,"comment_status":"closed","ping_status":"open","sticky":false,"template":"","format":"standard","meta":{"_acf_changed":false,"footnotes":""},"categories":[37],"tags":[],"class_list":["post-42841","post","type-post","status-publish","format-standard","has-post-thumbnail","hentry","category-a-la-une-de"],"acf":[],"yoast_head":"<!-- This site is optimized with the Yoast SEO plugin v27.5 - https:\/\/yoast.com\/product\/yoast-seo-wordpress\/ -->\n<title>Umfassende Updates bei Design und Technik: Renault Espace und Austral ab sofort bestellbar - RRG Suisse<\/title>\n<meta name=\"robots\" content=\"index, follow, max-snippet:-1, max-image-preview:large, max-video-preview:-1\" \/>\n<link rel=\"canonical\" href=\"https:\/\/rrgsuisse.ch\/de\/umfassende-updates-bei-design-und-technik-renault-espace-und-austral-ab-sofort-bestellbar\" \/>\n<meta property=\"og:locale\" content=\"de_DE\" \/>\n<meta property=\"og:type\" content=\"article\" \/>\n<meta property=\"og:title\" content=\"Umfassende Updates bei Design und Technik: Renault Espace und Austral ab sofort bestellbar - RRG Suisse\" \/>\n<meta property=\"og:description\" content=\"Hochwertige Design-Details und neues Fahrererkennungssystem Full Hybrid E-Tech 200 mit aktualisiertem Multi-Mode-Getriebe Auch der Rafale profitiert von einigen Neuerungen\" \/>\n<meta property=\"og:url\" content=\"https:\/\/rrgsuisse.ch\/de\/umfassende-updates-bei-design-und-technik-renault-espace-und-austral-ab-sofort-bestellbar\" \/>\n<meta property=\"og:site_name\" content=\"RRG Suisse\" \/>\n<meta property=\"article:published_time\" content=\"2025-04-16T09:27:30+00:00\" \/>\n<meta property=\"article:modified_time\" content=\"2025-04-16T09:35:12+00:00\" \/>\n<meta property=\"og:image\" content=\"https:\/\/rrgsuisse.ch\/wp-content\/uploads\/2025\/04\/TEASER_R-DAM_1653817.jpg\" \/>\n\t<meta property=\"og:image:width\" content=\"1200\" \/>\n\t<meta property=\"og:image:height\" content=\"675\" \/>\n\t<meta property=\"og:image:type\" content=\"image\/jpeg\" \/>\n<meta name=\"author\" content=\"rrgsuisse\" \/>\n<meta name=\"twitter:card\" content=\"summary_large_image\" \/>\n<meta name=\"twitter:label1\" content=\"Geschrieben von\" \/>\n\t<meta name=\"twitter:data1\" content=\"rrgsuisse\" \/>\n\t<meta name=\"twitter:label2\" content=\"Gesch\u00e4tzte Lesezeit\" \/>\n\t<meta name=\"twitter:data2\" content=\"4\u00a0Minuten\" \/>\n<script type=\"application\/ld+json\" class=\"yoast-schema-graph\">{\"@context\":\"https:\\\/\\\/schema.org\",\"@graph\":[{\"@type\":\"Article\",\"@id\":\"https:\\\/\\\/rrgsuisse.ch\\\/de\\\/umfassende-updates-bei-design-und-technik-renault-espace-und-austral-ab-sofort-bestellbar#article\",\"isPartOf\":{\"@id\":\"https:\\\/\\\/rrgsuisse.ch\\\/de\\\/umfassende-updates-bei-design-und-technik-renault-espace-und-austral-ab-sofort-bestellbar\"},\"author\":{\"name\":\"rrgsuisse\",\"@id\":\"https:\\\/\\\/rrgsuisse.ch\\\/de#\\\/schema\\\/person\\\/3fb0fceb9f1a5bcb4c674661a09ea4f7\"},\"headline\":\"Umfassende Updates bei Design und Technik: Renault Espace und Austral ab sofort bestellbar\",\"datePublished\":\"2025-04-16T09:27:30+00:00\",\"dateModified\":\"2025-04-16T09:35:12+00:00\",\"mainEntityOfPage\":{\"@id\":\"https:\\\/\\\/rrgsuisse.ch\\\/de\\\/umfassende-updates-bei-design-und-technik-renault-espace-und-austral-ab-sofort-bestellbar\"},\"wordCount\":677,\"image\":{\"@id\":\"https:\\\/\\\/rrgsuisse.ch\\\/de\\\/umfassende-updates-bei-design-und-technik-renault-espace-und-austral-ab-sofort-bestellbar#primaryimage\"},\"thumbnailUrl\":\"https:\\\/\\\/rrgsuisse.ch\\\/wp-content\\\/uploads\\\/2025\\\/04\\\/TEASER_R-DAM_1653817.jpg\",\"articleSection\":[\"A la une\"],\"inLanguage\":\"de-CH\"},{\"@type\":\"WebPage\",\"@id\":\"https:\\\/\\\/rrgsuisse.ch\\\/de\\\/umfassende-updates-bei-design-und-technik-renault-espace-und-austral-ab-sofort-bestellbar\",\"url\":\"https:\\\/\\\/rrgsuisse.ch\\\/de\\\/umfassende-updates-bei-design-und-technik-renault-espace-und-austral-ab-sofort-bestellbar\",\"name\":\"Umfassende Updates bei Design und Technik: Renault Espace und Austral ab sofort bestellbar - RRG Suisse\",\"isPartOf\":{\"@id\":\"https:\\\/\\\/rrgsuisse.ch\\\/de#website\"},\"primaryImageOfPage\":{\"@id\":\"https:\\\/\\\/rrgsuisse.ch\\\/de\\\/umfassende-updates-bei-design-und-technik-renault-espace-und-austral-ab-sofort-bestellbar#primaryimage\"},\"image\":{\"@id\":\"https:\\\/\\\/rrgsuisse.ch\\\/de\\\/umfassende-updates-bei-design-und-technik-renault-espace-und-austral-ab-sofort-bestellbar#primaryimage\"},\"thumbnailUrl\":\"https:\\\/\\\/rrgsuisse.ch\\\/wp-content\\\/uploads\\\/2025\\\/04\\\/TEASER_R-DAM_1653817.jpg\",\"datePublished\":\"2025-04-16T09:27:30+00:00\",\"dateModified\":\"2025-04-16T09:35:12+00:00\",\"author\":{\"@id\":\"https:\\\/\\\/rrgsuisse.ch\\\/de#\\\/schema\\\/person\\\/3fb0fceb9f1a5bcb4c674661a09ea4f7\"},\"breadcrumb\":{\"@id\":\"https:\\\/\\\/rrgsuisse.ch\\\/de\\\/umfassende-updates-bei-design-und-technik-renault-espace-und-austral-ab-sofort-bestellbar#breadcrumb\"},\"inLanguage\":\"de-CH\",\"potentialAction\":[{\"@type\":\"ReadAction\",\"target\":[\"https:\\\/\\\/rrgsuisse.ch\\\/de\\\/umfassende-updates-bei-design-und-technik-renault-espace-und-austral-ab-sofort-bestellbar\"]}]},{\"@type\":\"ImageObject\",\"inLanguage\":\"de-CH\",\"@id\":\"https:\\\/\\\/rrgsuisse.ch\\\/de\\\/umfassende-updates-bei-design-und-technik-renault-espace-und-austral-ab-sofort-bestellbar#primaryimage\",\"url\":\"https:\\\/\\\/rrgsuisse.ch\\\/wp-content\\\/uploads\\\/2025\\\/04\\\/TEASER_R-DAM_1653817.jpg\",\"contentUrl\":\"https:\\\/\\\/rrgsuisse.ch\\\/wp-content\\\/uploads\\\/2025\\\/04\\\/TEASER_R-DAM_1653817.jpg\",\"width\":1200,\"height\":675},{\"@type\":\"BreadcrumbList\",\"@id\":\"https:\\\/\\\/rrgsuisse.ch\\\/de\\\/umfassende-updates-bei-design-und-technik-renault-espace-und-austral-ab-sofort-bestellbar#breadcrumb\",\"itemListElement\":[{\"@type\":\"ListItem\",\"position\":1,\"name\":\"Home\",\"item\":\"https:\\\/\\\/rrgsuisse.ch\\\/de\"},{\"@type\":\"ListItem\",\"position\":2,\"name\":\"Umfassende Updates bei Design und Technik: Renault Espace und Austral ab sofort bestellbar\"}]},{\"@type\":\"WebSite\",\"@id\":\"https:\\\/\\\/rrgsuisse.ch\\\/de#website\",\"url\":\"https:\\\/\\\/rrgsuisse.ch\\\/de\",\"name\":\"RRG Suisse\",\"description\":\"Retail Renault Group - Revendeur officiel Renault, Dacia, Nissan\",\"potentialAction\":[{\"@type\":\"SearchAction\",\"target\":{\"@type\":\"EntryPoint\",\"urlTemplate\":\"https:\\\/\\\/rrgsuisse.ch\\\/de?s={search_term_string}\"},\"query-input\":{\"@type\":\"PropertyValueSpecification\",\"valueRequired\":true,\"valueName\":\"search_term_string\"}}],\"inLanguage\":\"de-CH\"},{\"@type\":\"Person\",\"@id\":\"https:\\\/\\\/rrgsuisse.ch\\\/de#\\\/schema\\\/person\\\/3fb0fceb9f1a5bcb4c674661a09ea4f7\",\"name\":\"rrgsuisse\",\"image\":{\"@type\":\"ImageObject\",\"inLanguage\":\"de-CH\",\"@id\":\"https:\\\/\\\/secure.gravatar.com\\\/avatar\\\/5e8e0f3f10010a38feb43e707770c4c97735143a26d51396eb4f3ea6bb49ed57?s=96&d=mm&r=g\",\"url\":\"https:\\\/\\\/secure.gravatar.com\\\/avatar\\\/5e8e0f3f10010a38feb43e707770c4c97735143a26d51396eb4f3ea6bb49ed57?s=96&d=mm&r=g\",\"contentUrl\":\"https:\\\/\\\/secure.gravatar.com\\\/avatar\\\/5e8e0f3f10010a38feb43e707770c4c97735143a26d51396eb4f3ea6bb49ed57?s=96&d=mm&r=g\",\"caption\":\"rrgsuisse\"},\"sameAs\":[\"https:\\\/\\\/rrgsuisse.ch\"],\"url\":\"https:\\\/\\\/rrgsuisse.ch\\\/de\\\/author\\\/rrgsuisse\"}]}<\/script>\n<!-- \/ Yoast SEO plugin. -->","yoast_head_json":{"title":"Umfassende Updates bei Design und Technik: Renault Espace und Austral ab sofort bestellbar - RRG Suisse","robots":{"index":"index","follow":"follow","max-snippet":"max-snippet:-1","max-image-preview":"max-image-preview:large","max-video-preview":"max-video-preview:-1"},"canonical":"https:\/\/rrgsuisse.ch\/de\/umfassende-updates-bei-design-und-technik-renault-espace-und-austral-ab-sofort-bestellbar","og_locale":"de_DE","og_type":"article","og_title":"Umfassende Updates bei Design und Technik: Renault Espace und Austral ab sofort bestellbar - RRG Suisse","og_description":"Hochwertige Design-Details und neues Fahrererkennungssystem Full Hybrid E-Tech 200 mit aktualisiertem Multi-Mode-Getriebe Auch der Rafale profitiert von einigen Neuerungen","og_url":"https:\/\/rrgsuisse.ch\/de\/umfassende-updates-bei-design-und-technik-renault-espace-und-austral-ab-sofort-bestellbar","og_site_name":"RRG Suisse","article_published_time":"2025-04-16T09:27:30+00:00","article_modified_time":"2025-04-16T09:35:12+00:00","og_image":[{"width":1200,"height":675,"url":"https:\/\/rrgsuisse.ch\/wp-content\/uploads\/2025\/04\/TEASER_R-DAM_1653817.jpg","type":"image\/jpeg"}],"author":"rrgsuisse","twitter_card":"summary_large_image","twitter_misc":{"Geschrieben von":"rrgsuisse","Gesch\u00e4tzte Lesezeit":"4\u00a0Minuten"},"schema":{"@context":"https:\/\/schema.org","@graph":[{"@type":"Article","@id":"https:\/\/rrgsuisse.ch\/de\/umfassende-updates-bei-design-und-technik-renault-espace-und-austral-ab-sofort-bestellbar#article","isPartOf":{"@id":"https:\/\/rrgsuisse.ch\/de\/umfassende-updates-bei-design-und-technik-renault-espace-und-austral-ab-sofort-bestellbar"},"author":{"name":"rrgsuisse","@id":"https:\/\/rrgsuisse.ch\/de#\/schema\/person\/3fb0fceb9f1a5bcb4c674661a09ea4f7"},"headline":"Umfassende Updates bei Design und Technik: Renault Espace und Austral ab sofort bestellbar","datePublished":"2025-04-16T09:27:30+00:00","dateModified":"2025-04-16T09:35:12+00:00","mainEntityOfPage":{"@id":"https:\/\/rrgsuisse.ch\/de\/umfassende-updates-bei-design-und-technik-renault-espace-und-austral-ab-sofort-bestellbar"},"wordCount":677,"image":{"@id":"https:\/\/rrgsuisse.ch\/de\/umfassende-updates-bei-design-und-technik-renault-espace-und-austral-ab-sofort-bestellbar#primaryimage"},"thumbnailUrl":"https:\/\/rrgsuisse.ch\/wp-content\/uploads\/2025\/04\/TEASER_R-DAM_1653817.jpg","articleSection":["A la une"],"inLanguage":"de-CH"},{"@type":"WebPage","@id":"https:\/\/rrgsuisse.ch\/de\/umfassende-updates-bei-design-und-technik-renault-espace-und-austral-ab-sofort-bestellbar","url":"https:\/\/rrgsuisse.ch\/de\/umfassende-updates-bei-design-und-technik-renault-espace-und-austral-ab-sofort-bestellbar","name":"Umfassende Updates bei Design und Technik: Renault Espace und Austral ab sofort bestellbar - RRG Suisse","isPartOf":{"@id":"https:\/\/rrgsuisse.ch\/de#website"},"primaryImageOfPage":{"@id":"https:\/\/rrgsuisse.ch\/de\/umfassende-updates-bei-design-und-technik-renault-espace-und-austral-ab-sofort-bestellbar#primaryimage"},"image":{"@id":"https:\/\/rrgsuisse.ch\/de\/umfassende-updates-bei-design-und-technik-renault-espace-und-austral-ab-sofort-bestellbar#primaryimage"},"thumbnailUrl":"https:\/\/rrgsuisse.ch\/wp-content\/uploads\/2025\/04\/TEASER_R-DAM_1653817.jpg","datePublished":"2025-04-16T09:27:30+00:00","dateModified":"2025-04-16T09:35:12+00:00","author":{"@id":"https:\/\/rrgsuisse.ch\/de#\/schema\/person\/3fb0fceb9f1a5bcb4c674661a09ea4f7"},"breadcrumb":{"@id":"https:\/\/rrgsuisse.ch\/de\/umfassende-updates-bei-design-und-technik-renault-espace-und-austral-ab-sofort-bestellbar#breadcrumb"},"inLanguage":"de-CH","potentialAction":[{"@type":"ReadAction","target":["https:\/\/rrgsuisse.ch\/de\/umfassende-updates-bei-design-und-technik-renault-espace-und-austral-ab-sofort-bestellbar"]}]},{"@type":"ImageObject","inLanguage":"de-CH","@id":"https:\/\/rrgsuisse.ch\/de\/umfassende-updates-bei-design-und-technik-renault-espace-und-austral-ab-sofort-bestellbar#primaryimage","url":"https:\/\/rrgsuisse.ch\/wp-content\/uploads\/2025\/04\/TEASER_R-DAM_1653817.jpg","contentUrl":"https:\/\/rrgsuisse.ch\/wp-content\/uploads\/2025\/04\/TEASER_R-DAM_1653817.jpg","width":1200,"height":675},{"@type":"BreadcrumbList","@id":"https:\/\/rrgsuisse.ch\/de\/umfassende-updates-bei-design-und-technik-renault-espace-und-austral-ab-sofort-bestellbar#breadcrumb","itemListElement":[{"@type":"ListItem","position":1,"name":"Home","item":"https:\/\/rrgsuisse.ch\/de"},{"@type":"ListItem","position":2,"name":"Umfassende Updates bei Design und Technik: Renault Espace und Austral ab sofort bestellbar"}]},{"@type":"WebSite","@id":"https:\/\/rrgsuisse.ch\/de#website","url":"https:\/\/rrgsuisse.ch\/de","name":"RRG Suisse","description":"Retail Renault Group - Revendeur officiel Renault, Dacia, Nissan","potentialAction":[{"@type":"SearchAction","target":{"@type":"EntryPoint","urlTemplate":"https:\/\/rrgsuisse.ch\/de?s={search_term_string}"},"query-input":{"@type":"PropertyValueSpecification","valueRequired":true,"valueName":"search_term_string"}}],"inLanguage":"de-CH"},{"@type":"Person","@id":"https:\/\/rrgsuisse.ch\/de#\/schema\/person\/3fb0fceb9f1a5bcb4c674661a09ea4f7","name":"rrgsuisse","image":{"@type":"ImageObject","inLanguage":"de-CH","@id":"https:\/\/secure.gravatar.com\/avatar\/5e8e0f3f10010a38feb43e707770c4c97735143a26d51396eb4f3ea6bb49ed57?s=96&d=mm&r=g","url":"https:\/\/secure.gravatar.com\/avatar\/5e8e0f3f10010a38feb43e707770c4c97735143a26d51396eb4f3ea6bb49ed57?s=96&d=mm&r=g","contentUrl":"https:\/\/secure.gravatar.com\/avatar\/5e8e0f3f10010a38feb43e707770c4c97735143a26d51396eb4f3ea6bb49ed57?s=96&d=mm&r=g","caption":"rrgsuisse"},"sameAs":["https:\/\/rrgsuisse.ch"],"url":"https:\/\/rrgsuisse.ch\/de\/author\/rrgsuisse"}]}},"wpml_current_locale":"de_CH","wpml_translations":[],"_links":{"self":[{"href":"https:\/\/rrgsuisse.ch\/de\/wp-json\/wp\/v2\/posts\/42841","targetHints":{"allow":["GET"]}}],"collection":[{"href":"https:\/\/rrgsuisse.ch\/de\/wp-json\/wp\/v2\/posts"}],"about":[{"href":"https:\/\/rrgsuisse.ch\/de\/wp-json\/wp\/v2\/types\/post"}],"author":[{"embeddable":true,"href":"https:\/\/rrgsuisse.ch\/de\/wp-json\/wp\/v2\/users\/1"}],"replies":[{"embeddable":true,"href":"https:\/\/rrgsuisse.ch\/de\/wp-json\/wp\/v2\/comments?post=42841"}],"version-history":[{"count":2,"href":"https:\/\/rrgsuisse.ch\/de\/wp-json\/wp\/v2\/posts\/42841\/revisions"}],"predecessor-version":[{"id":42843,"href":"https:\/\/rrgsuisse.ch\/de\/wp-json\/wp\/v2\/posts\/42841\/revisions\/42843"}],"wp:featuredmedia":[{"embeddable":true,"href":"https:\/\/rrgsuisse.ch\/de\/wp-json\/wp\/v2\/media\/42839"}],"wp:attachment":[{"href":"https:\/\/rrgsuisse.ch\/de\/wp-json\/wp\/v2\/media?parent=42841"}],"wp:term":[{"taxonomy":"category","embeddable":true,"href":"https:\/\/rrgsuisse.ch\/de\/wp-json\/wp\/v2\/categories?post=42841"},{"taxonomy":"post_tag","embeddable":true,"href":"https:\/\/rrgsuisse.ch\/de\/wp-json\/wp\/v2\/tags?post=42841"}],"curies":[{"name":"wp","href":"https:\/\/api.w.org\/{rel}","templated":true}]}}