{"id":46201,"date":"2025-09-30T08:47:52","date_gmt":"2025-09-30T06:47:52","guid":{"rendered":"https:\/\/rrgsuisse.ch\/nouvelle-renault-clio-une-nouvelle-generation-survitaminee"},"modified":"2025-10-01T08:55:39","modified_gmt":"2025-10-01T06:55:39","slug":"der-neue-renault-clio-hatchback-mit-superpower","status":"publish","type":"post","link":"https:\/\/rrgsuisse.ch\/de\/der-neue-renault-clio-hatchback-mit-superpower","title":{"rendered":"Der neue Renault Clio \u2013 Hatchback mit Superpower"},"content":{"rendered":"\n<p><\/p>\n\n\n\n<p>Seit 35 Jahren setzt der Renault Clio Massst\u00e4be auf dem europ\u00e4ischen Automobilmarkt: In f\u00fcnf Modellgenerationen hat sich der Kleinwagen zum meistverkauften franz\u00f6sischen Auto aller Zeiten entwickelt. Schon der erste Clio von 1990 sorgte f\u00fcr Aufsehen: Er konnte in Sachen Qualit\u00e4t mit Fahrzeugen aus h\u00f6heren Segmenten mithalten und bot Ausstattungsmerkmale, die es bis dahin in einem Stadtauto noch nicht gegeben hatte. Der Clio stand f\u00fcr einen bewussten Qualit\u00e4tssprung und eine echte Revolution in seinem Segment. Dies spiegelte sich auch darin wider, dass Renault nach der \u00c4ra des Super 5 f\u00fcr das neue Modell einen richtigen Namen anstelle einer Nummer verwendete.<\/p>\n\n\n\n<p>Im Laufe der Generationen hat der Clio die Standards in seinem Segment immer wieder neu definiert. Er hat die Messlatte bei Design, Komfort, Innenraum, Qualit\u00e4t, Sicherheit, Fahrspass und Multimedia kontinuierlich h\u00f6hergelegt, um den sich wandelnden Bed\u00fcrfnissen der Kundinnen und Kunden gerecht zu werden, und gleichzeitig die Schadstoffemissionen immer weiter reduziert. Gleich zweimal \u2013 1991 und 2006 \u2013 haben ihn die europ\u00e4ischen Automobiljournalisten zum \u201eCar of the Year\u201d in Europa gew\u00e4hlt.<\/p>\n\n\n\n<p>Im Laufe der Jahre hat Renault zahlreiche ikonische Versionen des Clio aufgelegt, vom luxuri\u00f6sen Baccara (und dem ber\u00fchmten Werbeslogan \u201eEr ist nicht teuer genug, mein Sohn\u201d) \u00fcber den Initiale Paris bis hin zum sportlichen 16 S und dem Clio Williams. Nicht zu vergessen der spektakul\u00e4re Clio V6 mit Heck-\/Mittelmotor und der fortschrittliche Full Hybrid E-Tech, der in der f\u00fcnften Generation eingef\u00fchrt wurde und 30 Prozente der Verk\u00e4ufe in Europa ausmachte. Zudem entschieden sich zuletzt 20 Prozent der Kundinnen und Kunden in Europa f\u00fcr die Spitzenversion esprit Alpine.<\/p>\n\n\n\n<p>Insgesamt hat Renault bisher fast 17 Millionen Einheiten des Clio in 120 L\u00e4ndern weltweit verkauft. Damit ist er das meistverkaufte franz\u00f6sische Auto aller Zeiten. Auch in diesem Jahr f\u00fchrt der Clio wieder die Charts an und ist das meistverkaufte Auto in Europa im ersten Halbjahr 2025.<\/p>\n\n\n\n<figure class=\"wp-block-image size-large\"><img fetchpriority=\"high\" decoding=\"async\" width=\"1024\" height=\"576\" src=\"https:\/\/rrgsuisse.ch\/wp-content\/uploads\/2025\/09\/R-DAM_1694661-1024x576.jpg\" alt=\"\" class=\"wp-image-46196\" srcset=\"https:\/\/rrgsuisse.ch\/wp-content\/uploads\/2025\/09\/R-DAM_1694661-1024x576.jpg 1024w, https:\/\/rrgsuisse.ch\/wp-content\/uploads\/2025\/09\/R-DAM_1694661-300x169.jpg 300w, https:\/\/rrgsuisse.ch\/wp-content\/uploads\/2025\/09\/R-DAM_1694661-768x432.jpg 768w, https:\/\/rrgsuisse.ch\/wp-content\/uploads\/2025\/09\/R-DAM_1694661.jpg 1200w\" sizes=\"(max-width: 1024px) 100vw, 1024px\" \/><\/figure>\n\n\n\n<p><\/p>\n\n\n\n<p>Das vielseitige Stadtauto, das schon immer \u201ealles hatte, was ein grossartiges Auto ausmacht\u201d und stets sein Schr\u00e4gheckformat bewahrt hat, ist heute eine moderne kulturelle Ikone. Der Clio spiegelt das Engagement von Renault wider, die Qualit\u00e4tsstandards, Ausstattungsmerkmale und Technologien st\u00e4ndig zu verbessern und die Massst\u00e4be in seiner Kategorie immer wieder neu zu definieren.<\/p>\n\n\n\n<p><strong>Eine neue Generation mit Superkraft<\/strong><br>Die sechste Generation des Renault Clio besticht durch einen neuen unverwechselbaren Stil: ein technischer, hochpr\u00e4zise gestalteter Hatchback der neuen Generation mit einer besonders skulpturalen Silhouette und kraftvollem Look, der den modernen Ansatz der Marke bei Design und Technologie widerspiegelt.<\/p>\n\n\n\n<figure class=\"wp-block-image size-large\"><img decoding=\"async\" width=\"1024\" height=\"576\" src=\"https:\/\/rrgsuisse.ch\/wp-content\/uploads\/2025\/09\/R-DAM_1694655-1024x576.jpg\" alt=\"\" class=\"wp-image-46198\" srcset=\"https:\/\/rrgsuisse.ch\/wp-content\/uploads\/2025\/09\/R-DAM_1694655-1024x576.jpg 1024w, https:\/\/rrgsuisse.ch\/wp-content\/uploads\/2025\/09\/R-DAM_1694655-300x169.jpg 300w, https:\/\/rrgsuisse.ch\/wp-content\/uploads\/2025\/09\/R-DAM_1694655-768x432.jpg 768w, https:\/\/rrgsuisse.ch\/wp-content\/uploads\/2025\/09\/R-DAM_1694655.jpg 1200w\" sizes=\"(max-width: 1024px) 100vw, 1024px\" \/><\/figure>\n\n\n\n<p>Der neue Renault Clio wurde in jeder Hinsicht verbessert. Im Besonderen gilt dies f\u00fcr die Antriebspalette, mit der er sich als das effizienteste Modell im Hybrid-Portfolio von Renault behauptet. Mit dem neuen Vollhybridantrieb Full Hybrid E-Tech, der gegen\u00fcber dem Vorg\u00e4ngermodell noch leistungsst\u00e4rker und effizienter geworden ist, erreicht der Clio nun einen Rekordwert von nur 89 g CO2\/km und einen kombinierten Kraftstoffverbrauch von nur 3,9 Liter\/100 km. Im Vergleich zu einem herk\u00f6mmlichen Benzinmotor spart er bis zu 40 Prozent Kraftstoff und f\u00e4hrt im Stadtverkehr bis zu 80 Prozent der Zeit im Elektromodus. Hinzu kommen ein \u00fcberarbeiteter Benzinmotor und sp\u00e4ter ein LPG-Antrieb mit ebenfalls weiter verbesserter Leistung und Effizienz.<\/p>\n\n\n\n<p>Besonderes Augenmerk wurde auch auf die Qualit\u00e4t im Innenraum gelegt. Recycelte Materialien, ein doppelter V-f\u00f6rmiger Bildschirm mit OpenR link Multimediasystem und integriertem Google, eine Vielzahl von technologischen Features und bis zu 29 hochmoderne Fahrassistenzsysteme (ADAS) werten den Clio auf und r\u00fccken ihn in Richtung h\u00f6heres Segment.<\/p>\n\n\n\n<p>Der neue Renault Clio hat alles, was er braucht, um eine breite Palette von Kundinnen und Kunden anzusprechen: Privat- und Gewerbekunden, treue Clio Fahrerinnen und Fahrer \u00fcber Generationen hinweg sowie auch Neukundinnen und -kunden, die einen kompakten, vielseitigen und dynamischen Hatchback suchen. Bestellungen f\u00fcr den neuen Renault Clio sind noch in diesem Jahr m\u00f6glich.<\/p>\n\n\n\n<p><em>\u00abWir haben den Clio immer als kulturelles Markenzeichen gesehen, als einen wichtigen Teil der Identit\u00e4t von Renault\u00bb<\/em>, sagt&nbsp;<strong>Fabrice Cambolive, CEO der Marke Renault.<\/strong><em>\u00abWenn man an den Clio denkt, denkt man an Renault, und wenn man an Renault denkt, denkt man an den Clio! Mit fast 17 Millionen verkauften Einheiten ist der Clio unser Bestseller \u2013 und mit jeder neuen Generation setzt er neue Massst\u00e4be in seiner Fahrzeugklasse. Diesen Ansatz haben wir auch bei der sechsten Generation verfolgt und das Design, die Antriebe und die Ausstattung \u00fcberarbeitet \u2013 auch Google ist nun mit an Bord. Der neue Clio repr\u00e4sentiert perfekt das hohe Niveau unserer Hybridfahrzeuge, die unsere vollelektrischen Modelle erg\u00e4nzen.\u00bb<\/em><\/p>\n","protected":false},"excerpt":{"rendered":"<p>Markenbestseller und Kleinwagen-Ikone in neuer Generation<br \/>\nMarkantes Design, fortschrittlicher Vollhybridantrieb und zahlreiche neue Technologien f\u00fcr Konnektivit\u00e4t und Sicherheit<br \/>\nProduktion in der T\u00fcrkei \u2013 Bestellungen starten noch in diesem Jahr<\/p>\n","protected":false},"author":1,"featured_media":46195,"comment_status":"closed","ping_status":"open","sticky":false,"template":"","format":"standard","meta":{"_acf_changed":false,"footnotes":""},"categories":[37,127],"tags":[],"class_list":["post-46201","post","type-post","status-publish","format-standard","has-post-thumbnail","hentry","category-a-la-une-de","category-actualite-renault-de"],"acf":[],"yoast_head":"<!-- This site is optimized with the Yoast SEO plugin v27.5 - https:\/\/yoast.com\/product\/yoast-seo-wordpress\/ -->\n<title>Der neue Renault Clio \u2013 Hatchback mit Superpower - RRG Suisse<\/title>\n<meta name=\"robots\" content=\"index, follow, max-snippet:-1, max-image-preview:large, max-video-preview:-1\" \/>\n<link rel=\"canonical\" href=\"https:\/\/rrgsuisse.ch\/de\/der-neue-renault-clio-hatchback-mit-superpower\" \/>\n<meta property=\"og:locale\" content=\"de_DE\" \/>\n<meta property=\"og:type\" content=\"article\" \/>\n<meta property=\"og:title\" content=\"Der neue Renault Clio \u2013 Hatchback mit Superpower - RRG Suisse\" \/>\n<meta property=\"og:description\" content=\"Markenbestseller und Kleinwagen-Ikone in neuer Generation Markantes Design, fortschrittlicher Vollhybridantrieb und zahlreiche neue Technologien f\u00fcr Konnektivit\u00e4t und Sicherheit Produktion in der T\u00fcrkei \u2013 Bestellungen starten noch in diesem Jahr\" \/>\n<meta property=\"og:url\" content=\"https:\/\/rrgsuisse.ch\/de\/der-neue-renault-clio-hatchback-mit-superpower\" \/>\n<meta property=\"og:site_name\" content=\"RRG Suisse\" \/>\n<meta property=\"article:published_time\" content=\"2025-09-30T06:47:52+00:00\" \/>\n<meta property=\"article:modified_time\" content=\"2025-10-01T06:55:39+00:00\" \/>\n<meta property=\"og:image\" content=\"https:\/\/rrgsuisse.ch\/wp-content\/uploads\/2025\/09\/R-DAM_1694604.jpg\" \/>\n\t<meta property=\"og:image:width\" content=\"1200\" \/>\n\t<meta property=\"og:image:height\" content=\"675\" \/>\n\t<meta property=\"og:image:type\" content=\"image\/jpeg\" \/>\n<meta name=\"author\" content=\"rrgsuisse\" \/>\n<meta name=\"twitter:card\" content=\"summary_large_image\" \/>\n<meta name=\"twitter:label1\" content=\"Geschrieben von\" \/>\n\t<meta name=\"twitter:data1\" content=\"rrgsuisse\" \/>\n\t<meta name=\"twitter:label2\" content=\"Gesch\u00e4tzte Lesezeit\" \/>\n\t<meta name=\"twitter:data2\" content=\"5\u00a0Minuten\" \/>\n<script type=\"application\/ld+json\" class=\"yoast-schema-graph\">{\"@context\":\"https:\\\/\\\/schema.org\",\"@graph\":[{\"@type\":\"Article\",\"@id\":\"https:\\\/\\\/rrgsuisse.ch\\\/de\\\/der-neue-renault-clio-hatchback-mit-superpower#article\",\"isPartOf\":{\"@id\":\"https:\\\/\\\/rrgsuisse.ch\\\/de\\\/der-neue-renault-clio-hatchback-mit-superpower\"},\"author\":{\"name\":\"rrgsuisse\",\"@id\":\"https:\\\/\\\/rrgsuisse.ch\\\/de#\\\/schema\\\/person\\\/3fb0fceb9f1a5bcb4c674661a09ea4f7\"},\"headline\":\"Der neue Renault Clio \u2013 Hatchback mit Superpower\",\"datePublished\":\"2025-09-30T06:47:52+00:00\",\"dateModified\":\"2025-10-01T06:55:39+00:00\",\"mainEntityOfPage\":{\"@id\":\"https:\\\/\\\/rrgsuisse.ch\\\/de\\\/der-neue-renault-clio-hatchback-mit-superpower\"},\"wordCount\":752,\"image\":{\"@id\":\"https:\\\/\\\/rrgsuisse.ch\\\/de\\\/der-neue-renault-clio-hatchback-mit-superpower#primaryimage\"},\"thumbnailUrl\":\"https:\\\/\\\/rrgsuisse.ch\\\/wp-content\\\/uploads\\\/2025\\\/09\\\/R-DAM_1694604.jpg\",\"articleSection\":[\"A la une\",\"Actualit\u00e9 Renault\"],\"inLanguage\":\"de-CH\"},{\"@type\":\"WebPage\",\"@id\":\"https:\\\/\\\/rrgsuisse.ch\\\/de\\\/der-neue-renault-clio-hatchback-mit-superpower\",\"url\":\"https:\\\/\\\/rrgsuisse.ch\\\/de\\\/der-neue-renault-clio-hatchback-mit-superpower\",\"name\":\"Der neue Renault Clio \u2013 Hatchback mit Superpower - RRG Suisse\",\"isPartOf\":{\"@id\":\"https:\\\/\\\/rrgsuisse.ch\\\/de#website\"},\"primaryImageOfPage\":{\"@id\":\"https:\\\/\\\/rrgsuisse.ch\\\/de\\\/der-neue-renault-clio-hatchback-mit-superpower#primaryimage\"},\"image\":{\"@id\":\"https:\\\/\\\/rrgsuisse.ch\\\/de\\\/der-neue-renault-clio-hatchback-mit-superpower#primaryimage\"},\"thumbnailUrl\":\"https:\\\/\\\/rrgsuisse.ch\\\/wp-content\\\/uploads\\\/2025\\\/09\\\/R-DAM_1694604.jpg\",\"datePublished\":\"2025-09-30T06:47:52+00:00\",\"dateModified\":\"2025-10-01T06:55:39+00:00\",\"author\":{\"@id\":\"https:\\\/\\\/rrgsuisse.ch\\\/de#\\\/schema\\\/person\\\/3fb0fceb9f1a5bcb4c674661a09ea4f7\"},\"breadcrumb\":{\"@id\":\"https:\\\/\\\/rrgsuisse.ch\\\/de\\\/der-neue-renault-clio-hatchback-mit-superpower#breadcrumb\"},\"inLanguage\":\"de-CH\",\"potentialAction\":[{\"@type\":\"ReadAction\",\"target\":[\"https:\\\/\\\/rrgsuisse.ch\\\/de\\\/der-neue-renault-clio-hatchback-mit-superpower\"]}]},{\"@type\":\"ImageObject\",\"inLanguage\":\"de-CH\",\"@id\":\"https:\\\/\\\/rrgsuisse.ch\\\/de\\\/der-neue-renault-clio-hatchback-mit-superpower#primaryimage\",\"url\":\"https:\\\/\\\/rrgsuisse.ch\\\/wp-content\\\/uploads\\\/2025\\\/09\\\/R-DAM_1694604.jpg\",\"contentUrl\":\"https:\\\/\\\/rrgsuisse.ch\\\/wp-content\\\/uploads\\\/2025\\\/09\\\/R-DAM_1694604.jpg\",\"width\":1200,\"height\":675},{\"@type\":\"BreadcrumbList\",\"@id\":\"https:\\\/\\\/rrgsuisse.ch\\\/de\\\/der-neue-renault-clio-hatchback-mit-superpower#breadcrumb\",\"itemListElement\":[{\"@type\":\"ListItem\",\"position\":1,\"name\":\"Home\",\"item\":\"https:\\\/\\\/rrgsuisse.ch\\\/de\"},{\"@type\":\"ListItem\",\"position\":2,\"name\":\"Der neue Renault Clio \u2013 Hatchback mit Superpower\"}]},{\"@type\":\"WebSite\",\"@id\":\"https:\\\/\\\/rrgsuisse.ch\\\/de#website\",\"url\":\"https:\\\/\\\/rrgsuisse.ch\\\/de\",\"name\":\"RRG Suisse\",\"description\":\"Retail Renault Group - Revendeur officiel Renault, Dacia, Nissan\",\"potentialAction\":[{\"@type\":\"SearchAction\",\"target\":{\"@type\":\"EntryPoint\",\"urlTemplate\":\"https:\\\/\\\/rrgsuisse.ch\\\/de?s={search_term_string}\"},\"query-input\":{\"@type\":\"PropertyValueSpecification\",\"valueRequired\":true,\"valueName\":\"search_term_string\"}}],\"inLanguage\":\"de-CH\"},{\"@type\":\"Person\",\"@id\":\"https:\\\/\\\/rrgsuisse.ch\\\/de#\\\/schema\\\/person\\\/3fb0fceb9f1a5bcb4c674661a09ea4f7\",\"name\":\"rrgsuisse\",\"image\":{\"@type\":\"ImageObject\",\"inLanguage\":\"de-CH\",\"@id\":\"https:\\\/\\\/secure.gravatar.com\\\/avatar\\\/5e8e0f3f10010a38feb43e707770c4c97735143a26d51396eb4f3ea6bb49ed57?s=96&d=mm&r=g\",\"url\":\"https:\\\/\\\/secure.gravatar.com\\\/avatar\\\/5e8e0f3f10010a38feb43e707770c4c97735143a26d51396eb4f3ea6bb49ed57?s=96&d=mm&r=g\",\"contentUrl\":\"https:\\\/\\\/secure.gravatar.com\\\/avatar\\\/5e8e0f3f10010a38feb43e707770c4c97735143a26d51396eb4f3ea6bb49ed57?s=96&d=mm&r=g\",\"caption\":\"rrgsuisse\"},\"sameAs\":[\"https:\\\/\\\/rrgsuisse.ch\"],\"url\":\"https:\\\/\\\/rrgsuisse.ch\\\/de\\\/author\\\/rrgsuisse\"}]}<\/script>\n<!-- \/ Yoast SEO plugin. -->","yoast_head_json":{"title":"Der neue Renault Clio \u2013 Hatchback mit Superpower - RRG Suisse","robots":{"index":"index","follow":"follow","max-snippet":"max-snippet:-1","max-image-preview":"max-image-preview:large","max-video-preview":"max-video-preview:-1"},"canonical":"https:\/\/rrgsuisse.ch\/de\/der-neue-renault-clio-hatchback-mit-superpower","og_locale":"de_DE","og_type":"article","og_title":"Der neue Renault Clio \u2013 Hatchback mit Superpower - RRG Suisse","og_description":"Markenbestseller und Kleinwagen-Ikone in neuer Generation Markantes Design, fortschrittlicher Vollhybridantrieb und zahlreiche neue Technologien f\u00fcr Konnektivit\u00e4t und Sicherheit Produktion in der T\u00fcrkei \u2013 Bestellungen starten noch in diesem Jahr","og_url":"https:\/\/rrgsuisse.ch\/de\/der-neue-renault-clio-hatchback-mit-superpower","og_site_name":"RRG Suisse","article_published_time":"2025-09-30T06:47:52+00:00","article_modified_time":"2025-10-01T06:55:39+00:00","og_image":[{"width":1200,"height":675,"url":"https:\/\/rrgsuisse.ch\/wp-content\/uploads\/2025\/09\/R-DAM_1694604.jpg","type":"image\/jpeg"}],"author":"rrgsuisse","twitter_card":"summary_large_image","twitter_misc":{"Geschrieben von":"rrgsuisse","Gesch\u00e4tzte Lesezeit":"5\u00a0Minuten"},"schema":{"@context":"https:\/\/schema.org","@graph":[{"@type":"Article","@id":"https:\/\/rrgsuisse.ch\/de\/der-neue-renault-clio-hatchback-mit-superpower#article","isPartOf":{"@id":"https:\/\/rrgsuisse.ch\/de\/der-neue-renault-clio-hatchback-mit-superpower"},"author":{"name":"rrgsuisse","@id":"https:\/\/rrgsuisse.ch\/de#\/schema\/person\/3fb0fceb9f1a5bcb4c674661a09ea4f7"},"headline":"Der neue Renault Clio \u2013 Hatchback mit Superpower","datePublished":"2025-09-30T06:47:52+00:00","dateModified":"2025-10-01T06:55:39+00:00","mainEntityOfPage":{"@id":"https:\/\/rrgsuisse.ch\/de\/der-neue-renault-clio-hatchback-mit-superpower"},"wordCount":752,"image":{"@id":"https:\/\/rrgsuisse.ch\/de\/der-neue-renault-clio-hatchback-mit-superpower#primaryimage"},"thumbnailUrl":"https:\/\/rrgsuisse.ch\/wp-content\/uploads\/2025\/09\/R-DAM_1694604.jpg","articleSection":["A la une","Actualit\u00e9 Renault"],"inLanguage":"de-CH"},{"@type":"WebPage","@id":"https:\/\/rrgsuisse.ch\/de\/der-neue-renault-clio-hatchback-mit-superpower","url":"https:\/\/rrgsuisse.ch\/de\/der-neue-renault-clio-hatchback-mit-superpower","name":"Der neue Renault Clio \u2013 Hatchback mit Superpower - RRG Suisse","isPartOf":{"@id":"https:\/\/rrgsuisse.ch\/de#website"},"primaryImageOfPage":{"@id":"https:\/\/rrgsuisse.ch\/de\/der-neue-renault-clio-hatchback-mit-superpower#primaryimage"},"image":{"@id":"https:\/\/rrgsuisse.ch\/de\/der-neue-renault-clio-hatchback-mit-superpower#primaryimage"},"thumbnailUrl":"https:\/\/rrgsuisse.ch\/wp-content\/uploads\/2025\/09\/R-DAM_1694604.jpg","datePublished":"2025-09-30T06:47:52+00:00","dateModified":"2025-10-01T06:55:39+00:00","author":{"@id":"https:\/\/rrgsuisse.ch\/de#\/schema\/person\/3fb0fceb9f1a5bcb4c674661a09ea4f7"},"breadcrumb":{"@id":"https:\/\/rrgsuisse.ch\/de\/der-neue-renault-clio-hatchback-mit-superpower#breadcrumb"},"inLanguage":"de-CH","potentialAction":[{"@type":"ReadAction","target":["https:\/\/rrgsuisse.ch\/de\/der-neue-renault-clio-hatchback-mit-superpower"]}]},{"@type":"ImageObject","inLanguage":"de-CH","@id":"https:\/\/rrgsuisse.ch\/de\/der-neue-renault-clio-hatchback-mit-superpower#primaryimage","url":"https:\/\/rrgsuisse.ch\/wp-content\/uploads\/2025\/09\/R-DAM_1694604.jpg","contentUrl":"https:\/\/rrgsuisse.ch\/wp-content\/uploads\/2025\/09\/R-DAM_1694604.jpg","width":1200,"height":675},{"@type":"BreadcrumbList","@id":"https:\/\/rrgsuisse.ch\/de\/der-neue-renault-clio-hatchback-mit-superpower#breadcrumb","itemListElement":[{"@type":"ListItem","position":1,"name":"Home","item":"https:\/\/rrgsuisse.ch\/de"},{"@type":"ListItem","position":2,"name":"Der neue Renault Clio \u2013 Hatchback mit Superpower"}]},{"@type":"WebSite","@id":"https:\/\/rrgsuisse.ch\/de#website","url":"https:\/\/rrgsuisse.ch\/de","name":"RRG Suisse","description":"Retail Renault Group - Revendeur officiel Renault, Dacia, Nissan","potentialAction":[{"@type":"SearchAction","target":{"@type":"EntryPoint","urlTemplate":"https:\/\/rrgsuisse.ch\/de?s={search_term_string}"},"query-input":{"@type":"PropertyValueSpecification","valueRequired":true,"valueName":"search_term_string"}}],"inLanguage":"de-CH"},{"@type":"Person","@id":"https:\/\/rrgsuisse.ch\/de#\/schema\/person\/3fb0fceb9f1a5bcb4c674661a09ea4f7","name":"rrgsuisse","image":{"@type":"ImageObject","inLanguage":"de-CH","@id":"https:\/\/secure.gravatar.com\/avatar\/5e8e0f3f10010a38feb43e707770c4c97735143a26d51396eb4f3ea6bb49ed57?s=96&d=mm&r=g","url":"https:\/\/secure.gravatar.com\/avatar\/5e8e0f3f10010a38feb43e707770c4c97735143a26d51396eb4f3ea6bb49ed57?s=96&d=mm&r=g","contentUrl":"https:\/\/secure.gravatar.com\/avatar\/5e8e0f3f10010a38feb43e707770c4c97735143a26d51396eb4f3ea6bb49ed57?s=96&d=mm&r=g","caption":"rrgsuisse"},"sameAs":["https:\/\/rrgsuisse.ch"],"url":"https:\/\/rrgsuisse.ch\/de\/author\/rrgsuisse"}]}},"wpml_current_locale":"de_CH","wpml_translations":[],"_links":{"self":[{"href":"https:\/\/rrgsuisse.ch\/de\/wp-json\/wp\/v2\/posts\/46201","targetHints":{"allow":["GET"]}}],"collection":[{"href":"https:\/\/rrgsuisse.ch\/de\/wp-json\/wp\/v2\/posts"}],"about":[{"href":"https:\/\/rrgsuisse.ch\/de\/wp-json\/wp\/v2\/types\/post"}],"author":[{"embeddable":true,"href":"https:\/\/rrgsuisse.ch\/de\/wp-json\/wp\/v2\/users\/1"}],"replies":[{"embeddable":true,"href":"https:\/\/rrgsuisse.ch\/de\/wp-json\/wp\/v2\/comments?post=46201"}],"version-history":[{"count":2,"href":"https:\/\/rrgsuisse.ch\/de\/wp-json\/wp\/v2\/posts\/46201\/revisions"}],"predecessor-version":[{"id":46221,"href":"https:\/\/rrgsuisse.ch\/de\/wp-json\/wp\/v2\/posts\/46201\/revisions\/46221"}],"wp:featuredmedia":[{"embeddable":true,"href":"https:\/\/rrgsuisse.ch\/de\/wp-json\/wp\/v2\/media\/46195"}],"wp:attachment":[{"href":"https:\/\/rrgsuisse.ch\/de\/wp-json\/wp\/v2\/media?parent=46201"}],"wp:term":[{"taxonomy":"category","embeddable":true,"href":"https:\/\/rrgsuisse.ch\/de\/wp-json\/wp\/v2\/categories?post=46201"},{"taxonomy":"post_tag","embeddable":true,"href":"https:\/\/rrgsuisse.ch\/de\/wp-json\/wp\/v2\/tags?post=46201"}],"curies":[{"name":"wp","href":"https:\/\/api.w.org\/{rel}","templated":true}]}}