{"id":51238,"date":"2026-08-31T10:17:24","date_gmt":"2026-08-31T08:17:24","guid":{"rendered":"https:\/\/rrgsuisse.ch\/renault-auf-der-iaa-transportation-2026-in-hannover"},"modified":"2026-08-31T10:17:30","modified_gmt":"2026-08-31T08:17:30","slug":"renault-auf-der-iaa-transportation-2026-in-hannover","status":"publish","type":"post","link":"https:\/\/rrgsuisse.ch\/de\/renault-auf-der-iaa-transportation-2026-in-hannover","title":{"rendered":"Renault auf der IAA Transportation 2026 in Hannover"},"content":{"rendered":"<div class=\"description\">\n\t\t\t\t\t\t\t\t\tRenault setzt seine Offensive im Segment der leichten Nutzfahrzeuge konsequent fort und pr\u00e4sentiert sich auf der IAA TRANSPORTATION 2026 (15. bis 20. September) in Hannover als einer der f\u00fchrenden Akteure des europ\u00e4ischen Transportermarktes.<\/p>\n<figure class=\"wp-block-image\"><img decoding=\"async\" src=\"https:\/\/media.renault.ch\/__\/165310.764af245.jpg\" alt=\"\" \/><\/figure>\n<figure class=\"wp-block-image\"><img decoding=\"async\" src=\"https:\/\/media.renault.ch\/__\/165311.7c9b807f.jpg\" alt=\"\" \/><\/figure>\n<p>\nAm 14. September findet um 9:20 Uhr eine Pressekonferenz statt, bei der Jan Ptacek, Vice President Renault LCV, Fr\u00e9d\u00e9ric Clermont, Vice President Product LCV, und Zakaria Zeghari, Vice President Sales &amp; Marketing LCV, Einblicke in die strategische Ausrichtung der Marke im Nutzfahrzeuggesch\u00e4ft geben. Im Mittelpunkt steht dabei die detaillierte Vorstellung des neuen Renault Trafic E-Tech electric. Dar\u00fcber hinaus informieren sie \u00fcber aktuelle Entwicklungen im Bereich Services sowie \u00fcber neue Umbaul\u00f6sungen.<\/p>\n<p>Die Pressekonferenz wird live \u00fcbertragen und anschliessend als Aufzeichnung bereitgestellt: <a target=\"_blank\" href=\"https:\/\/events.renault.com\/?utm_campaign=hanover_2026&amp;utm_medium=referral&amp;utm_source=renault_media\">https:\/\/events.renault.com\/?utm_campaign=hanover_2026&amp;utm_medium=referral&amp;utm_source=renault_media<\/a><\/p>\n<p>In Halle 13 pr\u00e4sentiert Renault auf einer Ausstellungsfl\u00e4che von 1.200 Quadratmetern insgesamt 12 leichte Nutzfahrzeuge. Die Exponate bilden die gesamte Modellpalette der Marke ab und umfassen neben Serienfahrzeugen auch mehrere speziell f\u00fcr unterschiedliche Einsatzzwecke umgebaute Varianten.\n\t\t\t\t\t\t\t\t<\/p><\/div>\n","protected":false},"excerpt":{"rendered":"<p>Renault schl\u00e4gt mit neuem Trafic Van E-Tech electric ein neues Kapitel seiner leichten Nutzfahrzeuge auf der IAA TRANSPORTATION 2026 in Hannover aufPressekonferenz am 14. September 2026 um 9:20 Uhr wird live \u00fcbertragenRenault Pro+ mit 12 leichten Nutzfahrzeugen in Halle 13 vertreten<\/p>\n","protected":false},"author":1,"featured_media":51239,"comment_status":"closed","ping_status":"open","sticky":false,"template":"","format":"standard","meta":{"_acf_changed":false,"footnotes":""},"categories":[37,127],"tags":[],"class_list":["post-51238","post","type-post","status-publish","format-standard","has-post-thumbnail","hentry","category-a-la-une-de","category-actualite-renault-de"],"acf":[],"yoast_head":"<!-- This site is optimized with the Yoast SEO plugin v28.4 - https:\/\/yoast.com\/product\/yoast-seo-wordpress\/ -->\n<title>Renault auf der IAA Transportation 2026 in Hannover - RRG Suisse<\/title>\n<meta name=\"robots\" content=\"index, follow, max-snippet:-1, max-image-preview:large, max-video-preview:-1\" \/>\n<link rel=\"canonical\" href=\"https:\/\/rrgsuisse.ch\/de\/renault-auf-der-iaa-transportation-2026-in-hannover\" \/>\n<meta property=\"og:locale\" content=\"de_DE\" \/>\n<meta property=\"og:type\" content=\"article\" \/>\n<meta property=\"og:title\" content=\"Renault auf der IAA Transportation 2026 in Hannover - RRG Suisse\" \/>\n<meta property=\"og:description\" content=\"Renault schl\u00e4gt mit neuem Trafic Van E-Tech electric ein neues Kapitel seiner leichten Nutzfahrzeuge auf der IAA TRANSPORTATION 2026 in Hannover aufPressekonferenz am 14. September 2026 um 9:20 Uhr wird live \u00fcbertragenRenault Pro+ mit 12 leichten Nutzfahrzeugen in Halle 13 vertreten\" \/>\n<meta property=\"og:url\" content=\"https:\/\/rrgsuisse.ch\/de\/renault-auf-der-iaa-transportation-2026-in-hannover\" \/>\n<meta property=\"og:site_name\" content=\"RRG Suisse\" \/>\n<meta property=\"article:published_time\" content=\"2026-08-31T08:17:24+00:00\" \/>\n<meta property=\"article:modified_time\" content=\"2026-08-31T08:17:30+00:00\" \/>\n<meta property=\"og:image\" content=\"https:\/\/media.renault.ch\/__\/165310.764af245.jpg\" \/>\n<meta name=\"author\" content=\"rrgsuisse\" \/>\n<meta name=\"twitter:card\" content=\"summary_large_image\" \/>\n<meta name=\"twitter:label1\" content=\"Geschrieben von\" \/>\n\t<meta name=\"twitter:data1\" content=\"rrgsuisse\" \/>\n\t<meta name=\"twitter:label2\" content=\"Gesch\u00e4tzte Lesezeit\" \/>\n\t<meta name=\"twitter:data2\" content=\"1\u00a0Minute\" \/>\n<script type=\"application\/ld+json\" class=\"yoast-schema-graph\">{\"@context\":\"https:\\\/\\\/schema.org\",\"@graph\":[{\"@type\":\"Article\",\"@id\":\"https:\\\/\\\/rrgsuisse.ch\\\/de\\\/renault-auf-der-iaa-transportation-2026-in-hannover#article\",\"isPartOf\":{\"@id\":\"https:\\\/\\\/rrgsuisse.ch\\\/de\\\/renault-auf-der-iaa-transportation-2026-in-hannover\"},\"author\":{\"name\":\"rrgsuisse\",\"@id\":\"https:\\\/\\\/rrgsuisse.ch\\\/de#\\\/schema\\\/person\\\/3fb0fceb9f1a5bcb4c674661a09ea4f7\"},\"headline\":\"Renault auf der IAA Transportation 2026 in Hannover\",\"datePublished\":\"2026-08-31T08:17:24+00:00\",\"dateModified\":\"2026-08-31T08:17:30+00:00\",\"mainEntityOfPage\":{\"@id\":\"https:\\\/\\\/rrgsuisse.ch\\\/de\\\/renault-auf-der-iaa-transportation-2026-in-hannover\"},\"wordCount\":175,\"image\":{\"@id\":\"https:\\\/\\\/rrgsuisse.ch\\\/de\\\/renault-auf-der-iaa-transportation-2026-in-hannover#primaryimage\"},\"thumbnailUrl\":\"https:\\\/\\\/rrgsuisse.ch\\\/wp-content\\\/uploads\\\/2026\\\/08\\\/165309.f4cfc6d9-1.jpg\",\"articleSection\":[\"A la une\",\"Actualit\u00e9 Renault\"],\"inLanguage\":\"de-CH\"},{\"@type\":\"WebPage\",\"@id\":\"https:\\\/\\\/rrgsuisse.ch\\\/de\\\/renault-auf-der-iaa-transportation-2026-in-hannover\",\"url\":\"https:\\\/\\\/rrgsuisse.ch\\\/de\\\/renault-auf-der-iaa-transportation-2026-in-hannover\",\"name\":\"Renault auf der IAA Transportation 2026 in Hannover - RRG Suisse\",\"isPartOf\":{\"@id\":\"https:\\\/\\\/rrgsuisse.ch\\\/de#website\"},\"primaryImageOfPage\":{\"@id\":\"https:\\\/\\\/rrgsuisse.ch\\\/de\\\/renault-auf-der-iaa-transportation-2026-in-hannover#primaryimage\"},\"image\":{\"@id\":\"https:\\\/\\\/rrgsuisse.ch\\\/de\\\/renault-auf-der-iaa-transportation-2026-in-hannover#primaryimage\"},\"thumbnailUrl\":\"https:\\\/\\\/rrgsuisse.ch\\\/wp-content\\\/uploads\\\/2026\\\/08\\\/165309.f4cfc6d9-1.jpg\",\"datePublished\":\"2026-08-31T08:17:24+00:00\",\"dateModified\":\"2026-08-31T08:17:30+00:00\",\"author\":{\"@id\":\"https:\\\/\\\/rrgsuisse.ch\\\/de#\\\/schema\\\/person\\\/3fb0fceb9f1a5bcb4c674661a09ea4f7\"},\"breadcrumb\":{\"@id\":\"https:\\\/\\\/rrgsuisse.ch\\\/de\\\/renault-auf-der-iaa-transportation-2026-in-hannover#breadcrumb\"},\"inLanguage\":\"de-CH\",\"potentialAction\":[{\"@type\":\"ReadAction\",\"target\":[\"https:\\\/\\\/rrgsuisse.ch\\\/de\\\/renault-auf-der-iaa-transportation-2026-in-hannover\"]}]},{\"@type\":\"ImageObject\",\"inLanguage\":\"de-CH\",\"@id\":\"https:\\\/\\\/rrgsuisse.ch\\\/de\\\/renault-auf-der-iaa-transportation-2026-in-hannover#primaryimage\",\"url\":\"https:\\\/\\\/rrgsuisse.ch\\\/wp-content\\\/uploads\\\/2026\\\/08\\\/165309.f4cfc6d9-1.jpg\",\"contentUrl\":\"https:\\\/\\\/rrgsuisse.ch\\\/wp-content\\\/uploads\\\/2026\\\/08\\\/165309.f4cfc6d9-1.jpg\",\"width\":1200,\"height\":675},{\"@type\":\"BreadcrumbList\",\"@id\":\"https:\\\/\\\/rrgsuisse.ch\\\/de\\\/renault-auf-der-iaa-transportation-2026-in-hannover#breadcrumb\",\"itemListElement\":[{\"@type\":\"ListItem\",\"position\":1,\"name\":\"Home\",\"item\":\"https:\\\/\\\/rrgsuisse.ch\\\/de\"},{\"@type\":\"ListItem\",\"position\":2,\"name\":\"Renault auf der IAA Transportation 2026 in Hannover\"}]},{\"@type\":\"WebSite\",\"@id\":\"https:\\\/\\\/rrgsuisse.ch\\\/de#website\",\"url\":\"https:\\\/\\\/rrgsuisse.ch\\\/de\",\"name\":\"RRG Suisse\",\"description\":\"Retail Renault Group - Revendeur officiel Renault, Dacia, Nissan\",\"potentialAction\":[{\"@type\":\"SearchAction\",\"target\":{\"@type\":\"EntryPoint\",\"urlTemplate\":\"https:\\\/\\\/rrgsuisse.ch\\\/de?s={search_term_string}\"},\"query-input\":{\"@type\":\"PropertyValueSpecification\",\"valueRequired\":true,\"valueName\":\"search_term_string\"}}],\"inLanguage\":\"de-CH\"},{\"@type\":\"Person\",\"@id\":\"https:\\\/\\\/rrgsuisse.ch\\\/de#\\\/schema\\\/person\\\/3fb0fceb9f1a5bcb4c674661a09ea4f7\",\"name\":\"rrgsuisse\",\"image\":{\"@type\":\"ImageObject\",\"inLanguage\":\"de-CH\",\"@id\":\"https:\\\/\\\/secure.gravatar.com\\\/avatar\\\/5e8e0f3f10010a38feb43e707770c4c97735143a26d51396eb4f3ea6bb49ed57?s=96&d=mm&r=g\",\"url\":\"https:\\\/\\\/secure.gravatar.com\\\/avatar\\\/5e8e0f3f10010a38feb43e707770c4c97735143a26d51396eb4f3ea6bb49ed57?s=96&d=mm&r=g\",\"contentUrl\":\"https:\\\/\\\/secure.gravatar.com\\\/avatar\\\/5e8e0f3f10010a38feb43e707770c4c97735143a26d51396eb4f3ea6bb49ed57?s=96&d=mm&r=g\",\"caption\":\"rrgsuisse\"},\"sameAs\":[\"https:\\\/\\\/rrgsuisse.ch\"],\"url\":\"https:\\\/\\\/rrgsuisse.ch\\\/de\\\/author\\\/rrgsuisse\"}]}<\/script>\n<!-- \/ Yoast SEO plugin. -->","yoast_head_json":{"title":"Renault auf der IAA Transportation 2026 in Hannover - RRG Suisse","robots":{"index":"index","follow":"follow","max-snippet":"max-snippet:-1","max-image-preview":"max-image-preview:large","max-video-preview":"max-video-preview:-1"},"canonical":"https:\/\/rrgsuisse.ch\/de\/renault-auf-der-iaa-transportation-2026-in-hannover","og_locale":"de_DE","og_type":"article","og_title":"Renault auf der IAA Transportation 2026 in Hannover - RRG Suisse","og_description":"Renault schl\u00e4gt mit neuem Trafic Van E-Tech electric ein neues Kapitel seiner leichten Nutzfahrzeuge auf der IAA TRANSPORTATION 2026 in Hannover aufPressekonferenz am 14. September 2026 um 9:20 Uhr wird live \u00fcbertragenRenault Pro+ mit 12 leichten Nutzfahrzeugen in Halle 13 vertreten","og_url":"https:\/\/rrgsuisse.ch\/de\/renault-auf-der-iaa-transportation-2026-in-hannover","og_site_name":"RRG Suisse","article_published_time":"2026-08-31T08:17:24+00:00","article_modified_time":"2026-08-31T08:17:30+00:00","og_image":[{"url":"https:\/\/media.renault.ch\/__\/165310.764af245.jpg","type":"","width":"","height":""}],"author":"rrgsuisse","twitter_card":"summary_large_image","twitter_misc":{"Geschrieben von":"rrgsuisse","Gesch\u00e4tzte Lesezeit":"1\u00a0Minute"},"schema":{"@context":"https:\/\/schema.org","@graph":[{"@type":"Article","@id":"https:\/\/rrgsuisse.ch\/de\/renault-auf-der-iaa-transportation-2026-in-hannover#article","isPartOf":{"@id":"https:\/\/rrgsuisse.ch\/de\/renault-auf-der-iaa-transportation-2026-in-hannover"},"author":{"name":"rrgsuisse","@id":"https:\/\/rrgsuisse.ch\/de#\/schema\/person\/3fb0fceb9f1a5bcb4c674661a09ea4f7"},"headline":"Renault auf der IAA Transportation 2026 in Hannover","datePublished":"2026-08-31T08:17:24+00:00","dateModified":"2026-08-31T08:17:30+00:00","mainEntityOfPage":{"@id":"https:\/\/rrgsuisse.ch\/de\/renault-auf-der-iaa-transportation-2026-in-hannover"},"wordCount":175,"image":{"@id":"https:\/\/rrgsuisse.ch\/de\/renault-auf-der-iaa-transportation-2026-in-hannover#primaryimage"},"thumbnailUrl":"https:\/\/rrgsuisse.ch\/wp-content\/uploads\/2026\/08\/165309.f4cfc6d9-1.jpg","articleSection":["A la une","Actualit\u00e9 Renault"],"inLanguage":"de-CH"},{"@type":"WebPage","@id":"https:\/\/rrgsuisse.ch\/de\/renault-auf-der-iaa-transportation-2026-in-hannover","url":"https:\/\/rrgsuisse.ch\/de\/renault-auf-der-iaa-transportation-2026-in-hannover","name":"Renault auf der IAA Transportation 2026 in Hannover - RRG Suisse","isPartOf":{"@id":"https:\/\/rrgsuisse.ch\/de#website"},"primaryImageOfPage":{"@id":"https:\/\/rrgsuisse.ch\/de\/renault-auf-der-iaa-transportation-2026-in-hannover#primaryimage"},"image":{"@id":"https:\/\/rrgsuisse.ch\/de\/renault-auf-der-iaa-transportation-2026-in-hannover#primaryimage"},"thumbnailUrl":"https:\/\/rrgsuisse.ch\/wp-content\/uploads\/2026\/08\/165309.f4cfc6d9-1.jpg","datePublished":"2026-08-31T08:17:24+00:00","dateModified":"2026-08-31T08:17:30+00:00","author":{"@id":"https:\/\/rrgsuisse.ch\/de#\/schema\/person\/3fb0fceb9f1a5bcb4c674661a09ea4f7"},"breadcrumb":{"@id":"https:\/\/rrgsuisse.ch\/de\/renault-auf-der-iaa-transportation-2026-in-hannover#breadcrumb"},"inLanguage":"de-CH","potentialAction":[{"@type":"ReadAction","target":["https:\/\/rrgsuisse.ch\/de\/renault-auf-der-iaa-transportation-2026-in-hannover"]}]},{"@type":"ImageObject","inLanguage":"de-CH","@id":"https:\/\/rrgsuisse.ch\/de\/renault-auf-der-iaa-transportation-2026-in-hannover#primaryimage","url":"https:\/\/rrgsuisse.ch\/wp-content\/uploads\/2026\/08\/165309.f4cfc6d9-1.jpg","contentUrl":"https:\/\/rrgsuisse.ch\/wp-content\/uploads\/2026\/08\/165309.f4cfc6d9-1.jpg","width":1200,"height":675},{"@type":"BreadcrumbList","@id":"https:\/\/rrgsuisse.ch\/de\/renault-auf-der-iaa-transportation-2026-in-hannover#breadcrumb","itemListElement":[{"@type":"ListItem","position":1,"name":"Home","item":"https:\/\/rrgsuisse.ch\/de"},{"@type":"ListItem","position":2,"name":"Renault auf der IAA Transportation 2026 in Hannover"}]},{"@type":"WebSite","@id":"https:\/\/rrgsuisse.ch\/de#website","url":"https:\/\/rrgsuisse.ch\/de","name":"RRG Suisse","description":"Retail Renault Group - Revendeur officiel Renault, Dacia, Nissan","potentialAction":[{"@type":"SearchAction","target":{"@type":"EntryPoint","urlTemplate":"https:\/\/rrgsuisse.ch\/de?s={search_term_string}"},"query-input":{"@type":"PropertyValueSpecification","valueRequired":true,"valueName":"search_term_string"}}],"inLanguage":"de-CH"},{"@type":"Person","@id":"https:\/\/rrgsuisse.ch\/de#\/schema\/person\/3fb0fceb9f1a5bcb4c674661a09ea4f7","name":"rrgsuisse","image":{"@type":"ImageObject","inLanguage":"de-CH","@id":"https:\/\/secure.gravatar.com\/avatar\/5e8e0f3f10010a38feb43e707770c4c97735143a26d51396eb4f3ea6bb49ed57?s=96&d=mm&r=g","url":"https:\/\/secure.gravatar.com\/avatar\/5e8e0f3f10010a38feb43e707770c4c97735143a26d51396eb4f3ea6bb49ed57?s=96&d=mm&r=g","contentUrl":"https:\/\/secure.gravatar.com\/avatar\/5e8e0f3f10010a38feb43e707770c4c97735143a26d51396eb4f3ea6bb49ed57?s=96&d=mm&r=g","caption":"rrgsuisse"},"sameAs":["https:\/\/rrgsuisse.ch"],"url":"https:\/\/rrgsuisse.ch\/de\/author\/rrgsuisse"}]}},"wpml_current_locale":"de_CH","wpml_translations":[],"_links":{"self":[{"href":"https:\/\/rrgsuisse.ch\/de\/wp-json\/wp\/v2\/posts\/51238","targetHints":{"allow":["GET"]}}],"collection":[{"href":"https:\/\/rrgsuisse.ch\/de\/wp-json\/wp\/v2\/posts"}],"about":[{"href":"https:\/\/rrgsuisse.ch\/de\/wp-json\/wp\/v2\/types\/post"}],"author":[{"embeddable":true,"href":"https:\/\/rrgsuisse.ch\/de\/wp-json\/wp\/v2\/users\/1"}],"replies":[{"embeddable":true,"href":"https:\/\/rrgsuisse.ch\/de\/wp-json\/wp\/v2\/comments?post=51238"}],"version-history":[{"count":1,"href":"https:\/\/rrgsuisse.ch\/de\/wp-json\/wp\/v2\/posts\/51238\/revisions"}],"predecessor-version":[{"id":51241,"href":"https:\/\/rrgsuisse.ch\/de\/wp-json\/wp\/v2\/posts\/51238\/revisions\/51241"}],"wp:featuredmedia":[{"embeddable":true,"href":"https:\/\/rrgsuisse.ch\/de\/wp-json\/wp\/v2\/media\/51239"}],"wp:attachment":[{"href":"https:\/\/rrgsuisse.ch\/de\/wp-json\/wp\/v2\/media?parent=51238"}],"wp:term":[{"taxonomy":"category","embeddable":true,"href":"https:\/\/rrgsuisse.ch\/de\/wp-json\/wp\/v2\/categories?post=51238"},{"taxonomy":"post_tag","embeddable":true,"href":"https:\/\/rrgsuisse.ch\/de\/wp-json\/wp\/v2\/tags?post=51238"}],"curies":[{"name":"wp","href":"https:\/\/api.w.org\/{rel}","templated":true}]}}