{"id":35239,"date":"2024-06-14T09:54:50","date_gmt":"2024-06-14T07:54:50","guid":{"rendered":"https:\/\/rrgsuisse.ch\/?p=35239"},"modified":"2025-04-28T09:39:25","modified_gmt":"2025-04-28T07:39:25","slug":"alpine-a290-la-petite-sportive-de-lere-electrique","status":"publish","type":"post","link":"https:\/\/rrgsuisse.ch\/fr\/alpine-a290-la-petite-sportive-de-lere-electrique","title":{"rendered":"ALPINE A290, LA PETITE SPORTIVE DE L&#8217;ERE ELECTRIQUE"},"content":{"rendered":"\n<div class=\"wp-block-buttons is-content-justification-center is-layout-flex wp-container-core-buttons-is-layout-51f7783f wp-block-buttons-is-layout-flex\">\n<div class=\"wp-block-button has-custom-width wp-block-button__width-100 has-custom-font-size is-style-fill has-medium-font-size\"><a class=\"wp-block-button__link has-white-color has-black-background-color has-text-color has-background has-text-align-center wp-element-button\" href=\"https:\/\/www.alpine-rrg.com\/fr_FR\/modeles\" style=\"border-radius:0px\" target=\"_blank\" rel=\"noreferrer noopener\">D\u00e9couvrir notre gamme Alpine<\/a><\/div>\n<\/div>\n\n\n\n<div style=\"height:70px\" aria-hidden=\"true\" class=\"wp-block-spacer\"><\/div>\n\n\n\n<figure class=\"wp-block-embed is-type-video is-provider-vimeo wp-block-embed-vimeo\"><div class=\"wp-block-embed__wrapper\">\n<iframe title=\"v-2024-162-01\" src=\"https:\/\/player.vimeo.com\/video\/957131533?dnt=1&amp;app_id=122963\" width=\"800\" height=\"450\" frameborder=\"0\" allow=\"autoplay; fullscreen; picture-in-picture; clipboard-write\"><\/iframe>\n<\/div><\/figure>\n\n\n\n<p>Avec le lancement de l\u2019A290, Alpine entre dans une nouvelle \u00e8re. L\u2019\u00e8re de la sportivit\u00e9 \u00e9lectrique en mode Alpine, respectant toujours les trois piliers de la marque: la performance, l\u2019agilit\u00e9 et la l\u00e9g\u00e8ret\u00e9 ainsi qu\u2019un savoir-faire \u00e0 la fran\u00e7aise. L\u2019A290 est un nouveau mod\u00e8le d\u2019entr\u00e9e dans l\u2019univers Alpine. Elle inaugure le Dream Garage 100 % \u00e9lectrique d\u2019Alpine et sera rejointe par un C-Crossover GT et la nouvelle A110.<\/p>\n\n\n\n<p>L\u2019A290 concentre dans un gabarit de citadine sportive les sensations si appr\u00e9ci\u00e9es au volant de l\u2019A110. Mise au point en parfaite lign\u00e9e avec l\u2019ADN d\u2019Alpine, l\u2019A290 est compacte, agile, et propose de hautes performances facilement exploitables tout en garantissant un usage confortable au quotidien. Sa plateforme \u00e9lectrique issue d\u2019Ampere ainsi que les services d\u2019\u00e9nergie pour optimiser la recharge \u00e0 domicile dont Mobilize Power, la charge bidirectionnelle V2G, l\u2019inscrivent dans un \u00e9cosyst\u00e8me \u00e9lectrique complet pour offrir une exp\u00e9rience optimale.<\/p>\n\n\n\n<p>Avec un design ac\u00e9r\u00e9, des caract\u00e9ristiques techniques de premier ordre, une connectivit\u00e9 ultra-compl\u00e8te et de nombreuses possibilit\u00e9s de personnalisation de la conduite, l\u2019Alpine A290 est une vraie Alpine, d\u2019une nouvelle g\u00e9n\u00e9ration con\u00e7ue pour embrasser l\u2019\u00e8re \u00e9lectrique. Elle est pens\u00e9e pour pouvoir s\u00e9duire une nouvelle client\u00e8le, masculine comme f\u00e9minine, orient\u00e9e performance pour certains, quand d\u2019autres seront plus concentr\u00e9s sur le style. Elle est fabriqu\u00e9e dans la Manufacture de Douai, au sein d\u2019ElectriCity, et son moteur \u00e9lectrique est \u00e9galement fabriqu\u00e9 en France, dans la Megafactory de Cl\u00e9on. Sa batterie sera produite en France d\u00e8s l\u2019\u00e9t\u00e9 2025.<\/p>\n\n\n\n<p><strong>Philippe Krief, CEO Alpine<\/strong><br><em>\u00abNotre Alpine A290 est le premier mod\u00e8le d\u2019une nouvelle g\u00e9n\u00e9ration \u00e9lectrique, inaugurant de la plus belle mani\u00e8re notre Dream Garage. Une citadine sportive qui signe l\u2019ouverture d\u2019Alpine aupr\u00e8s d\u2019un public plus large et ressuscite une cat\u00e9gorie oubli\u00e9e, celle des hot hatches, si appr\u00e9ci\u00e9e pour le plaisir de conduite qu\u2019elles distillent.\u00bb<\/em><\/p>\n","protected":false},"excerpt":{"rendered":"<p>Alpine A290, premier mod\u00e8le du &#8220;Dream Garage&#8221; d&#8217;Alpine, avec des performances dynamiques, une maniabilit\u00e9 agile et un design sportif.<br \/>\nBatterie d&#8217;une capacit\u00e9 de 52 kWh et choix entre deux niveaux de puissance de 130 kW\/180 ch et 160 kW\/220 ch.<br \/>\nCaract\u00e9ristiques inspir\u00e9es de la Formule 1, y compris le volant avec bouton rotatif Recharge (RCH) et fonction de d\u00e9passement (bouton OV)<\/p>\n","protected":false},"author":1,"featured_media":35242,"comment_status":"closed","ping_status":"open","sticky":false,"template":"","format":"standard","meta":{"_acf_changed":false,"footnotes":""},"categories":[18,125,1],"tags":[],"class_list":["post-35239","post","type-post","status-publish","format-standard","has-post-thumbnail","hentry","category-a-la-une","category-actualite-alpine","category-uncategorized"],"acf":[],"yoast_head":"<!-- This site is optimized with the Yoast SEO plugin v27.5 - https:\/\/yoast.com\/product\/yoast-seo-wordpress\/ -->\n<title>ALPINE A290, LA PETITE SPORTIVE DE L&#039;ERE ELECTRIQUE - RRG Suisse<\/title>\n<meta name=\"robots\" content=\"index, follow, max-snippet:-1, max-image-preview:large, max-video-preview:-1\" \/>\n<link rel=\"canonical\" href=\"https:\/\/rrgsuisse.ch\/fr\/alpine-a290-la-petite-sportive-de-lere-electrique\" \/>\n<meta property=\"og:locale\" content=\"fr_FR\" \/>\n<meta property=\"og:type\" content=\"article\" \/>\n<meta property=\"og:title\" content=\"ALPINE A290, LA PETITE SPORTIVE DE L&#039;ERE ELECTRIQUE - RRG Suisse\" \/>\n<meta property=\"og:description\" content=\"Alpine A290, premier mod\u00e8le du &quot;Dream Garage&quot; d&#039;Alpine, avec des performances dynamiques, une maniabilit\u00e9 agile et un design sportif. Batterie d&#039;une capacit\u00e9 de 52 kWh et choix entre deux niveaux de puissance de 130 kW\/180 ch et 160 kW\/220 ch. Caract\u00e9ristiques inspir\u00e9es de la Formule 1, y compris le volant avec bouton rotatif Recharge (RCH) et fonction de d\u00e9passement (bouton OV)\" \/>\n<meta property=\"og:url\" content=\"https:\/\/rrgsuisse.ch\/fr\/alpine-a290-la-petite-sportive-de-lere-electrique\" \/>\n<meta property=\"og:site_name\" content=\"RRG Suisse\" \/>\n<meta property=\"article:published_time\" content=\"2024-06-14T07:54:50+00:00\" \/>\n<meta property=\"article:modified_time\" content=\"2025-04-28T07:39:25+00:00\" \/>\n<meta property=\"og:image\" content=\"https:\/\/rrgsuisse.ch\/wp-content\/uploads\/2024\/06\/R-DAM_1574237.jpg\" \/>\n\t<meta property=\"og:image:width\" content=\"1200\" \/>\n\t<meta property=\"og:image:height\" content=\"800\" \/>\n\t<meta property=\"og:image:type\" content=\"image\/jpeg\" \/>\n<meta name=\"author\" content=\"rrgsuisse\" \/>\n<meta name=\"twitter:card\" content=\"summary_large_image\" \/>\n<meta name=\"twitter:label1\" content=\"Written by\" \/>\n\t<meta name=\"twitter:data1\" content=\"rrgsuisse\" \/>\n\t<meta name=\"twitter:label2\" content=\"Est. reading time\" \/>\n\t<meta name=\"twitter:data2\" content=\"2 minutes\" \/>\n<script type=\"application\/ld+json\" class=\"yoast-schema-graph\">{\"@context\":\"https:\\\/\\\/schema.org\",\"@graph\":[{\"@type\":\"Article\",\"@id\":\"https:\\\/\\\/rrgsuisse.ch\\\/fr\\\/alpine-a290-la-petite-sportive-de-lere-electrique#article\",\"isPartOf\":{\"@id\":\"https:\\\/\\\/rrgsuisse.ch\\\/fr\\\/alpine-a290-la-petite-sportive-de-lere-electrique\"},\"author\":{\"name\":\"rrgsuisse\",\"@id\":\"https:\\\/\\\/rrgsuisse.ch\\\/fr\\\/#\\\/schema\\\/person\\\/3fb0fceb9f1a5bcb4c674661a09ea4f7\"},\"headline\":\"ALPINE A290, LA PETITE SPORTIVE DE L&#8217;ERE ELECTRIQUE\",\"datePublished\":\"2024-06-14T07:54:50+00:00\",\"dateModified\":\"2025-04-28T07:39:25+00:00\",\"mainEntityOfPage\":{\"@id\":\"https:\\\/\\\/rrgsuisse.ch\\\/fr\\\/alpine-a290-la-petite-sportive-de-lere-electrique\"},\"wordCount\":371,\"image\":{\"@id\":\"https:\\\/\\\/rrgsuisse.ch\\\/fr\\\/alpine-a290-la-petite-sportive-de-lere-electrique#primaryimage\"},\"thumbnailUrl\":\"https:\\\/\\\/rrgsuisse.ch\\\/wp-content\\\/uploads\\\/2024\\\/06\\\/R-DAM_1574237.jpg\",\"articleSection\":[\"A la une\",\"Actualit\u00e9 Alpine\"],\"inLanguage\":\"fr-CH\"},{\"@type\":\"WebPage\",\"@id\":\"https:\\\/\\\/rrgsuisse.ch\\\/fr\\\/alpine-a290-la-petite-sportive-de-lere-electrique\",\"url\":\"https:\\\/\\\/rrgsuisse.ch\\\/fr\\\/alpine-a290-la-petite-sportive-de-lere-electrique\",\"name\":\"ALPINE A290, LA PETITE SPORTIVE DE L'ERE ELECTRIQUE - RRG Suisse\",\"isPartOf\":{\"@id\":\"https:\\\/\\\/rrgsuisse.ch\\\/fr\\\/#website\"},\"primaryImageOfPage\":{\"@id\":\"https:\\\/\\\/rrgsuisse.ch\\\/fr\\\/alpine-a290-la-petite-sportive-de-lere-electrique#primaryimage\"},\"image\":{\"@id\":\"https:\\\/\\\/rrgsuisse.ch\\\/fr\\\/alpine-a290-la-petite-sportive-de-lere-electrique#primaryimage\"},\"thumbnailUrl\":\"https:\\\/\\\/rrgsuisse.ch\\\/wp-content\\\/uploads\\\/2024\\\/06\\\/R-DAM_1574237.jpg\",\"datePublished\":\"2024-06-14T07:54:50+00:00\",\"dateModified\":\"2025-04-28T07:39:25+00:00\",\"author\":{\"@id\":\"https:\\\/\\\/rrgsuisse.ch\\\/fr\\\/#\\\/schema\\\/person\\\/3fb0fceb9f1a5bcb4c674661a09ea4f7\"},\"breadcrumb\":{\"@id\":\"https:\\\/\\\/rrgsuisse.ch\\\/fr\\\/alpine-a290-la-petite-sportive-de-lere-electrique#breadcrumb\"},\"inLanguage\":\"fr-CH\",\"potentialAction\":[{\"@type\":\"ReadAction\",\"target\":[\"https:\\\/\\\/rrgsuisse.ch\\\/fr\\\/alpine-a290-la-petite-sportive-de-lere-electrique\"]}]},{\"@type\":\"ImageObject\",\"inLanguage\":\"fr-CH\",\"@id\":\"https:\\\/\\\/rrgsuisse.ch\\\/fr\\\/alpine-a290-la-petite-sportive-de-lere-electrique#primaryimage\",\"url\":\"https:\\\/\\\/rrgsuisse.ch\\\/wp-content\\\/uploads\\\/2024\\\/06\\\/R-DAM_1574237.jpg\",\"contentUrl\":\"https:\\\/\\\/rrgsuisse.ch\\\/wp-content\\\/uploads\\\/2024\\\/06\\\/R-DAM_1574237.jpg\",\"width\":1200,\"height\":800},{\"@type\":\"BreadcrumbList\",\"@id\":\"https:\\\/\\\/rrgsuisse.ch\\\/fr\\\/alpine-a290-la-petite-sportive-de-lere-electrique#breadcrumb\",\"itemListElement\":[{\"@type\":\"ListItem\",\"position\":1,\"name\":\"Home\",\"item\":\"https:\\\/\\\/rrgsuisse.ch\\\/fr\"},{\"@type\":\"ListItem\",\"position\":2,\"name\":\"ALPINE A290, LA PETITE SPORTIVE DE L&#8217;ERE ELECTRIQUE\"}]},{\"@type\":\"WebSite\",\"@id\":\"https:\\\/\\\/rrgsuisse.ch\\\/fr\\\/#website\",\"url\":\"https:\\\/\\\/rrgsuisse.ch\\\/fr\\\/\",\"name\":\"RRG Suisse\",\"description\":\"Retail Renault Group - Revendeur officiel Renault, Dacia, Nissan\",\"potentialAction\":[{\"@type\":\"SearchAction\",\"target\":{\"@type\":\"EntryPoint\",\"urlTemplate\":\"https:\\\/\\\/rrgsuisse.ch\\\/fr\\\/?s={search_term_string}\"},\"query-input\":{\"@type\":\"PropertyValueSpecification\",\"valueRequired\":true,\"valueName\":\"search_term_string\"}}],\"inLanguage\":\"fr-CH\"},{\"@type\":\"Person\",\"@id\":\"https:\\\/\\\/rrgsuisse.ch\\\/fr\\\/#\\\/schema\\\/person\\\/3fb0fceb9f1a5bcb4c674661a09ea4f7\",\"name\":\"rrgsuisse\",\"image\":{\"@type\":\"ImageObject\",\"inLanguage\":\"fr-CH\",\"@id\":\"https:\\\/\\\/secure.gravatar.com\\\/avatar\\\/5e8e0f3f10010a38feb43e707770c4c97735143a26d51396eb4f3ea6bb49ed57?s=96&d=mm&r=g\",\"url\":\"https:\\\/\\\/secure.gravatar.com\\\/avatar\\\/5e8e0f3f10010a38feb43e707770c4c97735143a26d51396eb4f3ea6bb49ed57?s=96&d=mm&r=g\",\"contentUrl\":\"https:\\\/\\\/secure.gravatar.com\\\/avatar\\\/5e8e0f3f10010a38feb43e707770c4c97735143a26d51396eb4f3ea6bb49ed57?s=96&d=mm&r=g\",\"caption\":\"rrgsuisse\"},\"sameAs\":[\"https:\\\/\\\/rrgsuisse.ch\"],\"url\":\"https:\\\/\\\/rrgsuisse.ch\\\/fr\\\/author\\\/rrgsuisse\"}]}<\/script>\n<!-- \/ Yoast SEO plugin. -->","yoast_head_json":{"title":"ALPINE A290, LA PETITE SPORTIVE DE L'ERE ELECTRIQUE - RRG Suisse","robots":{"index":"index","follow":"follow","max-snippet":"max-snippet:-1","max-image-preview":"max-image-preview:large","max-video-preview":"max-video-preview:-1"},"canonical":"https:\/\/rrgsuisse.ch\/fr\/alpine-a290-la-petite-sportive-de-lere-electrique","og_locale":"fr_FR","og_type":"article","og_title":"ALPINE A290, LA PETITE SPORTIVE DE L'ERE ELECTRIQUE - RRG Suisse","og_description":"Alpine A290, premier mod\u00e8le du \"Dream Garage\" d'Alpine, avec des performances dynamiques, une maniabilit\u00e9 agile et un design sportif. Batterie d'une capacit\u00e9 de 52 kWh et choix entre deux niveaux de puissance de 130 kW\/180 ch et 160 kW\/220 ch. Caract\u00e9ristiques inspir\u00e9es de la Formule 1, y compris le volant avec bouton rotatif Recharge (RCH) et fonction de d\u00e9passement (bouton OV)","og_url":"https:\/\/rrgsuisse.ch\/fr\/alpine-a290-la-petite-sportive-de-lere-electrique","og_site_name":"RRG Suisse","article_published_time":"2024-06-14T07:54:50+00:00","article_modified_time":"2025-04-28T07:39:25+00:00","og_image":[{"width":1200,"height":800,"url":"https:\/\/rrgsuisse.ch\/wp-content\/uploads\/2024\/06\/R-DAM_1574237.jpg","type":"image\/jpeg"}],"author":"rrgsuisse","twitter_card":"summary_large_image","twitter_misc":{"Written by":"rrgsuisse","Est. reading time":"2 minutes"},"schema":{"@context":"https:\/\/schema.org","@graph":[{"@type":"Article","@id":"https:\/\/rrgsuisse.ch\/fr\/alpine-a290-la-petite-sportive-de-lere-electrique#article","isPartOf":{"@id":"https:\/\/rrgsuisse.ch\/fr\/alpine-a290-la-petite-sportive-de-lere-electrique"},"author":{"name":"rrgsuisse","@id":"https:\/\/rrgsuisse.ch\/fr\/#\/schema\/person\/3fb0fceb9f1a5bcb4c674661a09ea4f7"},"headline":"ALPINE A290, LA PETITE SPORTIVE DE L&#8217;ERE ELECTRIQUE","datePublished":"2024-06-14T07:54:50+00:00","dateModified":"2025-04-28T07:39:25+00:00","mainEntityOfPage":{"@id":"https:\/\/rrgsuisse.ch\/fr\/alpine-a290-la-petite-sportive-de-lere-electrique"},"wordCount":371,"image":{"@id":"https:\/\/rrgsuisse.ch\/fr\/alpine-a290-la-petite-sportive-de-lere-electrique#primaryimage"},"thumbnailUrl":"https:\/\/rrgsuisse.ch\/wp-content\/uploads\/2024\/06\/R-DAM_1574237.jpg","articleSection":["A la une","Actualit\u00e9 Alpine"],"inLanguage":"fr-CH"},{"@type":"WebPage","@id":"https:\/\/rrgsuisse.ch\/fr\/alpine-a290-la-petite-sportive-de-lere-electrique","url":"https:\/\/rrgsuisse.ch\/fr\/alpine-a290-la-petite-sportive-de-lere-electrique","name":"ALPINE A290, LA PETITE SPORTIVE DE L'ERE ELECTRIQUE - RRG Suisse","isPartOf":{"@id":"https:\/\/rrgsuisse.ch\/fr\/#website"},"primaryImageOfPage":{"@id":"https:\/\/rrgsuisse.ch\/fr\/alpine-a290-la-petite-sportive-de-lere-electrique#primaryimage"},"image":{"@id":"https:\/\/rrgsuisse.ch\/fr\/alpine-a290-la-petite-sportive-de-lere-electrique#primaryimage"},"thumbnailUrl":"https:\/\/rrgsuisse.ch\/wp-content\/uploads\/2024\/06\/R-DAM_1574237.jpg","datePublished":"2024-06-14T07:54:50+00:00","dateModified":"2025-04-28T07:39:25+00:00","author":{"@id":"https:\/\/rrgsuisse.ch\/fr\/#\/schema\/person\/3fb0fceb9f1a5bcb4c674661a09ea4f7"},"breadcrumb":{"@id":"https:\/\/rrgsuisse.ch\/fr\/alpine-a290-la-petite-sportive-de-lere-electrique#breadcrumb"},"inLanguage":"fr-CH","potentialAction":[{"@type":"ReadAction","target":["https:\/\/rrgsuisse.ch\/fr\/alpine-a290-la-petite-sportive-de-lere-electrique"]}]},{"@type":"ImageObject","inLanguage":"fr-CH","@id":"https:\/\/rrgsuisse.ch\/fr\/alpine-a290-la-petite-sportive-de-lere-electrique#primaryimage","url":"https:\/\/rrgsuisse.ch\/wp-content\/uploads\/2024\/06\/R-DAM_1574237.jpg","contentUrl":"https:\/\/rrgsuisse.ch\/wp-content\/uploads\/2024\/06\/R-DAM_1574237.jpg","width":1200,"height":800},{"@type":"BreadcrumbList","@id":"https:\/\/rrgsuisse.ch\/fr\/alpine-a290-la-petite-sportive-de-lere-electrique#breadcrumb","itemListElement":[{"@type":"ListItem","position":1,"name":"Home","item":"https:\/\/rrgsuisse.ch\/fr"},{"@type":"ListItem","position":2,"name":"ALPINE A290, LA PETITE SPORTIVE DE L&#8217;ERE ELECTRIQUE"}]},{"@type":"WebSite","@id":"https:\/\/rrgsuisse.ch\/fr\/#website","url":"https:\/\/rrgsuisse.ch\/fr\/","name":"RRG Suisse","description":"Retail Renault Group - Revendeur officiel Renault, Dacia, Nissan","potentialAction":[{"@type":"SearchAction","target":{"@type":"EntryPoint","urlTemplate":"https:\/\/rrgsuisse.ch\/fr\/?s={search_term_string}"},"query-input":{"@type":"PropertyValueSpecification","valueRequired":true,"valueName":"search_term_string"}}],"inLanguage":"fr-CH"},{"@type":"Person","@id":"https:\/\/rrgsuisse.ch\/fr\/#\/schema\/person\/3fb0fceb9f1a5bcb4c674661a09ea4f7","name":"rrgsuisse","image":{"@type":"ImageObject","inLanguage":"fr-CH","@id":"https:\/\/secure.gravatar.com\/avatar\/5e8e0f3f10010a38feb43e707770c4c97735143a26d51396eb4f3ea6bb49ed57?s=96&d=mm&r=g","url":"https:\/\/secure.gravatar.com\/avatar\/5e8e0f3f10010a38feb43e707770c4c97735143a26d51396eb4f3ea6bb49ed57?s=96&d=mm&r=g","contentUrl":"https:\/\/secure.gravatar.com\/avatar\/5e8e0f3f10010a38feb43e707770c4c97735143a26d51396eb4f3ea6bb49ed57?s=96&d=mm&r=g","caption":"rrgsuisse"},"sameAs":["https:\/\/rrgsuisse.ch"],"url":"https:\/\/rrgsuisse.ch\/fr\/author\/rrgsuisse"}]}},"wpml_current_locale":"fr_CH","wpml_translations":{"de_CH":{"locale":"de_CH","id":35240,"slug":"alpine-a290-der-hot-hatch-fuer-das-elektrozeitalter","post_title":"ALPINE A290, DER HOT HATCH F\u00dcR DAS ELEKTROZEITALTER","href":"https:\/\/rrgsuisse.ch\/de\/alpine-a290-der-hot-hatch-fuer-das-elektrozeitalter"}},"_links":{"self":[{"href":"https:\/\/rrgsuisse.ch\/fr\/wp-json\/wp\/v2\/posts\/35239","targetHints":{"allow":["GET"]}}],"collection":[{"href":"https:\/\/rrgsuisse.ch\/fr\/wp-json\/wp\/v2\/posts"}],"about":[{"href":"https:\/\/rrgsuisse.ch\/fr\/wp-json\/wp\/v2\/types\/post"}],"author":[{"embeddable":true,"href":"https:\/\/rrgsuisse.ch\/fr\/wp-json\/wp\/v2\/users\/1"}],"replies":[{"embeddable":true,"href":"https:\/\/rrgsuisse.ch\/fr\/wp-json\/wp\/v2\/comments?post=35239"}],"version-history":[{"count":2,"href":"https:\/\/rrgsuisse.ch\/fr\/wp-json\/wp\/v2\/posts\/35239\/revisions"}],"predecessor-version":[{"id":35245,"href":"https:\/\/rrgsuisse.ch\/fr\/wp-json\/wp\/v2\/posts\/35239\/revisions\/35245"}],"wp:featuredmedia":[{"embeddable":true,"href":"https:\/\/rrgsuisse.ch\/fr\/wp-json\/wp\/v2\/media\/35242"}],"wp:attachment":[{"href":"https:\/\/rrgsuisse.ch\/fr\/wp-json\/wp\/v2\/media?parent=35239"}],"wp:term":[{"taxonomy":"category","embeddable":true,"href":"https:\/\/rrgsuisse.ch\/fr\/wp-json\/wp\/v2\/categories?post=35239"},{"taxonomy":"post_tag","embeddable":true,"href":"https:\/\/rrgsuisse.ch\/fr\/wp-json\/wp\/v2\/tags?post=35239"}],"curies":[{"name":"wp","href":"https:\/\/api.w.org\/{rel}","templated":true}]}}