{"id":39183,"date":"2024-12-05T14:16:48","date_gmt":"2024-12-05T13:16:48","guid":{"rendered":"https:\/\/rrgsuisse.ch\/?p=39183"},"modified":"2024-12-05T14:16:50","modified_gmt":"2024-12-05T13:16:50","slug":"renault-5-est-sacree-voiture-suisse-de-lannee-2025","status":"publish","type":"post","link":"https:\/\/rrgsuisse.ch\/fr\/renault-5-est-sacree-voiture-suisse-de-lannee-2025","title":{"rendered":"Renault 5 est sacr\u00e9e voiture suisse de l&#8217;ann\u00e9e 2025"},"content":{"rendered":"\n<p><strong>Urdorf, le 3 d\u00e9cembre 2024<\/strong>&nbsp;\u2013 Le rideau s&#8217;est lev\u00e9 pour d\u00e9voiler la voiture suisse de l&#8217;ann\u00e9e 2025: Renault 5 E-Tech electric. Compos\u00e9 de 15 experts du domaine de l&#8217;automobile et de la mobilit\u00e9, le jury a en effet d\u00e9sign\u00e9 la citadine \u00e9lectrique comme la grande gagnante des 10 finalistes, avec 18,9% des points du jury. Au total, 36 mod\u00e8les \u00e9taient en lice parmi lesquels le jury avait d\u00e9sign\u00e9 10 finalistes.<\/p>\n\n\n\n<p>Le jury a \u00e9t\u00e9 convaincu par \u00abl&#8217;ensemble des dimensions compactes, les d\u00e9tails astucieux \u00e0 la fran\u00e7aise et les trois versions de moteur entre 95 et 150 ch. Une connectivit\u00e9 totale et des moteurs sans \u00e9missions, mais un sentiment de nostalgie &#8211; voil\u00e0 comment l&#8217;e-mobilit\u00e9 devient \u00e9motionnelle\u00bb.<\/p>\n\n\n\n<p>La Renault 5 a \u00e9galement convaincu le public &#8211; 44 nouveaux mod\u00e8les \u00e9taient en lice &#8211; par son design r\u00e9tro-futuriste r\u00e9ussi, qui rappelle clairement l&#8217;ic\u00f4ne des ann\u00e9es 70, mais aussi et surtout par sa dynamique de conduite et sa technologie innovante, y compris le syst\u00e8me multim\u00e9dia avec int\u00e9gration de Google ainsi que l&#8217;avatar num\u00e9rique Reno, soutenu par le chat-GPT. La Renault 5 E-Tech electric a obtenu la 2e place du vote du public avec 6,3% des points attribu\u00e9s par les plus de 10\u2019000 participants.<\/p>\n\n\n\n<p><strong>Claudia Meyer, Managing Director de Renault Group Suisse:<\/strong><em>\u00abL&#8217;ensemble de Renault Group, l&#8217;\u00e9quipe de Renault Group Suisse et les concessionnaires suisses sont tr\u00e8s heureux de cette magnifique r\u00e9compense d\u00e9cern\u00e9e par le jury de sp\u00e9cialistes et par le public \u00e0 Renault 5 E-Tech electric. R5 est arriv\u00e9e dans les concessions suisses en novembre. Toutes les personnes int\u00e9ress\u00e9es peuvent d\u00e8s \u00e0 pr\u00e9sent s\u2019y rendre pour effectuer un essai routier.\u00bb<\/em><\/p>\n\n\n\n<p><strong>Renault 5 \u2013 La renaissance d&#8217;une ic\u00f4ne<\/strong><br>Avec son design accrocheur, dans lequel on reconna\u00eet imm\u00e9diatement les caract\u00e9ristiques du mod\u00e8le original, Renault 5 E-Tech electric va sans aucun doute attirer l&#8217;attention, notamment gr\u00e2ce \u00e0 ses proportions modernes, ses roues de 18 pouces et ses couleurs vives.<\/p>\n\n\n\n<p>D\u00e9velopp\u00e9e sur la plateforme \u00e9lectrique AmpR Small, la voiture offre une exp\u00e9rience de conduite vivante et un style de vie \u00e9lectrisant gr\u00e2ce \u00e0 des technologies qui \u00e9tablissent de nouvelles r\u00e9f\u00e9rences dans ce segment: une direction pr\u00e9cise avec un rapport de direction extr\u00eamement court, 26 syst\u00e8mes d&#8217;assistance \u00e0 la conduite, y compris la conduite autonome de niveau 2, le r\u00e9gulateur de vitesse qui s\u2019adapte \u00e0 la situation et la possibilit\u00e9 de personnaliser les syst\u00e8mes d&#8217;assistance gr\u00e2ce au bouton MySafety. De leur c\u00f4t\u00e9, la planification des arr\u00eats de charge avec pr\u00e9conditionnement de la batterie et Google Navigation ainsi que la r\u00e9gulation de la temp\u00e9rature int\u00e9rieure par pompe \u00e0 chaleur renforcent le confort.<\/p>\n\n\n\n<p>Avec son moteur de 150 ch et sa grande batterie lithium-ion de 52 kWh \u00e0 cathode NMC (nickel-mangan\u00e8se-cobalt), Renault 5 dispose d\u2019une autonomie pouvant atteindre 410 kilom\u00e8tres (WLTP). Son faible poids de seulement 1450 kg, son centre de gravit\u00e9 bas, la grande agilit\u00e9 que lui conf\u00e8re l&#8217;essieu arri\u00e8re multibras et son petit rayon de braquage de 10,3m contribuent tous \u00e0 augmenter le plaisir de conduire.<\/p>\n\n\n\n<p>Renault 5 E-Tech electric peut se recharger \u00e0 100 kW sur les bornes de recharge rapide DC ou \u00e0 11 kW sur les bornes de recharge AC. L&#8217;ann\u00e9e prochaine, il sera m\u00eame possible d\u2019effectuer la recharge avec Plug &amp; Charge, sans avoir \u00e0 pr\u00e9senter le Mobilize Charge Pass \u00e0 la borne de recharge.<\/p>\n\n\n\n<p>Au tableau de bord, un double \u00e9cran horizontal permet d\u2019afficher les informations de conduite et de navigation ainsi que le syst\u00e8me multim\u00e9dia OpenR link avec int\u00e9gration Google, avec jusqu&#8217;\u00e0 50 apps, l&#8217;avatar Reno et ChatGPT. \u00c0 noter que la plupart des fonctions peuvent \u00e9galement \u00eatre utilis\u00e9es via Voice Control. Un Safety Score et un coach sont \u00e9galement int\u00e9gr\u00e9s et permettent de favoriser une conduite responsable.<\/p>\n\n\n\n<p>R5 est produite de mani\u00e8re durable: 26,4% de mat\u00e9riaux proviennent du recyclage et sont issus de l&#8217;\u00e9conomie circulaire. Son assemblage et celui des batteries est effectu\u00e9 \u00e0 l&#8217;usine de Douai, en France, qui \u00e9tait d\u00e9j\u00e0 le site de production de la Renault 5 originale. Pour plus d&#8217;informations sur Renault 5, consultez le&nbsp;<a target=\"_blank\" href=\"https:\/\/media.renault.ch\/fr\/10656\/article\/21904\" rel=\"noreferrer noopener\">dossier de presse.<\/a><\/p>\n","protected":false},"excerpt":{"rendered":"<p>La Renault 5 E-Tech electric a \u00e9t\u00e9 \u00e9lue voiture suisse de l&#8217;ann\u00e9e 2025 par le jury d&#8217;experts et a obtenu la deuxi\u00e8me place lors du vote du public.<br \/>\nLa charmante voiture \u00e9lectrique a fait chavirer tous les c\u0153urs!<br \/>\nCette ic\u00f4ne r\u00e9tro-moderne est pr\u00eate \u00e0 \u00eatre essay\u00e9e chez les concessionnaires suisses<br \/>\nElle est \u00e9galement finaliste pour l\u2019\u00e9lection de la voiture internationale de l&#8217;ann\u00e9e 2025 et pourrait bien succ\u00e9der \u00e0 Renault Scenic E-Tech electric qui a remport\u00e9 ce titre en 2024.<\/p>\n","protected":false},"author":1,"featured_media":39184,"comment_status":"closed","ping_status":"open","sticky":false,"template":"","format":"standard","meta":{"_acf_changed":false,"footnotes":""},"categories":[18],"tags":[],"class_list":["post-39183","post","type-post","status-publish","format-standard","has-post-thumbnail","hentry","category-a-la-une"],"acf":[],"yoast_head":"<!-- This site is optimized with the Yoast SEO plugin v27.5 - https:\/\/yoast.com\/product\/yoast-seo-wordpress\/ -->\n<title>Renault 5 est sacr\u00e9e voiture suisse de l&#039;ann\u00e9e 2025 - RRG Suisse<\/title>\n<meta name=\"robots\" content=\"index, follow, max-snippet:-1, max-image-preview:large, max-video-preview:-1\" \/>\n<link rel=\"canonical\" href=\"https:\/\/rrgsuisse.ch\/fr\/renault-5-est-sacree-voiture-suisse-de-lannee-2025\" \/>\n<meta property=\"og:locale\" content=\"fr_FR\" \/>\n<meta property=\"og:type\" content=\"article\" \/>\n<meta property=\"og:title\" content=\"Renault 5 est sacr\u00e9e voiture suisse de l&#039;ann\u00e9e 2025 - RRG Suisse\" \/>\n<meta property=\"og:description\" content=\"La Renault 5 E-Tech electric a \u00e9t\u00e9 \u00e9lue voiture suisse de l&#039;ann\u00e9e 2025 par le jury d&#039;experts et a obtenu la deuxi\u00e8me place lors du vote du public. La charmante voiture \u00e9lectrique a fait chavirer tous les c\u0153urs! Cette ic\u00f4ne r\u00e9tro-moderne est pr\u00eate \u00e0 \u00eatre essay\u00e9e chez les concessionnaires suisses Elle est \u00e9galement finaliste pour l\u2019\u00e9lection de la voiture internationale de l&#039;ann\u00e9e 2025 et pourrait bien succ\u00e9der \u00e0 Renault Scenic E-Tech electric qui a remport\u00e9 ce titre en 2024.\" \/>\n<meta property=\"og:url\" content=\"https:\/\/rrgsuisse.ch\/fr\/renault-5-est-sacree-voiture-suisse-de-lannee-2025\" \/>\n<meta property=\"og:site_name\" content=\"RRG Suisse\" \/>\n<meta property=\"article:published_time\" content=\"2024-12-05T13:16:48+00:00\" \/>\n<meta property=\"article:modified_time\" content=\"2024-12-05T13:16:50+00:00\" \/>\n<meta property=\"og:image\" content=\"https:\/\/rrgsuisse.ch\/wp-content\/uploads\/2024\/12\/Claudia-Meyer_MD_R5_Schweizer-Auto-des-Jahres-2025_2024-12-02_final.jpg\" \/>\n\t<meta property=\"og:image:width\" content=\"1200\" \/>\n\t<meta property=\"og:image:height\" content=\"750\" \/>\n\t<meta property=\"og:image:type\" content=\"image\/jpeg\" \/>\n<meta name=\"author\" content=\"rrgsuisse\" \/>\n<meta name=\"twitter:card\" content=\"summary_large_image\" \/>\n<meta name=\"twitter:label1\" content=\"Written by\" \/>\n\t<meta name=\"twitter:data1\" content=\"rrgsuisse\" \/>\n\t<meta name=\"twitter:label2\" content=\"Est. reading time\" \/>\n\t<meta name=\"twitter:data2\" content=\"4 minutes\" \/>\n<script type=\"application\/ld+json\" class=\"yoast-schema-graph\">{\"@context\":\"https:\\\/\\\/schema.org\",\"@graph\":[{\"@type\":\"Article\",\"@id\":\"https:\\\/\\\/rrgsuisse.ch\\\/fr\\\/renault-5-est-sacree-voiture-suisse-de-lannee-2025#article\",\"isPartOf\":{\"@id\":\"https:\\\/\\\/rrgsuisse.ch\\\/fr\\\/renault-5-est-sacree-voiture-suisse-de-lannee-2025\"},\"author\":{\"name\":\"rrgsuisse\",\"@id\":\"https:\\\/\\\/rrgsuisse.ch\\\/fr\\\/#\\\/schema\\\/person\\\/3fb0fceb9f1a5bcb4c674661a09ea4f7\"},\"headline\":\"Renault 5 est sacr\u00e9e voiture suisse de l&#8217;ann\u00e9e 2025\",\"datePublished\":\"2024-12-05T13:16:48+00:00\",\"dateModified\":\"2024-12-05T13:16:50+00:00\",\"mainEntityOfPage\":{\"@id\":\"https:\\\/\\\/rrgsuisse.ch\\\/fr\\\/renault-5-est-sacree-voiture-suisse-de-lannee-2025\"},\"wordCount\":713,\"image\":{\"@id\":\"https:\\\/\\\/rrgsuisse.ch\\\/fr\\\/renault-5-est-sacree-voiture-suisse-de-lannee-2025#primaryimage\"},\"thumbnailUrl\":\"https:\\\/\\\/rrgsuisse.ch\\\/wp-content\\\/uploads\\\/2024\\\/12\\\/Claudia-Meyer_MD_R5_Schweizer-Auto-des-Jahres-2025_2024-12-02_final.jpg\",\"articleSection\":[\"A la une\"],\"inLanguage\":\"fr-CH\"},{\"@type\":\"WebPage\",\"@id\":\"https:\\\/\\\/rrgsuisse.ch\\\/fr\\\/renault-5-est-sacree-voiture-suisse-de-lannee-2025\",\"url\":\"https:\\\/\\\/rrgsuisse.ch\\\/fr\\\/renault-5-est-sacree-voiture-suisse-de-lannee-2025\",\"name\":\"Renault 5 est sacr\u00e9e voiture suisse de l'ann\u00e9e 2025 - RRG Suisse\",\"isPartOf\":{\"@id\":\"https:\\\/\\\/rrgsuisse.ch\\\/fr\\\/#website\"},\"primaryImageOfPage\":{\"@id\":\"https:\\\/\\\/rrgsuisse.ch\\\/fr\\\/renault-5-est-sacree-voiture-suisse-de-lannee-2025#primaryimage\"},\"image\":{\"@id\":\"https:\\\/\\\/rrgsuisse.ch\\\/fr\\\/renault-5-est-sacree-voiture-suisse-de-lannee-2025#primaryimage\"},\"thumbnailUrl\":\"https:\\\/\\\/rrgsuisse.ch\\\/wp-content\\\/uploads\\\/2024\\\/12\\\/Claudia-Meyer_MD_R5_Schweizer-Auto-des-Jahres-2025_2024-12-02_final.jpg\",\"datePublished\":\"2024-12-05T13:16:48+00:00\",\"dateModified\":\"2024-12-05T13:16:50+00:00\",\"author\":{\"@id\":\"https:\\\/\\\/rrgsuisse.ch\\\/fr\\\/#\\\/schema\\\/person\\\/3fb0fceb9f1a5bcb4c674661a09ea4f7\"},\"breadcrumb\":{\"@id\":\"https:\\\/\\\/rrgsuisse.ch\\\/fr\\\/renault-5-est-sacree-voiture-suisse-de-lannee-2025#breadcrumb\"},\"inLanguage\":\"fr-CH\",\"potentialAction\":[{\"@type\":\"ReadAction\",\"target\":[\"https:\\\/\\\/rrgsuisse.ch\\\/fr\\\/renault-5-est-sacree-voiture-suisse-de-lannee-2025\"]}]},{\"@type\":\"ImageObject\",\"inLanguage\":\"fr-CH\",\"@id\":\"https:\\\/\\\/rrgsuisse.ch\\\/fr\\\/renault-5-est-sacree-voiture-suisse-de-lannee-2025#primaryimage\",\"url\":\"https:\\\/\\\/rrgsuisse.ch\\\/wp-content\\\/uploads\\\/2024\\\/12\\\/Claudia-Meyer_MD_R5_Schweizer-Auto-des-Jahres-2025_2024-12-02_final.jpg\",\"contentUrl\":\"https:\\\/\\\/rrgsuisse.ch\\\/wp-content\\\/uploads\\\/2024\\\/12\\\/Claudia-Meyer_MD_R5_Schweizer-Auto-des-Jahres-2025_2024-12-02_final.jpg\",\"width\":1200,\"height\":750},{\"@type\":\"BreadcrumbList\",\"@id\":\"https:\\\/\\\/rrgsuisse.ch\\\/fr\\\/renault-5-est-sacree-voiture-suisse-de-lannee-2025#breadcrumb\",\"itemListElement\":[{\"@type\":\"ListItem\",\"position\":1,\"name\":\"Home\",\"item\":\"https:\\\/\\\/rrgsuisse.ch\\\/fr\"},{\"@type\":\"ListItem\",\"position\":2,\"name\":\"Renault 5 est sacr\u00e9e voiture suisse de l&#8217;ann\u00e9e 2025\"}]},{\"@type\":\"WebSite\",\"@id\":\"https:\\\/\\\/rrgsuisse.ch\\\/fr\\\/#website\",\"url\":\"https:\\\/\\\/rrgsuisse.ch\\\/fr\\\/\",\"name\":\"RRG Suisse\",\"description\":\"Retail Renault Group - Revendeur officiel Renault, Dacia, Nissan\",\"potentialAction\":[{\"@type\":\"SearchAction\",\"target\":{\"@type\":\"EntryPoint\",\"urlTemplate\":\"https:\\\/\\\/rrgsuisse.ch\\\/fr\\\/?s={search_term_string}\"},\"query-input\":{\"@type\":\"PropertyValueSpecification\",\"valueRequired\":true,\"valueName\":\"search_term_string\"}}],\"inLanguage\":\"fr-CH\"},{\"@type\":\"Person\",\"@id\":\"https:\\\/\\\/rrgsuisse.ch\\\/fr\\\/#\\\/schema\\\/person\\\/3fb0fceb9f1a5bcb4c674661a09ea4f7\",\"name\":\"rrgsuisse\",\"image\":{\"@type\":\"ImageObject\",\"inLanguage\":\"fr-CH\",\"@id\":\"https:\\\/\\\/secure.gravatar.com\\\/avatar\\\/5e8e0f3f10010a38feb43e707770c4c97735143a26d51396eb4f3ea6bb49ed57?s=96&d=mm&r=g\",\"url\":\"https:\\\/\\\/secure.gravatar.com\\\/avatar\\\/5e8e0f3f10010a38feb43e707770c4c97735143a26d51396eb4f3ea6bb49ed57?s=96&d=mm&r=g\",\"contentUrl\":\"https:\\\/\\\/secure.gravatar.com\\\/avatar\\\/5e8e0f3f10010a38feb43e707770c4c97735143a26d51396eb4f3ea6bb49ed57?s=96&d=mm&r=g\",\"caption\":\"rrgsuisse\"},\"sameAs\":[\"https:\\\/\\\/rrgsuisse.ch\"],\"url\":\"https:\\\/\\\/rrgsuisse.ch\\\/fr\\\/author\\\/rrgsuisse\"}]}<\/script>\n<!-- \/ Yoast SEO plugin. -->","yoast_head_json":{"title":"Renault 5 est sacr\u00e9e voiture suisse de l'ann\u00e9e 2025 - RRG Suisse","robots":{"index":"index","follow":"follow","max-snippet":"max-snippet:-1","max-image-preview":"max-image-preview:large","max-video-preview":"max-video-preview:-1"},"canonical":"https:\/\/rrgsuisse.ch\/fr\/renault-5-est-sacree-voiture-suisse-de-lannee-2025","og_locale":"fr_FR","og_type":"article","og_title":"Renault 5 est sacr\u00e9e voiture suisse de l'ann\u00e9e 2025 - RRG Suisse","og_description":"La Renault 5 E-Tech electric a \u00e9t\u00e9 \u00e9lue voiture suisse de l'ann\u00e9e 2025 par le jury d'experts et a obtenu la deuxi\u00e8me place lors du vote du public. La charmante voiture \u00e9lectrique a fait chavirer tous les c\u0153urs! Cette ic\u00f4ne r\u00e9tro-moderne est pr\u00eate \u00e0 \u00eatre essay\u00e9e chez les concessionnaires suisses Elle est \u00e9galement finaliste pour l\u2019\u00e9lection de la voiture internationale de l'ann\u00e9e 2025 et pourrait bien succ\u00e9der \u00e0 Renault Scenic E-Tech electric qui a remport\u00e9 ce titre en 2024.","og_url":"https:\/\/rrgsuisse.ch\/fr\/renault-5-est-sacree-voiture-suisse-de-lannee-2025","og_site_name":"RRG Suisse","article_published_time":"2024-12-05T13:16:48+00:00","article_modified_time":"2024-12-05T13:16:50+00:00","og_image":[{"width":1200,"height":750,"url":"https:\/\/rrgsuisse.ch\/wp-content\/uploads\/2024\/12\/Claudia-Meyer_MD_R5_Schweizer-Auto-des-Jahres-2025_2024-12-02_final.jpg","type":"image\/jpeg"}],"author":"rrgsuisse","twitter_card":"summary_large_image","twitter_misc":{"Written by":"rrgsuisse","Est. reading time":"4 minutes"},"schema":{"@context":"https:\/\/schema.org","@graph":[{"@type":"Article","@id":"https:\/\/rrgsuisse.ch\/fr\/renault-5-est-sacree-voiture-suisse-de-lannee-2025#article","isPartOf":{"@id":"https:\/\/rrgsuisse.ch\/fr\/renault-5-est-sacree-voiture-suisse-de-lannee-2025"},"author":{"name":"rrgsuisse","@id":"https:\/\/rrgsuisse.ch\/fr\/#\/schema\/person\/3fb0fceb9f1a5bcb4c674661a09ea4f7"},"headline":"Renault 5 est sacr\u00e9e voiture suisse de l&#8217;ann\u00e9e 2025","datePublished":"2024-12-05T13:16:48+00:00","dateModified":"2024-12-05T13:16:50+00:00","mainEntityOfPage":{"@id":"https:\/\/rrgsuisse.ch\/fr\/renault-5-est-sacree-voiture-suisse-de-lannee-2025"},"wordCount":713,"image":{"@id":"https:\/\/rrgsuisse.ch\/fr\/renault-5-est-sacree-voiture-suisse-de-lannee-2025#primaryimage"},"thumbnailUrl":"https:\/\/rrgsuisse.ch\/wp-content\/uploads\/2024\/12\/Claudia-Meyer_MD_R5_Schweizer-Auto-des-Jahres-2025_2024-12-02_final.jpg","articleSection":["A la une"],"inLanguage":"fr-CH"},{"@type":"WebPage","@id":"https:\/\/rrgsuisse.ch\/fr\/renault-5-est-sacree-voiture-suisse-de-lannee-2025","url":"https:\/\/rrgsuisse.ch\/fr\/renault-5-est-sacree-voiture-suisse-de-lannee-2025","name":"Renault 5 est sacr\u00e9e voiture suisse de l'ann\u00e9e 2025 - RRG Suisse","isPartOf":{"@id":"https:\/\/rrgsuisse.ch\/fr\/#website"},"primaryImageOfPage":{"@id":"https:\/\/rrgsuisse.ch\/fr\/renault-5-est-sacree-voiture-suisse-de-lannee-2025#primaryimage"},"image":{"@id":"https:\/\/rrgsuisse.ch\/fr\/renault-5-est-sacree-voiture-suisse-de-lannee-2025#primaryimage"},"thumbnailUrl":"https:\/\/rrgsuisse.ch\/wp-content\/uploads\/2024\/12\/Claudia-Meyer_MD_R5_Schweizer-Auto-des-Jahres-2025_2024-12-02_final.jpg","datePublished":"2024-12-05T13:16:48+00:00","dateModified":"2024-12-05T13:16:50+00:00","author":{"@id":"https:\/\/rrgsuisse.ch\/fr\/#\/schema\/person\/3fb0fceb9f1a5bcb4c674661a09ea4f7"},"breadcrumb":{"@id":"https:\/\/rrgsuisse.ch\/fr\/renault-5-est-sacree-voiture-suisse-de-lannee-2025#breadcrumb"},"inLanguage":"fr-CH","potentialAction":[{"@type":"ReadAction","target":["https:\/\/rrgsuisse.ch\/fr\/renault-5-est-sacree-voiture-suisse-de-lannee-2025"]}]},{"@type":"ImageObject","inLanguage":"fr-CH","@id":"https:\/\/rrgsuisse.ch\/fr\/renault-5-est-sacree-voiture-suisse-de-lannee-2025#primaryimage","url":"https:\/\/rrgsuisse.ch\/wp-content\/uploads\/2024\/12\/Claudia-Meyer_MD_R5_Schweizer-Auto-des-Jahres-2025_2024-12-02_final.jpg","contentUrl":"https:\/\/rrgsuisse.ch\/wp-content\/uploads\/2024\/12\/Claudia-Meyer_MD_R5_Schweizer-Auto-des-Jahres-2025_2024-12-02_final.jpg","width":1200,"height":750},{"@type":"BreadcrumbList","@id":"https:\/\/rrgsuisse.ch\/fr\/renault-5-est-sacree-voiture-suisse-de-lannee-2025#breadcrumb","itemListElement":[{"@type":"ListItem","position":1,"name":"Home","item":"https:\/\/rrgsuisse.ch\/fr"},{"@type":"ListItem","position":2,"name":"Renault 5 est sacr\u00e9e voiture suisse de l&#8217;ann\u00e9e 2025"}]},{"@type":"WebSite","@id":"https:\/\/rrgsuisse.ch\/fr\/#website","url":"https:\/\/rrgsuisse.ch\/fr\/","name":"RRG Suisse","description":"Retail Renault Group - Revendeur officiel Renault, Dacia, Nissan","potentialAction":[{"@type":"SearchAction","target":{"@type":"EntryPoint","urlTemplate":"https:\/\/rrgsuisse.ch\/fr\/?s={search_term_string}"},"query-input":{"@type":"PropertyValueSpecification","valueRequired":true,"valueName":"search_term_string"}}],"inLanguage":"fr-CH"},{"@type":"Person","@id":"https:\/\/rrgsuisse.ch\/fr\/#\/schema\/person\/3fb0fceb9f1a5bcb4c674661a09ea4f7","name":"rrgsuisse","image":{"@type":"ImageObject","inLanguage":"fr-CH","@id":"https:\/\/secure.gravatar.com\/avatar\/5e8e0f3f10010a38feb43e707770c4c97735143a26d51396eb4f3ea6bb49ed57?s=96&d=mm&r=g","url":"https:\/\/secure.gravatar.com\/avatar\/5e8e0f3f10010a38feb43e707770c4c97735143a26d51396eb4f3ea6bb49ed57?s=96&d=mm&r=g","contentUrl":"https:\/\/secure.gravatar.com\/avatar\/5e8e0f3f10010a38feb43e707770c4c97735143a26d51396eb4f3ea6bb49ed57?s=96&d=mm&r=g","caption":"rrgsuisse"},"sameAs":["https:\/\/rrgsuisse.ch"],"url":"https:\/\/rrgsuisse.ch\/fr\/author\/rrgsuisse"}]}},"wpml_current_locale":"fr_CH","wpml_translations":{"de_CH":{"locale":"de_CH","id":39191,"slug":"der-renault-5-ist-schweizer-auto-des-jahres-2025","post_title":"Der Renault 5 ist Schweizer Auto des Jahres 2025","href":"https:\/\/rrgsuisse.ch\/de\/der-renault-5-ist-schweizer-auto-des-jahres-2025"}},"_links":{"self":[{"href":"https:\/\/rrgsuisse.ch\/fr\/wp-json\/wp\/v2\/posts\/39183","targetHints":{"allow":["GET"]}}],"collection":[{"href":"https:\/\/rrgsuisse.ch\/fr\/wp-json\/wp\/v2\/posts"}],"about":[{"href":"https:\/\/rrgsuisse.ch\/fr\/wp-json\/wp\/v2\/types\/post"}],"author":[{"embeddable":true,"href":"https:\/\/rrgsuisse.ch\/fr\/wp-json\/wp\/v2\/users\/1"}],"replies":[{"embeddable":true,"href":"https:\/\/rrgsuisse.ch\/fr\/wp-json\/wp\/v2\/comments?post=39183"}],"version-history":[{"count":1,"href":"https:\/\/rrgsuisse.ch\/fr\/wp-json\/wp\/v2\/posts\/39183\/revisions"}],"predecessor-version":[{"id":39186,"href":"https:\/\/rrgsuisse.ch\/fr\/wp-json\/wp\/v2\/posts\/39183\/revisions\/39186"}],"wp:featuredmedia":[{"embeddable":true,"href":"https:\/\/rrgsuisse.ch\/fr\/wp-json\/wp\/v2\/media\/39184"}],"wp:attachment":[{"href":"https:\/\/rrgsuisse.ch\/fr\/wp-json\/wp\/v2\/media?parent=39183"}],"wp:term":[{"taxonomy":"category","embeddable":true,"href":"https:\/\/rrgsuisse.ch\/fr\/wp-json\/wp\/v2\/categories?post=39183"},{"taxonomy":"post_tag","embeddable":true,"href":"https:\/\/rrgsuisse.ch\/fr\/wp-json\/wp\/v2\/tags?post=39183"}],"curies":[{"name":"wp","href":"https:\/\/api.w.org\/{rel}","templated":true}]}}