{"id":40431,"date":"2025-01-14T09:12:00","date_gmt":"2025-01-14T08:12:00","guid":{"rendered":"https:\/\/rrgsuisse.ch\/?p=40431"},"modified":"2025-01-14T09:13:53","modified_gmt":"2025-01-14T08:13:53","slug":"renault-5-e-tech-electric-voiture-de-lannee-2025","status":"publish","type":"post","link":"https:\/\/rrgsuisse.ch\/fr\/renault-5-e-tech-electric-voiture-de-lannee-2025","title":{"rendered":"Renault 5 E-Tech electric voiture de l&#8217;ann\u00e9e 2025"},"content":{"rendered":"\n<p>Renault 5 E-Tech electric et Alpine A290 sont \u00e9lues en duo \u00abvoiture de l\u2019ann\u00e9e 2025\u00bb. Le r\u00e9sultat a \u00e9t\u00e9 annonc\u00e9 vendredi 10 janvier lors d\u2019une c\u00e9r\u00e9monie organis\u00e9e par le jury europ\u00e9en \u00abThe Car of the Year\u00bb au Brussels motorshow (Belgique).<\/p>\n\n\n\n<p>Cette r\u00e9compense met en avant la pertinence de la strat\u00e9gie d\u2019\u00e9lectrification et la qualit\u00e9 des nouveaux mod\u00e8les des marques Renault et Alpine, issues du plan Renaulution. Unique en Europe, la plateforme AmpR Small permet aux deux v\u00e9hicules d\u2019embarquer beaucoup de valeur client tout en laissant la libert\u00e9 \u00e0 chacune des marques d\u2019exprimer leur propre positionnement en mati\u00e8re de design, de mise au point, de technologies embarqu\u00e9es et d\u2019exp\u00e9rience client.<\/p>\n\n\n\n<p><strong>Deuxi\u00e8me titre cons\u00e9cutif pour Renault<\/strong><br>Apr\u00e8s le premier tour de vote en novembre dernier, Renault 5 E-Tech electric, en candidature commune avec Alpine A290, figurait parmi les sept mod\u00e8les finalistes face \u00e0 Alfa Romeo Junior, Citro\u00ebn \u00eb-C3\/C3, Cupra Terramar, Dacia Duster, Hyundai Inster et Kia EV3.<\/p>\n\n\n\n<p>Le duo vainqueur du troph\u00e9e a \u00e9t\u00e9 \u00e9lu par les votes de 60 journalistes automobiles de 23 pays. Renault 5 E-Tech electric et Alpine A290 se placent en premi\u00e8re position avec 353 points. La nouvelle ic\u00f4ne pop \u00e9lectrique de Renault devient le huiti\u00e8me v\u00e9hicule de la marque \u00e0 recevoir le prestigieux titre \u00abthe Car of the Year\u00bb, succ\u00e9dant \u00e0 Renault 16 (1966), Renault 9 (1982), Clio I (1991), Sc\u00e9nic (1997), M\u00e9gane (2003), Clio III (2006) et Sc\u00e9nic E-Tech electric (2024).<\/p>\n\n\n\n<p><em>\u00abPour toutes les \u00e9quipes du groupe, de la marque Renault et d\u2019Ampere, c\u2019est une immense fiert\u00e9 de recevoir pour la deuxi\u00e8me ann\u00e9e cons\u00e9cutive le prestigieux prix \u00abThe Car of the Year\u00bb. Renault 5 E-Tech electric change v\u00e9ritablement la donne en Europe. Elle rend les v\u00e9hicules \u00e9lectriques d\u00e9sirables et suscite une r\u00e9action \u00e9motionnelle. En m\u00eame temps, elle a \u00e9t\u00e9 con\u00e7ue pour apporter beaucoup de valeur \u00e0 nos clients. S&#8217;il y a une voiture qui a le potentiel de transformer le march\u00e9 \u00e9lectrique, c&#8217;est bien celle-ci\u00bb.<\/em><br><strong>Fabrice Cambolive, CEO de la marque Renault<\/strong><\/p>\n\n\n\n<p><strong>R5, acc\u00e9l\u00e9rateur d\u2019\u00e9lectrification<\/strong><br>En 2024, Renault r\u00e9invente R5 avec une version 100 % \u00e9lectrique. Elle a \u00e9t\u00e9 con\u00e7ue pour devenir un acc\u00e9l\u00e9rateur d\u2019\u00e9lectrification du march\u00e9 europ\u00e9en. Elle rend la mobilit\u00e9 \u00e9lectrique d\u00e9sirable gr\u00e2ce \u00e0 son design \u00abcoup de c\u0153ur\u00bb mais aussi son exp\u00e9rience \u00e0 la fois r\u00e9jouissante et intuitive des technologies \u00e9lectrique et digitale.<\/p>\n\n\n\n<p>En Suisse, la Renault 5 E-Tech electric est actuellement disponible en deux versions de batteries et trois niveaux de finition. Cette ann\u00e9e verra \u00e9galement le lancement de la nouvelle version d&#8217;entr\u00e9e de gamme Five, \u00e0 partir de 24\u2019900 CHF, et de la s\u00e9rie sp\u00e9ciale Roland-Garros. Construite dans le cadre d&#8217;un syst\u00e8me de production durable \u00e0 l&#8217;usine Ampere ElectriCity dans le nord de la France, la \u00abvoiture de l\u2019ann\u00e9e 2025\u00bb poss\u00e8de tous les atouts pour s&#8217;imposer comme un v\u00e9hicule de r\u00e9f\u00e9rence de la transition \u00e9nerg\u00e9tique.<\/p>\n\n\n\n<p>Depuis plus de douze ans, Renault s\u2019attache \u00e0 d\u00e9mocratiser et rendre accessible la mobilit\u00e9 \u00e9lectrique. Apr\u00e8s avoir commercialis\u00e9 M\u00e9gane et Sc\u00e9nic sur le segment C, la marque \u00e9largit son offre E-Tech electric sur le segment B avec Renault 5 et Renault 4 qui sera commercialis\u00e9e cette ann\u00e9e. Ces deux derniers mod\u00e8les jouent un r\u00f4le essentiel pour acc\u00e9l\u00e9rer l\u2019adoption des v\u00e9hicules \u00e9lectriques et renforcer la position de Renault en tant que leader dans la nouvelle \u00e8re de la mobilit\u00e9 durable.<\/p>\n","protected":false},"excerpt":{"rendered":"<p>Renault 5 E-Tech electric et Alpine A290 remportent en duo le prestigieux titre de voiture de l\u2019ann\u00e9e 2025, d\u00e9cern\u00e9 par le jury europ\u00e9en \u00abthe Car of the Year\u00bb.<br \/>\nUn doubl\u00e9 pour Renault apr\u00e8s la victoire de Sc\u00e9nic E-Tech electric en 2024 et une grande premi\u00e8re pour Alpine. Renault 5 E-Tech electric devient le huiti\u00e8me v\u00e9hicule de la marque \u00e0 remporter le troph\u00e9e.<br \/>\nCette cons\u00e9cration vient r\u00e9compenser la strat\u00e9gie d\u2019\u00e9lectrification, ainsi que la pertinence et la qualit\u00e9 des nouvelles gammes des marques Renault et Alpine.<br \/>\nCon\u00e7ues sur la m\u00eame plateforme AmpR Small d\u2019Ampere unique en Europe, Renault 5 E-Tech electric et Alpine A290 rendent la mobilit\u00e9 \u00e9lectrique \u00e0 la fois d\u00e9sirable et intuitive.<br \/>\nLa nouvelle version d&#8217;entr\u00e9e de gamme \u00abFive\u00bb de la Renault 5 E-Tech electric \u00e0 partir de 24&#8217;900 CHF arrive en 2025<\/p>\n","protected":false},"author":1,"featured_media":40435,"comment_status":"closed","ping_status":"open","sticky":false,"template":"","format":"standard","meta":{"_acf_changed":false,"footnotes":""},"categories":[18],"tags":[],"class_list":["post-40431","post","type-post","status-publish","format-standard","has-post-thumbnail","hentry","category-a-la-une"],"acf":[],"yoast_head":"<!-- This site is optimized with the Yoast SEO plugin v27.5 - https:\/\/yoast.com\/product\/yoast-seo-wordpress\/ -->\n<title>Renault 5 E-Tech electric voiture de l&#039;ann\u00e9e 2025 - RRG Suisse<\/title>\n<meta name=\"robots\" content=\"index, follow, max-snippet:-1, max-image-preview:large, max-video-preview:-1\" \/>\n<link rel=\"canonical\" href=\"https:\/\/rrgsuisse.ch\/fr\/renault-5-e-tech-electric-voiture-de-lannee-2025\" \/>\n<meta property=\"og:locale\" content=\"fr_FR\" \/>\n<meta property=\"og:type\" content=\"article\" \/>\n<meta property=\"og:title\" content=\"Renault 5 E-Tech electric voiture de l&#039;ann\u00e9e 2025 - RRG Suisse\" \/>\n<meta property=\"og:description\" content=\"Renault 5 E-Tech electric et Alpine A290 remportent en duo le prestigieux titre de voiture de l\u2019ann\u00e9e 2025, d\u00e9cern\u00e9 par le jury europ\u00e9en \u00abthe Car of the Year\u00bb. Un doubl\u00e9 pour Renault apr\u00e8s la victoire de Sc\u00e9nic E-Tech electric en 2024 et une grande premi\u00e8re pour Alpine. Renault 5 E-Tech electric devient le huiti\u00e8me v\u00e9hicule de la marque \u00e0 remporter le troph\u00e9e. Cette cons\u00e9cration vient r\u00e9compenser la strat\u00e9gie d\u2019\u00e9lectrification, ainsi que la pertinence et la qualit\u00e9 des nouvelles gammes des marques Renault et Alpine. Con\u00e7ues sur la m\u00eame plateforme AmpR Small d\u2019Ampere unique en Europe, Renault 5 E-Tech electric et Alpine A290 rendent la mobilit\u00e9 \u00e9lectrique \u00e0 la fois d\u00e9sirable et intuitive. La nouvelle version d&#039;entr\u00e9e de gamme \u00abFive\u00bb de la Renault 5 E-Tech electric \u00e0 partir de 24&#039;900 CHF arrive en 2025\" \/>\n<meta property=\"og:url\" content=\"https:\/\/rrgsuisse.ch\/fr\/renault-5-e-tech-electric-voiture-de-lannee-2025\" \/>\n<meta property=\"og:site_name\" content=\"RRG Suisse\" \/>\n<meta property=\"article:published_time\" content=\"2025-01-14T08:12:00+00:00\" \/>\n<meta property=\"article:modified_time\" content=\"2025-01-14T08:13:53+00:00\" \/>\n<meta property=\"og:image\" content=\"https:\/\/rrgsuisse.ch\/wp-content\/uploads\/2025\/01\/R5-Car-of-the-Year-2025_dynamic-2-1-1.jpg\" \/>\n\t<meta property=\"og:image:width\" content=\"1919\" \/>\n\t<meta property=\"og:image:height\" content=\"1080\" \/>\n\t<meta property=\"og:image:type\" content=\"image\/jpeg\" \/>\n<meta name=\"author\" content=\"rrgsuisse\" \/>\n<meta name=\"twitter:card\" content=\"summary_large_image\" \/>\n<meta name=\"twitter:label1\" content=\"Written by\" \/>\n\t<meta name=\"twitter:data1\" content=\"rrgsuisse\" \/>\n\t<meta name=\"twitter:label2\" content=\"Est. reading time\" \/>\n\t<meta name=\"twitter:data2\" content=\"3 minutes\" \/>\n<script type=\"application\/ld+json\" class=\"yoast-schema-graph\">{\"@context\":\"https:\\\/\\\/schema.org\",\"@graph\":[{\"@type\":\"Article\",\"@id\":\"https:\\\/\\\/rrgsuisse.ch\\\/fr\\\/renault-5-e-tech-electric-voiture-de-lannee-2025#article\",\"isPartOf\":{\"@id\":\"https:\\\/\\\/rrgsuisse.ch\\\/fr\\\/renault-5-e-tech-electric-voiture-de-lannee-2025\"},\"author\":{\"name\":\"rrgsuisse\",\"@id\":\"https:\\\/\\\/rrgsuisse.ch\\\/fr\\\/#\\\/schema\\\/person\\\/3fb0fceb9f1a5bcb4c674661a09ea4f7\"},\"headline\":\"Renault 5 E-Tech electric voiture de l&#8217;ann\u00e9e 2025\",\"datePublished\":\"2025-01-14T08:12:00+00:00\",\"dateModified\":\"2025-01-14T08:13:53+00:00\",\"mainEntityOfPage\":{\"@id\":\"https:\\\/\\\/rrgsuisse.ch\\\/fr\\\/renault-5-e-tech-electric-voiture-de-lannee-2025\"},\"wordCount\":605,\"image\":{\"@id\":\"https:\\\/\\\/rrgsuisse.ch\\\/fr\\\/renault-5-e-tech-electric-voiture-de-lannee-2025#primaryimage\"},\"thumbnailUrl\":\"https:\\\/\\\/rrgsuisse.ch\\\/wp-content\\\/uploads\\\/2025\\\/01\\\/R5-Car-of-the-Year-2025_dynamic-2-1-1.jpg\",\"articleSection\":[\"A la une\"],\"inLanguage\":\"fr-CH\"},{\"@type\":\"WebPage\",\"@id\":\"https:\\\/\\\/rrgsuisse.ch\\\/fr\\\/renault-5-e-tech-electric-voiture-de-lannee-2025\",\"url\":\"https:\\\/\\\/rrgsuisse.ch\\\/fr\\\/renault-5-e-tech-electric-voiture-de-lannee-2025\",\"name\":\"Renault 5 E-Tech electric voiture de l'ann\u00e9e 2025 - RRG Suisse\",\"isPartOf\":{\"@id\":\"https:\\\/\\\/rrgsuisse.ch\\\/fr\\\/#website\"},\"primaryImageOfPage\":{\"@id\":\"https:\\\/\\\/rrgsuisse.ch\\\/fr\\\/renault-5-e-tech-electric-voiture-de-lannee-2025#primaryimage\"},\"image\":{\"@id\":\"https:\\\/\\\/rrgsuisse.ch\\\/fr\\\/renault-5-e-tech-electric-voiture-de-lannee-2025#primaryimage\"},\"thumbnailUrl\":\"https:\\\/\\\/rrgsuisse.ch\\\/wp-content\\\/uploads\\\/2025\\\/01\\\/R5-Car-of-the-Year-2025_dynamic-2-1-1.jpg\",\"datePublished\":\"2025-01-14T08:12:00+00:00\",\"dateModified\":\"2025-01-14T08:13:53+00:00\",\"author\":{\"@id\":\"https:\\\/\\\/rrgsuisse.ch\\\/fr\\\/#\\\/schema\\\/person\\\/3fb0fceb9f1a5bcb4c674661a09ea4f7\"},\"breadcrumb\":{\"@id\":\"https:\\\/\\\/rrgsuisse.ch\\\/fr\\\/renault-5-e-tech-electric-voiture-de-lannee-2025#breadcrumb\"},\"inLanguage\":\"fr-CH\",\"potentialAction\":[{\"@type\":\"ReadAction\",\"target\":[\"https:\\\/\\\/rrgsuisse.ch\\\/fr\\\/renault-5-e-tech-electric-voiture-de-lannee-2025\"]}]},{\"@type\":\"ImageObject\",\"inLanguage\":\"fr-CH\",\"@id\":\"https:\\\/\\\/rrgsuisse.ch\\\/fr\\\/renault-5-e-tech-electric-voiture-de-lannee-2025#primaryimage\",\"url\":\"https:\\\/\\\/rrgsuisse.ch\\\/wp-content\\\/uploads\\\/2025\\\/01\\\/R5-Car-of-the-Year-2025_dynamic-2-1-1.jpg\",\"contentUrl\":\"https:\\\/\\\/rrgsuisse.ch\\\/wp-content\\\/uploads\\\/2025\\\/01\\\/R5-Car-of-the-Year-2025_dynamic-2-1-1.jpg\",\"width\":1919,\"height\":1080},{\"@type\":\"BreadcrumbList\",\"@id\":\"https:\\\/\\\/rrgsuisse.ch\\\/fr\\\/renault-5-e-tech-electric-voiture-de-lannee-2025#breadcrumb\",\"itemListElement\":[{\"@type\":\"ListItem\",\"position\":1,\"name\":\"Home\",\"item\":\"https:\\\/\\\/rrgsuisse.ch\\\/fr\"},{\"@type\":\"ListItem\",\"position\":2,\"name\":\"Renault 5 E-Tech electric voiture de l&#8217;ann\u00e9e 2025\"}]},{\"@type\":\"WebSite\",\"@id\":\"https:\\\/\\\/rrgsuisse.ch\\\/fr\\\/#website\",\"url\":\"https:\\\/\\\/rrgsuisse.ch\\\/fr\\\/\",\"name\":\"RRG Suisse\",\"description\":\"Retail Renault Group - Revendeur officiel Renault, Dacia, Nissan\",\"potentialAction\":[{\"@type\":\"SearchAction\",\"target\":{\"@type\":\"EntryPoint\",\"urlTemplate\":\"https:\\\/\\\/rrgsuisse.ch\\\/fr\\\/?s={search_term_string}\"},\"query-input\":{\"@type\":\"PropertyValueSpecification\",\"valueRequired\":true,\"valueName\":\"search_term_string\"}}],\"inLanguage\":\"fr-CH\"},{\"@type\":\"Person\",\"@id\":\"https:\\\/\\\/rrgsuisse.ch\\\/fr\\\/#\\\/schema\\\/person\\\/3fb0fceb9f1a5bcb4c674661a09ea4f7\",\"name\":\"rrgsuisse\",\"image\":{\"@type\":\"ImageObject\",\"inLanguage\":\"fr-CH\",\"@id\":\"https:\\\/\\\/secure.gravatar.com\\\/avatar\\\/5e8e0f3f10010a38feb43e707770c4c97735143a26d51396eb4f3ea6bb49ed57?s=96&d=mm&r=g\",\"url\":\"https:\\\/\\\/secure.gravatar.com\\\/avatar\\\/5e8e0f3f10010a38feb43e707770c4c97735143a26d51396eb4f3ea6bb49ed57?s=96&d=mm&r=g\",\"contentUrl\":\"https:\\\/\\\/secure.gravatar.com\\\/avatar\\\/5e8e0f3f10010a38feb43e707770c4c97735143a26d51396eb4f3ea6bb49ed57?s=96&d=mm&r=g\",\"caption\":\"rrgsuisse\"},\"sameAs\":[\"https:\\\/\\\/rrgsuisse.ch\"],\"url\":\"https:\\\/\\\/rrgsuisse.ch\\\/fr\\\/author\\\/rrgsuisse\"}]}<\/script>\n<!-- \/ Yoast SEO plugin. -->","yoast_head_json":{"title":"Renault 5 E-Tech electric voiture de l'ann\u00e9e 2025 - RRG Suisse","robots":{"index":"index","follow":"follow","max-snippet":"max-snippet:-1","max-image-preview":"max-image-preview:large","max-video-preview":"max-video-preview:-1"},"canonical":"https:\/\/rrgsuisse.ch\/fr\/renault-5-e-tech-electric-voiture-de-lannee-2025","og_locale":"fr_FR","og_type":"article","og_title":"Renault 5 E-Tech electric voiture de l'ann\u00e9e 2025 - RRG Suisse","og_description":"Renault 5 E-Tech electric et Alpine A290 remportent en duo le prestigieux titre de voiture de l\u2019ann\u00e9e 2025, d\u00e9cern\u00e9 par le jury europ\u00e9en \u00abthe Car of the Year\u00bb. Un doubl\u00e9 pour Renault apr\u00e8s la victoire de Sc\u00e9nic E-Tech electric en 2024 et une grande premi\u00e8re pour Alpine. Renault 5 E-Tech electric devient le huiti\u00e8me v\u00e9hicule de la marque \u00e0 remporter le troph\u00e9e. Cette cons\u00e9cration vient r\u00e9compenser la strat\u00e9gie d\u2019\u00e9lectrification, ainsi que la pertinence et la qualit\u00e9 des nouvelles gammes des marques Renault et Alpine. Con\u00e7ues sur la m\u00eame plateforme AmpR Small d\u2019Ampere unique en Europe, Renault 5 E-Tech electric et Alpine A290 rendent la mobilit\u00e9 \u00e9lectrique \u00e0 la fois d\u00e9sirable et intuitive. La nouvelle version d'entr\u00e9e de gamme \u00abFive\u00bb de la Renault 5 E-Tech electric \u00e0 partir de 24'900 CHF arrive en 2025","og_url":"https:\/\/rrgsuisse.ch\/fr\/renault-5-e-tech-electric-voiture-de-lannee-2025","og_site_name":"RRG Suisse","article_published_time":"2025-01-14T08:12:00+00:00","article_modified_time":"2025-01-14T08:13:53+00:00","og_image":[{"width":1919,"height":1080,"url":"https:\/\/rrgsuisse.ch\/wp-content\/uploads\/2025\/01\/R5-Car-of-the-Year-2025_dynamic-2-1-1.jpg","type":"image\/jpeg"}],"author":"rrgsuisse","twitter_card":"summary_large_image","twitter_misc":{"Written by":"rrgsuisse","Est. reading time":"3 minutes"},"schema":{"@context":"https:\/\/schema.org","@graph":[{"@type":"Article","@id":"https:\/\/rrgsuisse.ch\/fr\/renault-5-e-tech-electric-voiture-de-lannee-2025#article","isPartOf":{"@id":"https:\/\/rrgsuisse.ch\/fr\/renault-5-e-tech-electric-voiture-de-lannee-2025"},"author":{"name":"rrgsuisse","@id":"https:\/\/rrgsuisse.ch\/fr\/#\/schema\/person\/3fb0fceb9f1a5bcb4c674661a09ea4f7"},"headline":"Renault 5 E-Tech electric voiture de l&#8217;ann\u00e9e 2025","datePublished":"2025-01-14T08:12:00+00:00","dateModified":"2025-01-14T08:13:53+00:00","mainEntityOfPage":{"@id":"https:\/\/rrgsuisse.ch\/fr\/renault-5-e-tech-electric-voiture-de-lannee-2025"},"wordCount":605,"image":{"@id":"https:\/\/rrgsuisse.ch\/fr\/renault-5-e-tech-electric-voiture-de-lannee-2025#primaryimage"},"thumbnailUrl":"https:\/\/rrgsuisse.ch\/wp-content\/uploads\/2025\/01\/R5-Car-of-the-Year-2025_dynamic-2-1-1.jpg","articleSection":["A la une"],"inLanguage":"fr-CH"},{"@type":"WebPage","@id":"https:\/\/rrgsuisse.ch\/fr\/renault-5-e-tech-electric-voiture-de-lannee-2025","url":"https:\/\/rrgsuisse.ch\/fr\/renault-5-e-tech-electric-voiture-de-lannee-2025","name":"Renault 5 E-Tech electric voiture de l'ann\u00e9e 2025 - RRG Suisse","isPartOf":{"@id":"https:\/\/rrgsuisse.ch\/fr\/#website"},"primaryImageOfPage":{"@id":"https:\/\/rrgsuisse.ch\/fr\/renault-5-e-tech-electric-voiture-de-lannee-2025#primaryimage"},"image":{"@id":"https:\/\/rrgsuisse.ch\/fr\/renault-5-e-tech-electric-voiture-de-lannee-2025#primaryimage"},"thumbnailUrl":"https:\/\/rrgsuisse.ch\/wp-content\/uploads\/2025\/01\/R5-Car-of-the-Year-2025_dynamic-2-1-1.jpg","datePublished":"2025-01-14T08:12:00+00:00","dateModified":"2025-01-14T08:13:53+00:00","author":{"@id":"https:\/\/rrgsuisse.ch\/fr\/#\/schema\/person\/3fb0fceb9f1a5bcb4c674661a09ea4f7"},"breadcrumb":{"@id":"https:\/\/rrgsuisse.ch\/fr\/renault-5-e-tech-electric-voiture-de-lannee-2025#breadcrumb"},"inLanguage":"fr-CH","potentialAction":[{"@type":"ReadAction","target":["https:\/\/rrgsuisse.ch\/fr\/renault-5-e-tech-electric-voiture-de-lannee-2025"]}]},{"@type":"ImageObject","inLanguage":"fr-CH","@id":"https:\/\/rrgsuisse.ch\/fr\/renault-5-e-tech-electric-voiture-de-lannee-2025#primaryimage","url":"https:\/\/rrgsuisse.ch\/wp-content\/uploads\/2025\/01\/R5-Car-of-the-Year-2025_dynamic-2-1-1.jpg","contentUrl":"https:\/\/rrgsuisse.ch\/wp-content\/uploads\/2025\/01\/R5-Car-of-the-Year-2025_dynamic-2-1-1.jpg","width":1919,"height":1080},{"@type":"BreadcrumbList","@id":"https:\/\/rrgsuisse.ch\/fr\/renault-5-e-tech-electric-voiture-de-lannee-2025#breadcrumb","itemListElement":[{"@type":"ListItem","position":1,"name":"Home","item":"https:\/\/rrgsuisse.ch\/fr"},{"@type":"ListItem","position":2,"name":"Renault 5 E-Tech electric voiture de l&#8217;ann\u00e9e 2025"}]},{"@type":"WebSite","@id":"https:\/\/rrgsuisse.ch\/fr\/#website","url":"https:\/\/rrgsuisse.ch\/fr\/","name":"RRG Suisse","description":"Retail Renault Group - Revendeur officiel Renault, Dacia, Nissan","potentialAction":[{"@type":"SearchAction","target":{"@type":"EntryPoint","urlTemplate":"https:\/\/rrgsuisse.ch\/fr\/?s={search_term_string}"},"query-input":{"@type":"PropertyValueSpecification","valueRequired":true,"valueName":"search_term_string"}}],"inLanguage":"fr-CH"},{"@type":"Person","@id":"https:\/\/rrgsuisse.ch\/fr\/#\/schema\/person\/3fb0fceb9f1a5bcb4c674661a09ea4f7","name":"rrgsuisse","image":{"@type":"ImageObject","inLanguage":"fr-CH","@id":"https:\/\/secure.gravatar.com\/avatar\/5e8e0f3f10010a38feb43e707770c4c97735143a26d51396eb4f3ea6bb49ed57?s=96&d=mm&r=g","url":"https:\/\/secure.gravatar.com\/avatar\/5e8e0f3f10010a38feb43e707770c4c97735143a26d51396eb4f3ea6bb49ed57?s=96&d=mm&r=g","contentUrl":"https:\/\/secure.gravatar.com\/avatar\/5e8e0f3f10010a38feb43e707770c4c97735143a26d51396eb4f3ea6bb49ed57?s=96&d=mm&r=g","caption":"rrgsuisse"},"sameAs":["https:\/\/rrgsuisse.ch"],"url":"https:\/\/rrgsuisse.ch\/fr\/author\/rrgsuisse"}]}},"wpml_current_locale":"fr_CH","wpml_translations":{"de_CH":{"locale":"de_CH","id":40437,"slug":"renault-5-e-tech-electric-voiture-de-lannee-2025","post_title":"Renault 5 E-Tech electric und Alpine A290 sind \"Car of the Year 2025\"","href":"https:\/\/rrgsuisse.ch\/de\/renault-5-e-tech-electric-voiture-de-lannee-2025"}},"_links":{"self":[{"href":"https:\/\/rrgsuisse.ch\/fr\/wp-json\/wp\/v2\/posts\/40431","targetHints":{"allow":["GET"]}}],"collection":[{"href":"https:\/\/rrgsuisse.ch\/fr\/wp-json\/wp\/v2\/posts"}],"about":[{"href":"https:\/\/rrgsuisse.ch\/fr\/wp-json\/wp\/v2\/types\/post"}],"author":[{"embeddable":true,"href":"https:\/\/rrgsuisse.ch\/fr\/wp-json\/wp\/v2\/users\/1"}],"replies":[{"embeddable":true,"href":"https:\/\/rrgsuisse.ch\/fr\/wp-json\/wp\/v2\/comments?post=40431"}],"version-history":[{"count":1,"href":"https:\/\/rrgsuisse.ch\/fr\/wp-json\/wp\/v2\/posts\/40431\/revisions"}],"predecessor-version":[{"id":40434,"href":"https:\/\/rrgsuisse.ch\/fr\/wp-json\/wp\/v2\/posts\/40431\/revisions\/40434"}],"wp:featuredmedia":[{"embeddable":true,"href":"https:\/\/rrgsuisse.ch\/fr\/wp-json\/wp\/v2\/media\/40435"}],"wp:attachment":[{"href":"https:\/\/rrgsuisse.ch\/fr\/wp-json\/wp\/v2\/media?parent=40431"}],"wp:term":[{"taxonomy":"category","embeddable":true,"href":"https:\/\/rrgsuisse.ch\/fr\/wp-json\/wp\/v2\/categories?post=40431"},{"taxonomy":"post_tag","embeddable":true,"href":"https:\/\/rrgsuisse.ch\/fr\/wp-json\/wp\/v2\/tags?post=40431"}],"curies":[{"name":"wp","href":"https:\/\/api.w.org\/{rel}","templated":true}]}}