{"id":41311,"date":"2025-03-03T15:48:30","date_gmt":"2025-03-03T14:48:30","guid":{"rendered":"https:\/\/rrgsuisse.ch\/?p=41311"},"modified":"2025-04-28T09:39:01","modified_gmt":"2025-04-28T07:39:01","slug":"alpine-endurance-team-championnat-du-monde-fia-dendurance-2025","status":"publish","type":"post","link":"https:\/\/rrgsuisse.ch\/fr\/alpine-endurance-team-championnat-du-monde-fia-dendurance-2025","title":{"rendered":"Alpine Endurance Team &#8211; Championnat du monde FIA d&#8217;Endurance 2025"},"content":{"rendered":"\n<figure class=\"wp-block-embed is-type-video is-provider-vimeo wp-block-embed-vimeo\"><div class=\"wp-block-embed__wrapper\">\n<iframe title=\"ALPINE PRE SEASON TESTING MONZA - DRONE FOOTAGE v2\" src=\"https:\/\/player.vimeo.com\/video\/1053782543?dnt=1&amp;app_id=122963\" width=\"800\" height=\"450\" frameborder=\"0\" allow=\"autoplay; fullscreen; picture-in-picture; clipboard-write; encrypted-media\"><\/iframe>\n<\/div><\/figure>\n\n\n\n<p><strong>INTRODUCTION<\/strong><\/p>\n\n\n\n<p>Fort d&#8217;une solide histoire en Endurance et r\u00e9engag\u00e9e depuis douze ans dans la discipline, le constructeur au A fl\u00e9ch\u00e9 disputera sa deuxi\u00e8me campagne dans la cat\u00e9gorie reine avec l\u2019A424, une Hypercar con\u00e7ue et d\u00e9velopp\u00e9e avec le savoir-faire des \u00e9quipes de Viry-Ch\u00e2tillon. Comme en 2024, Alpine Endurance Team en alignera deux exemplaires en Championnat du Monde FIA d\u2019Endurance.<\/p>\n\n\n\n<p>Alpine compte sur deux \u00e9quipages talentueux dans ses A424 arborant les traditionnels n\u00b035 et 36. La premi\u00e8re sera toujours confi\u00e9e \u00e0 Paul-Loup Chatin, Charles Milesi et Ferdinand Habsburg, un trio jeune et ambitieux ayant affich\u00e9 de belles promesses en 2024. La voiture s\u0153ur sera partag\u00e9e par Mick Schuma-cher, Jules Gounon, promu apr\u00e8s avoir occup\u00e9 le r\u00f4le de r\u00e9serviste avec succ\u00e8s, et Fr\u00e9d\u00e9ric Makowiecki, nouvelle recrue \u00e0 l\u2019exp\u00e9rience inestimable. Pr\u00e9sent dans les rangs de l\u2019\u00e9quipe depuis 2022, Matthieu Vaxiviere poursuivra l\u2019aventure avec les Bleus au r\u00f4le de pilote de r\u00e9serve. Tous les sept apporteront leur contribution au processus de mise au point continu de l\u2019A424.<\/p>\n\n\n\n<p>Les pilotes porteront les couleurs embl\u00e9matiques d\u2019Alpine sur la sc\u00e8ne internationale lors d\u2019une campagne de huit courses r\u00e9parties sur quatre continents, avec huit constructeurs prestigieux engag\u00e9s dans la cat\u00e9-gorie reine Hypercar. Parmi les \u00e9preuves les plus attendues du calendrier figurent les 24 Heures du Mans, o\u00f9 les Bleus joueront \u00e0 domicile.<\/p>\n\n\n\n<p>Sous la houlette de Bruno Famin, Directeur Alpine Motorsports, Alpine Endurance Team est emmen\u00e9e par son Team Principal Philippe Sinault et son Directeur Sportif Nicolas Lapierre, tous deux forts de trois victoires au Mans et deux titres mondiaux pour Alpine en LMP2.<\/p>\n\n\n\n<p>Le sport automobile demeure au c\u0153ur des ambitions d\u2019Alpine comme annonc\u00e9 dans le plan \u00abRenau-lution\u00bb, o\u00f9 chaque marque de Renault Group a \u00e9t\u00e9 repositionn\u00e9e pour favoriser son d\u00e9veloppement. Outre l\u2019Endurance, Alpine est pr\u00e9sente en F1, en rallye, en GT, en Esports et d\u2019autres terrains de jeu.<br>\u2003<br><strong>ALPINE CARS<\/strong><\/p>\n\n\n\n<p><strong>ALPINE ET LA COMP\u00c9TITION<\/strong><br>L\u2019histoire d\u2019Alpine commence par sa cr\u00e9ation en 1955 par Jean R\u00e9d\u00e9l\u00e9, un jeune homme passionn\u00e9 de comp\u00e9tition. Pr\u00e8s de soixante-dix ans plus tard, le A fl\u00e9ch\u00e9 \u00e9volue au firmament du sport automobile en Formule 1 et en Endurance, tout en assurant une pr\u00e9sence continue sur tous les terrains de jeux.<\/p>\n\n\n\n<p>L\u2019A110 originelle est pr\u00e9sent\u00e9e en 1962 et Alpine prend son essor gr\u00e2ce \u00e0 ses victoires dans toutes les cat\u00e9gories. En 1971, les Berlinettes monopolisent le podium du c\u00e9l\u00e8bre Rallye Monte-Carlo avant de r\u00e9ci-diver en 1973, ann\u00e9e o\u00f9 Alpine ouvre le palmar\u00e8s du Championnat du Monde des Rallyes.<\/p>\n\n\n\n<p>Les ventes s\u2019envolent et la marque construit son usine \u00e0 Dieppe, mise en service\u202fen 1969 et toujours active aujourd\u2019hui. En 1971, l\u2019A310 entre en\u202fsc\u00e8ne, deux ans avant qu\u2019Alpine soit rachet\u00e9e par Renault. En 1978, Alpine\u202fsigne l\u2019un de ses plus grands succ\u00e8s en s\u2019imposant aux 24 Heures du Mans.<\/p>\n\n\n\n<p>Dieppe\u202flance de nouveaux mod\u00e8les\u202finnovants, dont l\u2019A310 V6 et la GTA, avant une p\u00e9riode d\u2019inactivit\u00e9. La relance d\u2019Alpine s\u2019accompagne, d\u00e8s 2013, d\u2019un programme en Endurance destin\u00e9 \u00e0 d\u00e9velopper sa noto-ri\u00e9t\u00e9, \u00e0 travers un partenariat avec Signature, qui a obtenu de nombreux sacres sur les circuits internatio-naux.<\/p>\n\n\n\n<p>Dans la foul\u00e9e du lancement de la nouvelle Alpine A110 en 2017, plusieurs d\u00e9clinaisons en comp\u00e9tition voient le jour avec l\u2019A110 Cup pour l\u2019Alpine Elf Europa Cup, de l\u2019A110 Rally remportant le titre en Coupe FIA R-GT et l\u2019A110 GT4.<\/p>\n\n\n\n<p>Depuis 2021, la marque ne cesse de r\u00e9affirmer son engagement. Pr\u00e9sente dans deux championnats ma-jeurs de la FIA, la Formule 1 et le Championnat du Monde d\u2019Endurance, elle rel\u00e8ve \u00e9galement des d\u00e9fis in\u00e9dits, \u00e0 l\u2019instar de la mythique course de c\u00f4te de Pikes Peak, o\u00f9 l\u2019A110 bat le record de sa cat\u00e9gorie d\u00e8s sa premi\u00e8re tentative en 2023.<\/p>\n","protected":false},"excerpt":{"rendered":"<p>En 2025, Alpine, acteur incontournable du sport automobile international, reste l\u2019une des rares marques engag\u00e9es dans deux championnats du monde majeurs de la FIA.<\/p>\n","protected":false},"author":1,"featured_media":41312,"comment_status":"closed","ping_status":"open","sticky":false,"template":"","format":"standard","meta":{"_acf_changed":false,"footnotes":""},"categories":[18,125],"tags":[],"class_list":["post-41311","post","type-post","status-publish","format-standard","has-post-thumbnail","hentry","category-a-la-une","category-actualite-alpine"],"acf":[],"yoast_head":"<!-- This site is optimized with the Yoast SEO plugin v27.5 - https:\/\/yoast.com\/product\/yoast-seo-wordpress\/ -->\n<title>Alpine Endurance Team - Championnat du monde FIA d&#039;Endurance 2025 - RRG Suisse<\/title>\n<meta name=\"robots\" content=\"index, follow, max-snippet:-1, max-image-preview:large, max-video-preview:-1\" \/>\n<link rel=\"canonical\" href=\"https:\/\/rrgsuisse.ch\/fr\/alpine-endurance-team-championnat-du-monde-fia-dendurance-2025\" \/>\n<meta property=\"og:locale\" content=\"fr_FR\" \/>\n<meta property=\"og:type\" content=\"article\" \/>\n<meta property=\"og:title\" content=\"Alpine Endurance Team - Championnat du monde FIA d&#039;Endurance 2025 - RRG Suisse\" \/>\n<meta property=\"og:description\" content=\"En 2025, Alpine, acteur incontournable du sport automobile international, reste l\u2019une des rares marques engag\u00e9es dans deux championnats du monde majeurs de la FIA.\" \/>\n<meta property=\"og:url\" content=\"https:\/\/rrgsuisse.ch\/fr\/alpine-endurance-team-championnat-du-monde-fia-dendurance-2025\" \/>\n<meta property=\"og:site_name\" content=\"RRG Suisse\" \/>\n<meta property=\"article:published_time\" content=\"2025-03-03T14:48:30+00:00\" \/>\n<meta property=\"article:modified_time\" content=\"2025-04-28T07:39:01+00:00\" \/>\n<meta property=\"og:image\" content=\"https:\/\/rrgsuisse.ch\/wp-content\/uploads\/2025\/03\/ALPINE_00002185_0499.jpg\" \/>\n\t<meta property=\"og:image:width\" content=\"1200\" \/>\n\t<meta property=\"og:image:height\" content=\"800\" \/>\n\t<meta property=\"og:image:type\" content=\"image\/jpeg\" \/>\n<meta name=\"author\" content=\"rrgsuisse\" \/>\n<meta name=\"twitter:card\" content=\"summary_large_image\" \/>\n<meta name=\"twitter:label1\" content=\"Written by\" \/>\n\t<meta name=\"twitter:data1\" content=\"rrgsuisse\" \/>\n\t<meta name=\"twitter:label2\" content=\"Est. reading time\" \/>\n\t<meta name=\"twitter:data2\" content=\"4 minutes\" \/>\n<script type=\"application\/ld+json\" class=\"yoast-schema-graph\">{\"@context\":\"https:\\\/\\\/schema.org\",\"@graph\":[{\"@type\":\"Article\",\"@id\":\"https:\\\/\\\/rrgsuisse.ch\\\/fr\\\/alpine-endurance-team-championnat-du-monde-fia-dendurance-2025#article\",\"isPartOf\":{\"@id\":\"https:\\\/\\\/rrgsuisse.ch\\\/fr\\\/alpine-endurance-team-championnat-du-monde-fia-dendurance-2025\"},\"author\":{\"name\":\"rrgsuisse\",\"@id\":\"https:\\\/\\\/rrgsuisse.ch\\\/fr\\\/#\\\/schema\\\/person\\\/3fb0fceb9f1a5bcb4c674661a09ea4f7\"},\"headline\":\"Alpine Endurance Team &#8211; Championnat du monde FIA d&#8217;Endurance 2025\",\"datePublished\":\"2025-03-03T14:48:30+00:00\",\"dateModified\":\"2025-04-28T07:39:01+00:00\",\"mainEntityOfPage\":{\"@id\":\"https:\\\/\\\/rrgsuisse.ch\\\/fr\\\/alpine-endurance-team-championnat-du-monde-fia-dendurance-2025\"},\"wordCount\":691,\"image\":{\"@id\":\"https:\\\/\\\/rrgsuisse.ch\\\/fr\\\/alpine-endurance-team-championnat-du-monde-fia-dendurance-2025#primaryimage\"},\"thumbnailUrl\":\"https:\\\/\\\/rrgsuisse.ch\\\/wp-content\\\/uploads\\\/2025\\\/03\\\/ALPINE_00002185_0499.jpg\",\"articleSection\":[\"A la une\",\"Actualit\u00e9 Alpine\"],\"inLanguage\":\"fr-CH\"},{\"@type\":\"WebPage\",\"@id\":\"https:\\\/\\\/rrgsuisse.ch\\\/fr\\\/alpine-endurance-team-championnat-du-monde-fia-dendurance-2025\",\"url\":\"https:\\\/\\\/rrgsuisse.ch\\\/fr\\\/alpine-endurance-team-championnat-du-monde-fia-dendurance-2025\",\"name\":\"Alpine Endurance Team - Championnat du monde FIA d'Endurance 2025 - RRG Suisse\",\"isPartOf\":{\"@id\":\"https:\\\/\\\/rrgsuisse.ch\\\/fr\\\/#website\"},\"primaryImageOfPage\":{\"@id\":\"https:\\\/\\\/rrgsuisse.ch\\\/fr\\\/alpine-endurance-team-championnat-du-monde-fia-dendurance-2025#primaryimage\"},\"image\":{\"@id\":\"https:\\\/\\\/rrgsuisse.ch\\\/fr\\\/alpine-endurance-team-championnat-du-monde-fia-dendurance-2025#primaryimage\"},\"thumbnailUrl\":\"https:\\\/\\\/rrgsuisse.ch\\\/wp-content\\\/uploads\\\/2025\\\/03\\\/ALPINE_00002185_0499.jpg\",\"datePublished\":\"2025-03-03T14:48:30+00:00\",\"dateModified\":\"2025-04-28T07:39:01+00:00\",\"author\":{\"@id\":\"https:\\\/\\\/rrgsuisse.ch\\\/fr\\\/#\\\/schema\\\/person\\\/3fb0fceb9f1a5bcb4c674661a09ea4f7\"},\"breadcrumb\":{\"@id\":\"https:\\\/\\\/rrgsuisse.ch\\\/fr\\\/alpine-endurance-team-championnat-du-monde-fia-dendurance-2025#breadcrumb\"},\"inLanguage\":\"fr-CH\",\"potentialAction\":[{\"@type\":\"ReadAction\",\"target\":[\"https:\\\/\\\/rrgsuisse.ch\\\/fr\\\/alpine-endurance-team-championnat-du-monde-fia-dendurance-2025\"]}]},{\"@type\":\"ImageObject\",\"inLanguage\":\"fr-CH\",\"@id\":\"https:\\\/\\\/rrgsuisse.ch\\\/fr\\\/alpine-endurance-team-championnat-du-monde-fia-dendurance-2025#primaryimage\",\"url\":\"https:\\\/\\\/rrgsuisse.ch\\\/wp-content\\\/uploads\\\/2025\\\/03\\\/ALPINE_00002185_0499.jpg\",\"contentUrl\":\"https:\\\/\\\/rrgsuisse.ch\\\/wp-content\\\/uploads\\\/2025\\\/03\\\/ALPINE_00002185_0499.jpg\",\"width\":1200,\"height\":800,\"caption\":\"during the Alpine private test session on the Autodromo Nazionale di Monza from February 2 to 4, 2025 in Monza, Italy - Photo Antonin Vincent \\\/ DPPI\"},{\"@type\":\"BreadcrumbList\",\"@id\":\"https:\\\/\\\/rrgsuisse.ch\\\/fr\\\/alpine-endurance-team-championnat-du-monde-fia-dendurance-2025#breadcrumb\",\"itemListElement\":[{\"@type\":\"ListItem\",\"position\":1,\"name\":\"Home\",\"item\":\"https:\\\/\\\/rrgsuisse.ch\\\/fr\"},{\"@type\":\"ListItem\",\"position\":2,\"name\":\"Alpine Endurance Team &#8211; Championnat du monde FIA d&#8217;Endurance 2025\"}]},{\"@type\":\"WebSite\",\"@id\":\"https:\\\/\\\/rrgsuisse.ch\\\/fr\\\/#website\",\"url\":\"https:\\\/\\\/rrgsuisse.ch\\\/fr\\\/\",\"name\":\"RRG Suisse\",\"description\":\"Retail Renault Group - Revendeur officiel Renault, Dacia, Nissan\",\"potentialAction\":[{\"@type\":\"SearchAction\",\"target\":{\"@type\":\"EntryPoint\",\"urlTemplate\":\"https:\\\/\\\/rrgsuisse.ch\\\/fr\\\/?s={search_term_string}\"},\"query-input\":{\"@type\":\"PropertyValueSpecification\",\"valueRequired\":true,\"valueName\":\"search_term_string\"}}],\"inLanguage\":\"fr-CH\"},{\"@type\":\"Person\",\"@id\":\"https:\\\/\\\/rrgsuisse.ch\\\/fr\\\/#\\\/schema\\\/person\\\/3fb0fceb9f1a5bcb4c674661a09ea4f7\",\"name\":\"rrgsuisse\",\"image\":{\"@type\":\"ImageObject\",\"inLanguage\":\"fr-CH\",\"@id\":\"https:\\\/\\\/secure.gravatar.com\\\/avatar\\\/5e8e0f3f10010a38feb43e707770c4c97735143a26d51396eb4f3ea6bb49ed57?s=96&d=mm&r=g\",\"url\":\"https:\\\/\\\/secure.gravatar.com\\\/avatar\\\/5e8e0f3f10010a38feb43e707770c4c97735143a26d51396eb4f3ea6bb49ed57?s=96&d=mm&r=g\",\"contentUrl\":\"https:\\\/\\\/secure.gravatar.com\\\/avatar\\\/5e8e0f3f10010a38feb43e707770c4c97735143a26d51396eb4f3ea6bb49ed57?s=96&d=mm&r=g\",\"caption\":\"rrgsuisse\"},\"sameAs\":[\"https:\\\/\\\/rrgsuisse.ch\"],\"url\":\"https:\\\/\\\/rrgsuisse.ch\\\/fr\\\/author\\\/rrgsuisse\"}]}<\/script>\n<!-- \/ Yoast SEO plugin. -->","yoast_head_json":{"title":"Alpine Endurance Team - Championnat du monde FIA d'Endurance 2025 - RRG Suisse","robots":{"index":"index","follow":"follow","max-snippet":"max-snippet:-1","max-image-preview":"max-image-preview:large","max-video-preview":"max-video-preview:-1"},"canonical":"https:\/\/rrgsuisse.ch\/fr\/alpine-endurance-team-championnat-du-monde-fia-dendurance-2025","og_locale":"fr_FR","og_type":"article","og_title":"Alpine Endurance Team - Championnat du monde FIA d'Endurance 2025 - RRG Suisse","og_description":"En 2025, Alpine, acteur incontournable du sport automobile international, reste l\u2019une des rares marques engag\u00e9es dans deux championnats du monde majeurs de la FIA.","og_url":"https:\/\/rrgsuisse.ch\/fr\/alpine-endurance-team-championnat-du-monde-fia-dendurance-2025","og_site_name":"RRG Suisse","article_published_time":"2025-03-03T14:48:30+00:00","article_modified_time":"2025-04-28T07:39:01+00:00","og_image":[{"width":1200,"height":800,"url":"https:\/\/rrgsuisse.ch\/wp-content\/uploads\/2025\/03\/ALPINE_00002185_0499.jpg","type":"image\/jpeg"}],"author":"rrgsuisse","twitter_card":"summary_large_image","twitter_misc":{"Written by":"rrgsuisse","Est. reading time":"4 minutes"},"schema":{"@context":"https:\/\/schema.org","@graph":[{"@type":"Article","@id":"https:\/\/rrgsuisse.ch\/fr\/alpine-endurance-team-championnat-du-monde-fia-dendurance-2025#article","isPartOf":{"@id":"https:\/\/rrgsuisse.ch\/fr\/alpine-endurance-team-championnat-du-monde-fia-dendurance-2025"},"author":{"name":"rrgsuisse","@id":"https:\/\/rrgsuisse.ch\/fr\/#\/schema\/person\/3fb0fceb9f1a5bcb4c674661a09ea4f7"},"headline":"Alpine Endurance Team &#8211; Championnat du monde FIA d&#8217;Endurance 2025","datePublished":"2025-03-03T14:48:30+00:00","dateModified":"2025-04-28T07:39:01+00:00","mainEntityOfPage":{"@id":"https:\/\/rrgsuisse.ch\/fr\/alpine-endurance-team-championnat-du-monde-fia-dendurance-2025"},"wordCount":691,"image":{"@id":"https:\/\/rrgsuisse.ch\/fr\/alpine-endurance-team-championnat-du-monde-fia-dendurance-2025#primaryimage"},"thumbnailUrl":"https:\/\/rrgsuisse.ch\/wp-content\/uploads\/2025\/03\/ALPINE_00002185_0499.jpg","articleSection":["A la une","Actualit\u00e9 Alpine"],"inLanguage":"fr-CH"},{"@type":"WebPage","@id":"https:\/\/rrgsuisse.ch\/fr\/alpine-endurance-team-championnat-du-monde-fia-dendurance-2025","url":"https:\/\/rrgsuisse.ch\/fr\/alpine-endurance-team-championnat-du-monde-fia-dendurance-2025","name":"Alpine Endurance Team - Championnat du monde FIA d'Endurance 2025 - RRG Suisse","isPartOf":{"@id":"https:\/\/rrgsuisse.ch\/fr\/#website"},"primaryImageOfPage":{"@id":"https:\/\/rrgsuisse.ch\/fr\/alpine-endurance-team-championnat-du-monde-fia-dendurance-2025#primaryimage"},"image":{"@id":"https:\/\/rrgsuisse.ch\/fr\/alpine-endurance-team-championnat-du-monde-fia-dendurance-2025#primaryimage"},"thumbnailUrl":"https:\/\/rrgsuisse.ch\/wp-content\/uploads\/2025\/03\/ALPINE_00002185_0499.jpg","datePublished":"2025-03-03T14:48:30+00:00","dateModified":"2025-04-28T07:39:01+00:00","author":{"@id":"https:\/\/rrgsuisse.ch\/fr\/#\/schema\/person\/3fb0fceb9f1a5bcb4c674661a09ea4f7"},"breadcrumb":{"@id":"https:\/\/rrgsuisse.ch\/fr\/alpine-endurance-team-championnat-du-monde-fia-dendurance-2025#breadcrumb"},"inLanguage":"fr-CH","potentialAction":[{"@type":"ReadAction","target":["https:\/\/rrgsuisse.ch\/fr\/alpine-endurance-team-championnat-du-monde-fia-dendurance-2025"]}]},{"@type":"ImageObject","inLanguage":"fr-CH","@id":"https:\/\/rrgsuisse.ch\/fr\/alpine-endurance-team-championnat-du-monde-fia-dendurance-2025#primaryimage","url":"https:\/\/rrgsuisse.ch\/wp-content\/uploads\/2025\/03\/ALPINE_00002185_0499.jpg","contentUrl":"https:\/\/rrgsuisse.ch\/wp-content\/uploads\/2025\/03\/ALPINE_00002185_0499.jpg","width":1200,"height":800,"caption":"during the Alpine private test session on the Autodromo Nazionale di Monza from February 2 to 4, 2025 in Monza, Italy - Photo Antonin Vincent \/ DPPI"},{"@type":"BreadcrumbList","@id":"https:\/\/rrgsuisse.ch\/fr\/alpine-endurance-team-championnat-du-monde-fia-dendurance-2025#breadcrumb","itemListElement":[{"@type":"ListItem","position":1,"name":"Home","item":"https:\/\/rrgsuisse.ch\/fr"},{"@type":"ListItem","position":2,"name":"Alpine Endurance Team &#8211; Championnat du monde FIA d&#8217;Endurance 2025"}]},{"@type":"WebSite","@id":"https:\/\/rrgsuisse.ch\/fr\/#website","url":"https:\/\/rrgsuisse.ch\/fr\/","name":"RRG Suisse","description":"Retail Renault Group - Revendeur officiel Renault, Dacia, Nissan","potentialAction":[{"@type":"SearchAction","target":{"@type":"EntryPoint","urlTemplate":"https:\/\/rrgsuisse.ch\/fr\/?s={search_term_string}"},"query-input":{"@type":"PropertyValueSpecification","valueRequired":true,"valueName":"search_term_string"}}],"inLanguage":"fr-CH"},{"@type":"Person","@id":"https:\/\/rrgsuisse.ch\/fr\/#\/schema\/person\/3fb0fceb9f1a5bcb4c674661a09ea4f7","name":"rrgsuisse","image":{"@type":"ImageObject","inLanguage":"fr-CH","@id":"https:\/\/secure.gravatar.com\/avatar\/5e8e0f3f10010a38feb43e707770c4c97735143a26d51396eb4f3ea6bb49ed57?s=96&d=mm&r=g","url":"https:\/\/secure.gravatar.com\/avatar\/5e8e0f3f10010a38feb43e707770c4c97735143a26d51396eb4f3ea6bb49ed57?s=96&d=mm&r=g","contentUrl":"https:\/\/secure.gravatar.com\/avatar\/5e8e0f3f10010a38feb43e707770c4c97735143a26d51396eb4f3ea6bb49ed57?s=96&d=mm&r=g","caption":"rrgsuisse"},"sameAs":["https:\/\/rrgsuisse.ch"],"url":"https:\/\/rrgsuisse.ch\/fr\/author\/rrgsuisse"}]}},"wpml_current_locale":"fr_CH","wpml_translations":{"de_CH":{"locale":"de_CH","id":41329,"slug":"alpine-praesentiert-fahrerteam-fuer-die-wec-2025","post_title":"Alpine pr\u00e4sentiert Fahrerteam f\u00fcr die WEC 2025","href":"https:\/\/rrgsuisse.ch\/de\/alpine-praesentiert-fahrerteam-fuer-die-wec-2025"}},"_links":{"self":[{"href":"https:\/\/rrgsuisse.ch\/fr\/wp-json\/wp\/v2\/posts\/41311","targetHints":{"allow":["GET"]}}],"collection":[{"href":"https:\/\/rrgsuisse.ch\/fr\/wp-json\/wp\/v2\/posts"}],"about":[{"href":"https:\/\/rrgsuisse.ch\/fr\/wp-json\/wp\/v2\/types\/post"}],"author":[{"embeddable":true,"href":"https:\/\/rrgsuisse.ch\/fr\/wp-json\/wp\/v2\/users\/1"}],"replies":[{"embeddable":true,"href":"https:\/\/rrgsuisse.ch\/fr\/wp-json\/wp\/v2\/comments?post=41311"}],"version-history":[{"count":1,"href":"https:\/\/rrgsuisse.ch\/fr\/wp-json\/wp\/v2\/posts\/41311\/revisions"}],"predecessor-version":[{"id":41314,"href":"https:\/\/rrgsuisse.ch\/fr\/wp-json\/wp\/v2\/posts\/41311\/revisions\/41314"}],"wp:featuredmedia":[{"embeddable":true,"href":"https:\/\/rrgsuisse.ch\/fr\/wp-json\/wp\/v2\/media\/41312"}],"wp:attachment":[{"href":"https:\/\/rrgsuisse.ch\/fr\/wp-json\/wp\/v2\/media?parent=41311"}],"wp:term":[{"taxonomy":"category","embeddable":true,"href":"https:\/\/rrgsuisse.ch\/fr\/wp-json\/wp\/v2\/categories?post=41311"},{"taxonomy":"post_tag","embeddable":true,"href":"https:\/\/rrgsuisse.ch\/fr\/wp-json\/wp\/v2\/tags?post=41311"}],"curies":[{"name":"wp","href":"https:\/\/api.w.org\/{rel}","templated":true}]}}