{"id":41325,"date":"2025-03-03T15:52:12","date_gmt":"2025-03-03T14:52:12","guid":{"rendered":"https:\/\/rrgsuisse.ch\/?p=41325"},"modified":"2025-03-03T15:52:14","modified_gmt":"2025-03-03T14:52:14","slug":"une-annee-2024-couronnee-de-succes-pour-duster","status":"publish","type":"post","link":"https:\/\/rrgsuisse.ch\/fr\/une-annee-2024-couronnee-de-succes-pour-duster","title":{"rendered":"Une ann\u00e9e 2024 couronn\u00e9e de succ\u00e8s pour Duster"},"content":{"rendered":"\n<p>La 3\u00e8me g\u00e9n\u00e9ration de Duster a connu une ann\u00e9e exceptionnelle en remportant plus de 25 prix en Europe en 2024. Ces distinctions, obtenues dans plusieurs pays et par diff\u00e9rents jurys sp\u00e9cialis\u00e9s, viennent r\u00e9compenser le design, la performance et l\u2019accessibilit\u00e9 qui font de Duster un SUV incontournable du march\u00e9 et le SUV au meilleur rapport prix \/ prestations de sa cat\u00e9gorie.<\/p>\n\n\n\n<p>Duster s\u2019est notamment vu d\u00e9cerner le prix automobile europ\u00e9en \u2018Best buy car of Europe\u2019 par le jury AutoBest qui r\u00e9compense le meilleur v\u00e9hicule en termes de rapport prix \/ prestations, de performance, de conception, d\u2019innovation et de capacit\u00e9 \u00e0 r\u00e9pondre aux besoins des consommateurs europ\u00e9ens.<\/p>\n\n\n\n<p>Par ailleurs, Duster a re\u00e7u de prestigieux prix dans plusieurs pays europ\u00e9ens:<\/p>\n\n\n\n<p><strong>Roumanie<\/strong><\/p>\n\n\n\n<ul class=\"wp-block-list\">\n<li>Car of the Year 2025 \u2013 Romanian Automotive Press Association<\/li>\n\n\n\n<li>The Most 4&#215;4 SUV \u2013 Auto Pro<\/li>\n<\/ul>\n\n\n\n<p><strong>Pologne<\/strong><\/p>\n\n\n\n<ul class=\"wp-block-list\">\n<li>Car of the Year Polska 2025 \u2013 The Car of the Year<\/li>\n\n\n\n<li>Champion of Value 2024 (in the medium SUV category) \u2013 Auto Swiat<\/li>\n\n\n\n<li>Fleet Derby 2024 \u2013 The best in SUV \/ crossover category<\/li>\n<\/ul>\n\n\n\n<p><strong>France<\/strong><\/p>\n\n\n\n<ul class=\"wp-block-list\">\n<li>Nouveaut\u00e9 de l\u2019ann\u00e9e \u2013 Troph\u00e9es de L\u2019argus<\/li>\n\n\n\n<li>SUV de l\u2019ann\u00e9e \u2013 Automobile Awards<\/li>\n\n\n\n<li>SUV de l\u2019ann\u00e9e 2024 \u2013 Grand Prix Auto-Moto (Auto-Moto Magazine)<\/li>\n\n\n\n<li>Prix des lecteurs dans la cat\u00e9gorie SUV \u2013 Auto Plus<\/li>\n\n\n\n<li>Meilleur hybride de l\u2019ann\u00e9e \u2013 Association des M\u00e9dias Auto-Moto (AM-AM)<\/li>\n\n\n\n<li>Coup de c\u0153ur du Jury \u2013 Association des M\u00e9dias Auto-Moto (AM-AM)<\/li>\n<\/ul>\n\n\n\n<p><strong>Espagne<\/strong><\/p>\n\n\n\n<ul class=\"wp-block-list\">\n<li>Best Car of the Year \u2013 The Renting Automotive Awards<\/li>\n\n\n\n<li>Best SUV \u2013 Car &amp; Driver<\/li>\n<\/ul>\n\n\n\n<p><strong>Allemagne<\/strong><\/p>\n\n\n\n<ul class=\"wp-block-list\">\n<li>Value Champion \u2013 Auto Bild<\/li>\n\n\n\n<li>The best family cars \u2013 Auto Strassenverkehr<\/li>\n\n\n\n<li>Allrad Award \u2013 Auto Bild<\/li>\n\n\n\n<li>Carwow Car of the Year Awards 2025 &#8211; Carwow<\/li>\n<\/ul>\n\n\n\n<p><strong>Royaume-Uni<\/strong><\/p>\n\n\n\n<ul class=\"wp-block-list\">\n<li>Best Small SUV \u2013 Auto Express<\/li>\n\n\n\n<li>Smart spender Award \u2013 Carwow<\/li>\n<\/ul>\n\n\n\n<p><strong>Autriche<\/strong><\/p>\n\n\n\n<ul class=\"wp-block-list\">\n<li>Grand Austrian Automobile Award \u2013 ARB\u00d6<\/li>\n<\/ul>\n\n\n\n<p><strong>Italie<\/strong><\/p>\n\n\n\n<ul class=\"wp-block-list\">\n<li>Auto Europa 2025 \u2013 Unione Italiana Giornalisti dell\u2019Automotive (UIGA)<\/li>\n<\/ul>\n\n\n\n<p><strong>Lithuanie<\/strong><\/p>\n\n\n\n<ul class=\"wp-block-list\">\n<li>Public Car &#8211; Lithuanian Car of the Year competition<\/li>\n<\/ul>\n\n\n\n<p><strong>Estonie<\/strong><\/p>\n\n\n\n<ul class=\"wp-block-list\">\n<li>Estonian Car of the Year &#8211; Aasta Auto competition<\/li>\n<\/ul>\n\n\n\n<p><strong>Irlande<\/strong><\/p>\n\n\n\n<ul class=\"wp-block-list\">\n<li>Car of the Year \u2013 Irish Examiner<\/li>\n<\/ul>\n\n\n\n<p>Les nombreux prix remport\u00e9s par Duster en 2024 illustrent son succ\u00e8s grandissant et confirment qu\u2019il continue de s\u2019imposer comme le choix incontournable pour les clients \u00e0 la recherche d\u2019un SUV robuste, abordable et adapt\u00e9 \u00e0 des conditions de route parfois extr\u00eames.<\/p>\n","protected":false},"excerpt":{"rendered":"<p>La saga Duster continue avec une ann\u00e9e 2024 riche en succ\u00e8s pour le SUV iconique de la marque. V\u00e9ritable r\u00e9f\u00e9rence sur le march\u00e9, la 3\u00e8me g\u00e9n\u00e9ration de Duster ne d\u00e9roge pas \u00e0 la r\u00e8gle et s\u2019est distingu\u00e9e en 2024 en remportant plus de 25 prix en Europe.<\/p>\n","protected":false},"author":1,"featured_media":41326,"comment_status":"closed","ping_status":"open","sticky":false,"template":"","format":"standard","meta":{"_acf_changed":false,"footnotes":""},"categories":[18],"tags":[],"class_list":["post-41325","post","type-post","status-publish","format-standard","has-post-thumbnail","hentry","category-a-la-une"],"acf":[],"yoast_head":"<!-- This site is optimized with the Yoast SEO plugin v27.5 - https:\/\/yoast.com\/product\/yoast-seo-wordpress\/ -->\n<title>Une ann\u00e9e 2024 couronn\u00e9e de succ\u00e8s pour Duster - RRG Suisse<\/title>\n<meta name=\"robots\" content=\"index, follow, max-snippet:-1, max-image-preview:large, max-video-preview:-1\" \/>\n<link rel=\"canonical\" href=\"https:\/\/rrgsuisse.ch\/fr\/une-annee-2024-couronnee-de-succes-pour-duster\" \/>\n<meta property=\"og:locale\" content=\"fr_FR\" \/>\n<meta property=\"og:type\" content=\"article\" \/>\n<meta property=\"og:title\" content=\"Une ann\u00e9e 2024 couronn\u00e9e de succ\u00e8s pour Duster - RRG Suisse\" \/>\n<meta property=\"og:description\" content=\"La saga Duster continue avec une ann\u00e9e 2024 riche en succ\u00e8s pour le SUV iconique de la marque. V\u00e9ritable r\u00e9f\u00e9rence sur le march\u00e9, la 3\u00e8me g\u00e9n\u00e9ration de Duster ne d\u00e9roge pas \u00e0 la r\u00e8gle et s\u2019est distingu\u00e9e en 2024 en remportant plus de 25 prix en Europe.\" \/>\n<meta property=\"og:url\" content=\"https:\/\/rrgsuisse.ch\/fr\/une-annee-2024-couronnee-de-succes-pour-duster\" \/>\n<meta property=\"og:site_name\" content=\"RRG Suisse\" \/>\n<meta property=\"article:published_time\" content=\"2025-03-03T14:52:12+00:00\" \/>\n<meta property=\"article:modified_time\" content=\"2025-03-03T14:52:14+00:00\" \/>\n<meta property=\"og:image\" content=\"https:\/\/rrgsuisse.ch\/wp-content\/uploads\/2025\/03\/R-DAM_1558496.jpg\" \/>\n\t<meta property=\"og:image:width\" content=\"1200\" \/>\n\t<meta property=\"og:image:height\" content=\"800\" \/>\n\t<meta property=\"og:image:type\" content=\"image\/jpeg\" \/>\n<meta name=\"author\" content=\"rrgsuisse\" \/>\n<meta name=\"twitter:card\" content=\"summary_large_image\" \/>\n<meta name=\"twitter:label1\" content=\"Written by\" \/>\n\t<meta name=\"twitter:data1\" content=\"rrgsuisse\" \/>\n\t<meta name=\"twitter:label2\" content=\"Est. reading time\" \/>\n\t<meta name=\"twitter:data2\" content=\"2 minutes\" \/>\n<script type=\"application\/ld+json\" class=\"yoast-schema-graph\">{\"@context\":\"https:\\\/\\\/schema.org\",\"@graph\":[{\"@type\":\"Article\",\"@id\":\"https:\\\/\\\/rrgsuisse.ch\\\/fr\\\/une-annee-2024-couronnee-de-succes-pour-duster#article\",\"isPartOf\":{\"@id\":\"https:\\\/\\\/rrgsuisse.ch\\\/fr\\\/une-annee-2024-couronnee-de-succes-pour-duster\"},\"author\":{\"name\":\"rrgsuisse\",\"@id\":\"https:\\\/\\\/rrgsuisse.ch\\\/fr\\\/#\\\/schema\\\/person\\\/3fb0fceb9f1a5bcb4c674661a09ea4f7\"},\"headline\":\"Une ann\u00e9e 2024 couronn\u00e9e de succ\u00e8s pour Duster\",\"datePublished\":\"2025-03-03T14:52:12+00:00\",\"dateModified\":\"2025-03-03T14:52:14+00:00\",\"mainEntityOfPage\":{\"@id\":\"https:\\\/\\\/rrgsuisse.ch\\\/fr\\\/une-annee-2024-couronnee-de-succes-pour-duster\"},\"wordCount\":381,\"image\":{\"@id\":\"https:\\\/\\\/rrgsuisse.ch\\\/fr\\\/une-annee-2024-couronnee-de-succes-pour-duster#primaryimage\"},\"thumbnailUrl\":\"https:\\\/\\\/rrgsuisse.ch\\\/wp-content\\\/uploads\\\/2025\\\/03\\\/R-DAM_1558496.jpg\",\"articleSection\":[\"A la une\"],\"inLanguage\":\"fr-CH\"},{\"@type\":\"WebPage\",\"@id\":\"https:\\\/\\\/rrgsuisse.ch\\\/fr\\\/une-annee-2024-couronnee-de-succes-pour-duster\",\"url\":\"https:\\\/\\\/rrgsuisse.ch\\\/fr\\\/une-annee-2024-couronnee-de-succes-pour-duster\",\"name\":\"Une ann\u00e9e 2024 couronn\u00e9e de succ\u00e8s pour Duster - RRG Suisse\",\"isPartOf\":{\"@id\":\"https:\\\/\\\/rrgsuisse.ch\\\/fr\\\/#website\"},\"primaryImageOfPage\":{\"@id\":\"https:\\\/\\\/rrgsuisse.ch\\\/fr\\\/une-annee-2024-couronnee-de-succes-pour-duster#primaryimage\"},\"image\":{\"@id\":\"https:\\\/\\\/rrgsuisse.ch\\\/fr\\\/une-annee-2024-couronnee-de-succes-pour-duster#primaryimage\"},\"thumbnailUrl\":\"https:\\\/\\\/rrgsuisse.ch\\\/wp-content\\\/uploads\\\/2025\\\/03\\\/R-DAM_1558496.jpg\",\"datePublished\":\"2025-03-03T14:52:12+00:00\",\"dateModified\":\"2025-03-03T14:52:14+00:00\",\"author\":{\"@id\":\"https:\\\/\\\/rrgsuisse.ch\\\/fr\\\/#\\\/schema\\\/person\\\/3fb0fceb9f1a5bcb4c674661a09ea4f7\"},\"breadcrumb\":{\"@id\":\"https:\\\/\\\/rrgsuisse.ch\\\/fr\\\/une-annee-2024-couronnee-de-succes-pour-duster#breadcrumb\"},\"inLanguage\":\"fr-CH\",\"potentialAction\":[{\"@type\":\"ReadAction\",\"target\":[\"https:\\\/\\\/rrgsuisse.ch\\\/fr\\\/une-annee-2024-couronnee-de-succes-pour-duster\"]}]},{\"@type\":\"ImageObject\",\"inLanguage\":\"fr-CH\",\"@id\":\"https:\\\/\\\/rrgsuisse.ch\\\/fr\\\/une-annee-2024-couronnee-de-succes-pour-duster#primaryimage\",\"url\":\"https:\\\/\\\/rrgsuisse.ch\\\/wp-content\\\/uploads\\\/2025\\\/03\\\/R-DAM_1558496.jpg\",\"contentUrl\":\"https:\\\/\\\/rrgsuisse.ch\\\/wp-content\\\/uploads\\\/2025\\\/03\\\/R-DAM_1558496.jpg\",\"width\":1200,\"height\":800},{\"@type\":\"BreadcrumbList\",\"@id\":\"https:\\\/\\\/rrgsuisse.ch\\\/fr\\\/une-annee-2024-couronnee-de-succes-pour-duster#breadcrumb\",\"itemListElement\":[{\"@type\":\"ListItem\",\"position\":1,\"name\":\"Home\",\"item\":\"https:\\\/\\\/rrgsuisse.ch\\\/fr\"},{\"@type\":\"ListItem\",\"position\":2,\"name\":\"Une ann\u00e9e 2024 couronn\u00e9e de succ\u00e8s pour Duster\"}]},{\"@type\":\"WebSite\",\"@id\":\"https:\\\/\\\/rrgsuisse.ch\\\/fr\\\/#website\",\"url\":\"https:\\\/\\\/rrgsuisse.ch\\\/fr\\\/\",\"name\":\"RRG Suisse\",\"description\":\"Retail Renault Group - Revendeur officiel Renault, Dacia, Nissan\",\"potentialAction\":[{\"@type\":\"SearchAction\",\"target\":{\"@type\":\"EntryPoint\",\"urlTemplate\":\"https:\\\/\\\/rrgsuisse.ch\\\/fr\\\/?s={search_term_string}\"},\"query-input\":{\"@type\":\"PropertyValueSpecification\",\"valueRequired\":true,\"valueName\":\"search_term_string\"}}],\"inLanguage\":\"fr-CH\"},{\"@type\":\"Person\",\"@id\":\"https:\\\/\\\/rrgsuisse.ch\\\/fr\\\/#\\\/schema\\\/person\\\/3fb0fceb9f1a5bcb4c674661a09ea4f7\",\"name\":\"rrgsuisse\",\"image\":{\"@type\":\"ImageObject\",\"inLanguage\":\"fr-CH\",\"@id\":\"https:\\\/\\\/secure.gravatar.com\\\/avatar\\\/5e8e0f3f10010a38feb43e707770c4c97735143a26d51396eb4f3ea6bb49ed57?s=96&d=mm&r=g\",\"url\":\"https:\\\/\\\/secure.gravatar.com\\\/avatar\\\/5e8e0f3f10010a38feb43e707770c4c97735143a26d51396eb4f3ea6bb49ed57?s=96&d=mm&r=g\",\"contentUrl\":\"https:\\\/\\\/secure.gravatar.com\\\/avatar\\\/5e8e0f3f10010a38feb43e707770c4c97735143a26d51396eb4f3ea6bb49ed57?s=96&d=mm&r=g\",\"caption\":\"rrgsuisse\"},\"sameAs\":[\"https:\\\/\\\/rrgsuisse.ch\"],\"url\":\"https:\\\/\\\/rrgsuisse.ch\\\/fr\\\/author\\\/rrgsuisse\"}]}<\/script>\n<!-- \/ Yoast SEO plugin. -->","yoast_head_json":{"title":"Une ann\u00e9e 2024 couronn\u00e9e de succ\u00e8s pour Duster - RRG Suisse","robots":{"index":"index","follow":"follow","max-snippet":"max-snippet:-1","max-image-preview":"max-image-preview:large","max-video-preview":"max-video-preview:-1"},"canonical":"https:\/\/rrgsuisse.ch\/fr\/une-annee-2024-couronnee-de-succes-pour-duster","og_locale":"fr_FR","og_type":"article","og_title":"Une ann\u00e9e 2024 couronn\u00e9e de succ\u00e8s pour Duster - RRG Suisse","og_description":"La saga Duster continue avec une ann\u00e9e 2024 riche en succ\u00e8s pour le SUV iconique de la marque. V\u00e9ritable r\u00e9f\u00e9rence sur le march\u00e9, la 3\u00e8me g\u00e9n\u00e9ration de Duster ne d\u00e9roge pas \u00e0 la r\u00e8gle et s\u2019est distingu\u00e9e en 2024 en remportant plus de 25 prix en Europe.","og_url":"https:\/\/rrgsuisse.ch\/fr\/une-annee-2024-couronnee-de-succes-pour-duster","og_site_name":"RRG Suisse","article_published_time":"2025-03-03T14:52:12+00:00","article_modified_time":"2025-03-03T14:52:14+00:00","og_image":[{"width":1200,"height":800,"url":"https:\/\/rrgsuisse.ch\/wp-content\/uploads\/2025\/03\/R-DAM_1558496.jpg","type":"image\/jpeg"}],"author":"rrgsuisse","twitter_card":"summary_large_image","twitter_misc":{"Written by":"rrgsuisse","Est. reading time":"2 minutes"},"schema":{"@context":"https:\/\/schema.org","@graph":[{"@type":"Article","@id":"https:\/\/rrgsuisse.ch\/fr\/une-annee-2024-couronnee-de-succes-pour-duster#article","isPartOf":{"@id":"https:\/\/rrgsuisse.ch\/fr\/une-annee-2024-couronnee-de-succes-pour-duster"},"author":{"name":"rrgsuisse","@id":"https:\/\/rrgsuisse.ch\/fr\/#\/schema\/person\/3fb0fceb9f1a5bcb4c674661a09ea4f7"},"headline":"Une ann\u00e9e 2024 couronn\u00e9e de succ\u00e8s pour Duster","datePublished":"2025-03-03T14:52:12+00:00","dateModified":"2025-03-03T14:52:14+00:00","mainEntityOfPage":{"@id":"https:\/\/rrgsuisse.ch\/fr\/une-annee-2024-couronnee-de-succes-pour-duster"},"wordCount":381,"image":{"@id":"https:\/\/rrgsuisse.ch\/fr\/une-annee-2024-couronnee-de-succes-pour-duster#primaryimage"},"thumbnailUrl":"https:\/\/rrgsuisse.ch\/wp-content\/uploads\/2025\/03\/R-DAM_1558496.jpg","articleSection":["A la une"],"inLanguage":"fr-CH"},{"@type":"WebPage","@id":"https:\/\/rrgsuisse.ch\/fr\/une-annee-2024-couronnee-de-succes-pour-duster","url":"https:\/\/rrgsuisse.ch\/fr\/une-annee-2024-couronnee-de-succes-pour-duster","name":"Une ann\u00e9e 2024 couronn\u00e9e de succ\u00e8s pour Duster - RRG Suisse","isPartOf":{"@id":"https:\/\/rrgsuisse.ch\/fr\/#website"},"primaryImageOfPage":{"@id":"https:\/\/rrgsuisse.ch\/fr\/une-annee-2024-couronnee-de-succes-pour-duster#primaryimage"},"image":{"@id":"https:\/\/rrgsuisse.ch\/fr\/une-annee-2024-couronnee-de-succes-pour-duster#primaryimage"},"thumbnailUrl":"https:\/\/rrgsuisse.ch\/wp-content\/uploads\/2025\/03\/R-DAM_1558496.jpg","datePublished":"2025-03-03T14:52:12+00:00","dateModified":"2025-03-03T14:52:14+00:00","author":{"@id":"https:\/\/rrgsuisse.ch\/fr\/#\/schema\/person\/3fb0fceb9f1a5bcb4c674661a09ea4f7"},"breadcrumb":{"@id":"https:\/\/rrgsuisse.ch\/fr\/une-annee-2024-couronnee-de-succes-pour-duster#breadcrumb"},"inLanguage":"fr-CH","potentialAction":[{"@type":"ReadAction","target":["https:\/\/rrgsuisse.ch\/fr\/une-annee-2024-couronnee-de-succes-pour-duster"]}]},{"@type":"ImageObject","inLanguage":"fr-CH","@id":"https:\/\/rrgsuisse.ch\/fr\/une-annee-2024-couronnee-de-succes-pour-duster#primaryimage","url":"https:\/\/rrgsuisse.ch\/wp-content\/uploads\/2025\/03\/R-DAM_1558496.jpg","contentUrl":"https:\/\/rrgsuisse.ch\/wp-content\/uploads\/2025\/03\/R-DAM_1558496.jpg","width":1200,"height":800},{"@type":"BreadcrumbList","@id":"https:\/\/rrgsuisse.ch\/fr\/une-annee-2024-couronnee-de-succes-pour-duster#breadcrumb","itemListElement":[{"@type":"ListItem","position":1,"name":"Home","item":"https:\/\/rrgsuisse.ch\/fr"},{"@type":"ListItem","position":2,"name":"Une ann\u00e9e 2024 couronn\u00e9e de succ\u00e8s pour Duster"}]},{"@type":"WebSite","@id":"https:\/\/rrgsuisse.ch\/fr\/#website","url":"https:\/\/rrgsuisse.ch\/fr\/","name":"RRG Suisse","description":"Retail Renault Group - Revendeur officiel Renault, Dacia, Nissan","potentialAction":[{"@type":"SearchAction","target":{"@type":"EntryPoint","urlTemplate":"https:\/\/rrgsuisse.ch\/fr\/?s={search_term_string}"},"query-input":{"@type":"PropertyValueSpecification","valueRequired":true,"valueName":"search_term_string"}}],"inLanguage":"fr-CH"},{"@type":"Person","@id":"https:\/\/rrgsuisse.ch\/fr\/#\/schema\/person\/3fb0fceb9f1a5bcb4c674661a09ea4f7","name":"rrgsuisse","image":{"@type":"ImageObject","inLanguage":"fr-CH","@id":"https:\/\/secure.gravatar.com\/avatar\/5e8e0f3f10010a38feb43e707770c4c97735143a26d51396eb4f3ea6bb49ed57?s=96&d=mm&r=g","url":"https:\/\/secure.gravatar.com\/avatar\/5e8e0f3f10010a38feb43e707770c4c97735143a26d51396eb4f3ea6bb49ed57?s=96&d=mm&r=g","contentUrl":"https:\/\/secure.gravatar.com\/avatar\/5e8e0f3f10010a38feb43e707770c4c97735143a26d51396eb4f3ea6bb49ed57?s=96&d=mm&r=g","caption":"rrgsuisse"},"sameAs":["https:\/\/rrgsuisse.ch"],"url":"https:\/\/rrgsuisse.ch\/fr\/author\/rrgsuisse"}]}},"wpml_current_locale":"fr_CH","wpml_translations":{"de_CH":{"locale":"de_CH","id":41331,"slug":"ein-erfolgreiches-jahr-2024-fuer-den-dacia-duster","post_title":"Ein erfolgreiches Jahr 2024 f\u00fcr den Dacia Duster","href":"https:\/\/rrgsuisse.ch\/de\/ein-erfolgreiches-jahr-2024-fuer-den-dacia-duster"}},"_links":{"self":[{"href":"https:\/\/rrgsuisse.ch\/fr\/wp-json\/wp\/v2\/posts\/41325","targetHints":{"allow":["GET"]}}],"collection":[{"href":"https:\/\/rrgsuisse.ch\/fr\/wp-json\/wp\/v2\/posts"}],"about":[{"href":"https:\/\/rrgsuisse.ch\/fr\/wp-json\/wp\/v2\/types\/post"}],"author":[{"embeddable":true,"href":"https:\/\/rrgsuisse.ch\/fr\/wp-json\/wp\/v2\/users\/1"}],"replies":[{"embeddable":true,"href":"https:\/\/rrgsuisse.ch\/fr\/wp-json\/wp\/v2\/comments?post=41325"}],"version-history":[{"count":1,"href":"https:\/\/rrgsuisse.ch\/fr\/wp-json\/wp\/v2\/posts\/41325\/revisions"}],"predecessor-version":[{"id":41328,"href":"https:\/\/rrgsuisse.ch\/fr\/wp-json\/wp\/v2\/posts\/41325\/revisions\/41328"}],"wp:featuredmedia":[{"embeddable":true,"href":"https:\/\/rrgsuisse.ch\/fr\/wp-json\/wp\/v2\/media\/41326"}],"wp:attachment":[{"href":"https:\/\/rrgsuisse.ch\/fr\/wp-json\/wp\/v2\/media?parent=41325"}],"wp:term":[{"taxonomy":"category","embeddable":true,"href":"https:\/\/rrgsuisse.ch\/fr\/wp-json\/wp\/v2\/categories?post=41325"},{"taxonomy":"post_tag","embeddable":true,"href":"https:\/\/rrgsuisse.ch\/fr\/wp-json\/wp\/v2\/tags?post=41325"}],"curies":[{"name":"wp","href":"https:\/\/api.w.org\/{rel}","templated":true}]}}