{"id":42837,"date":"2025-04-16T11:27:30","date_gmt":"2025-04-16T09:27:30","guid":{"rendered":"https:\/\/rrgsuisse.ch\/?p=42837"},"modified":"2025-04-16T11:27:32","modified_gmt":"2025-04-16T09:27:32","slug":"renault-offre-encore-plus-de-valeur-client-sur-le-haut-de-gamme-ouverture-des-commandes-des-nouveaux-renault-austral-et-espace","status":"publish","type":"post","link":"https:\/\/rrgsuisse.ch\/fr\/renault-offre-encore-plus-de-valeur-client-sur-le-haut-de-gamme-ouverture-des-commandes-des-nouveaux-renault-austral-et-espace","title":{"rendered":"Renault offre encore plus de valeur client sur le haut de gamme: ouverture des commandes des nouveaux Renault Austral et Espace"},"content":{"rendered":"\n<p><strong>Austral, Espace et Rafale: des mod\u00e8les compl\u00e9mentaires<\/strong><br>En adoptant les codes du nouveau langage design de Renault, Austral et Espace harmonisent leur style avec celui de Rafale pour encore plus de coh\u00e9rence et de caract\u00e8re. Un air de famille assum\u00e9, pour appuyer davantage la filiation entre les 3 mod\u00e8les hybrides qui incarnent l\u2019acc\u00e9l\u00e9ration de la marque Renault sur les segments sup\u00e9rieurs.<br>Au-del\u00e0 du design, la plateforme CMF-CD commune, permet d\u2019offrir le meilleur de la technologie Renault: train arri\u00e8re multi-bras coupl\u00e9 au syst\u00e8me \u00e0 4 roues directrices 4Control Advanced pour plus de stabilit\u00e9 \u00e0 haute vitesse et de man\u0153uvrabilit\u00e9 \u00e0 basse vitesse, feux Matrix LED Vision pour un \u00e9clairage maximal, affichage t\u00eate haute projet\u00e9 directement dans le pare-brise, 32 aides \u00e0 la conduite dont la d\u00e9l\u00e9gation de conduite (niveau 2), ou encore le syst\u00e8me de reconnaissance du conducteur pour un accueil personnalis\u00e9 \u00e0 bord.<\/p>\n\n\n\n<p>Autres atouts partag\u00e9s par Austral, Espace et Rafale, le syst\u00e8me multim\u00e9dia OpenR Link avec Google int\u00e9gr\u00e9 et la motorisation full hybrid E-Tech 200 ch au rapport performances \/ efficience au meilleur niveau du march\u00e9 avec des consommations WLTP de 4,7L* sur Austral et Rafale et 4,8L* sur Espace.<\/p>\n\n\n\n<p>Une compl\u00e9mentarit\u00e9 jusque dans les tarifs avec la baisse du prix de l\u2019Espace 5 places qui permet une meilleure coh\u00e9rence des prix entre les trois mod\u00e8les.<\/p>\n\n\n\n<p><em>*homologation en cours<\/em><\/p>\n\n\n\n<p><strong>Nouveau Renault Austral, le SUV hybride, high-tech et polyvalent<\/strong><br>Renault Austral est un SUV unique en son genre. Compact \u00e0 l\u2019ext\u00e9rieur, habitable et modulable \u00e0 l\u2019int\u00e9rieur, il offre une polyvalence d\u2019usage in\u00e9gal\u00e9e sur le segment C.<br>Dans sa version restyl\u00e9e, Nouveau Renault Austral optimise l\u2019exp\u00e9rience \u00e0 bord avec \u00e0 la fois plus de confort et de technologies utiles. L\u2019ambiance int\u00e9rieure voit grand avec des prestations dignes du segment sup\u00e9rieur et une banquette coulissante sur 16 cm, inclinable et rabattable, pour moduler la capacit\u00e9 de chargement de 527L \u00e0 1 736L selon les besoins.<\/p>\n\n\n\n<p><strong>Nouveau Renault Espace, l\u2019hybride familial 5 ou 7 places le plus efficient du march\u00e9<\/strong><br>Avec son style modernis\u00e9 en profondeur et ses \u00e9quipements technologiques in\u00e9dits, Nouveau Renault Espace conserve son ADN de grand voyageur et ses deux grandes forces que sont l\u2019habitabilit\u00e9 et la modularit\u00e9 tout en perfectionnant ses qualit\u00e9s technologiques et de confort.<br>Disponible en 5 ou 7 places, Nouvel Espace est toujours aussi spacieux gr\u00e2ce \u00e0 sa banquette arri\u00e8re coulissante sur 22 cm et inclinable sur quatre positions (25\u00b0\/27\u00b0\/ 29\u00b0\/31\u00b0) et sa capacit\u00e9 de chargement au meilleur niveau de sa cat\u00e9gorie (de 692L \u00e0 2 224L en version 5 places).<br>Toujours \u00e0 la pointe de la technologie, il re\u00e7oit le toit en verre opacifiant Solarbay\u00ae dans sa version la plus grande de la gamme Renault (pr\u00e8s de 2 m\u00b2).<\/p>\n\n\n\n<p><strong>Renault Rafale, le coup\u00e9 hautes performances compl\u00e8te sa gamme avec quelques nouveaut\u00e9s<\/strong><br>Rafale profite du restylage d\u2019Austral et d\u2019Espace pour compl\u00e9ter sa gamme avec quelques nouveaut\u00e9s: syst\u00e8me de reconnaissance du conducteur pour un accueil personnalis\u00e9, teinte gris schiste satin ou encore nouveaux packs disponibles selon les versions.<\/p>\n\n\n\n<p>Porte drapeau de la marque Renault, Rafale est la voiture \u00e0 vivre haut de gamme, o\u00f9 le plaisir de conduire et de voyager est magnifi\u00e9. Avec son habitabilit\u00e9 g\u00e9n\u00e9reuse et ses nombreux \u00e9quipements technologiques, Rafale procure un plaisir \u00e0 bord partag\u00e9 par tous. En plus de la motorisation full hybrid E-Tech, Rafale propose \u00e9galement le moteur hyper hybrid E-Tech 4&#215;4 300 ch plug-in, capable d\u2019offrir plus de puissance, d\u2019autonomie \u00e9lectrique et un syst\u00e8me de quatre roues motrices actif en permanence. En finition atelier Alpine, Rafale hyper hybrid E-Tech 4&#215;4 300 ch plug-in dispose de r\u00e9glages sp\u00e9cifiques du ch\u00e2ssis et de la suspension active coupl\u00e9e \u00e0 une cam\u00e9ra pr\u00e9dictive, pour une exp\u00e9rience de conduite haute performance.<\/p>\n","protected":false},"excerpt":{"rendered":"<p>Les commandes des nouveaux Renault Austral et Espace ouvrent \u00e0 partir de maintenant avec pour chacun des mod\u00e8les trois versions disponibles, afin de mieux r\u00e9pondre aux diff\u00e9rents usages des clients.<br \/>\nLa gamme Renault Austral est plus lisible avec d\u00e9sormais une offre sur 3 niveaux: evolution, l\u2019entr\u00e9e de gamme; techno, la version interm\u00e9diaire encore plus \u00e9quip\u00e9e et esprit Alpine, la version haute au style sportif, v\u00e9ritable fer de lance de la reconqu\u00eate du segment C.<br \/>\nLa gamme Renault Espace ne change pas, avec 3 versions disponibles: techno, l\u2019entr\u00e9e de gamme; esprit Alpine richement dot\u00e9e avec de s\u00e9rie le 4Control Advanced et iconic, la version la plus haute \u00e9quip\u00e9e des meilleures technologies.<br \/>\nRenault dissocie les prix d\u2019entr\u00e9e des versions 5 et 7 places de l\u2019Espace pour faciliter l\u2019acc\u00e8s au mod\u00e8le. L\u2019Espace 5 places techno affiche d\u00e9sormais un tarif d\u2019entr\u00e9e \u00e0 partir de CHF 43&#8217;100.-. L\u2019Austral d\u00e9marre ses prix \u00e0 partir de CHF 36&#8217;900.- en version mild hybrid 160 auto evolution.<br \/>\nLa motorisation full hybrid E-Tech 200 ch, r\u00e9put\u00e9e pour son efficacit\u00e9 et ses performances in\u00e9gal\u00e9es, est toujours propos\u00e9e sur les deux mod\u00e8les. Associ\u00e9e \u00e0 une bo\u00eete de vitesses automatique multimode, le full hybrid E-Tech 200 ch affiche des consommations in\u00e9gal\u00e9es (\u00e0 partir de 4,7L* \/ 100 km pour Austral et 4,8L* \/ 100 km pour Espace).<br \/>\nLes premi\u00e8res livraisons aux clients d\u00e9buteront en Suisse avant l\u2019\u00e9t\u00e9 2025 pour les deux mod\u00e8les.<br \/>\nA noter: quelques nouveaut\u00e9s \u00e9galement sur la gamme de Rafale.<\/p>\n","protected":false},"author":1,"featured_media":42838,"comment_status":"closed","ping_status":"open","sticky":false,"template":"","format":"standard","meta":{"_acf_changed":false,"footnotes":""},"categories":[18],"tags":[],"class_list":["post-42837","post","type-post","status-publish","format-standard","has-post-thumbnail","hentry","category-a-la-une"],"acf":[],"yoast_head":"<!-- This site is optimized with the Yoast SEO plugin v27.5 - https:\/\/yoast.com\/product\/yoast-seo-wordpress\/ -->\n<title>Renault offre encore plus de valeur client sur le haut de gamme: ouverture des commandes des nouveaux Renault Austral et Espace - RRG Suisse<\/title>\n<meta name=\"robots\" content=\"index, follow, max-snippet:-1, max-image-preview:large, max-video-preview:-1\" \/>\n<link rel=\"canonical\" href=\"https:\/\/rrgsuisse.ch\/fr\/renault-offre-encore-plus-de-valeur-client-sur-le-haut-de-gamme-ouverture-des-commandes-des-nouveaux-renault-austral-et-espace\" \/>\n<meta property=\"og:locale\" content=\"fr_FR\" \/>\n<meta property=\"og:type\" content=\"article\" \/>\n<meta property=\"og:title\" content=\"Renault offre encore plus de valeur client sur le haut de gamme: ouverture des commandes des nouveaux Renault Austral et Espace - RRG Suisse\" \/>\n<meta property=\"og:description\" content=\"Les commandes des nouveaux Renault Austral et Espace ouvrent \u00e0 partir de maintenant avec pour chacun des mod\u00e8les trois versions disponibles, afin de mieux r\u00e9pondre aux diff\u00e9rents usages des clients. La gamme Renault Austral est plus lisible avec d\u00e9sormais une offre sur 3 niveaux: evolution, l\u2019entr\u00e9e de gamme; techno, la version interm\u00e9diaire encore plus \u00e9quip\u00e9e et esprit Alpine, la version haute au style sportif, v\u00e9ritable fer de lance de la reconqu\u00eate du segment C. La gamme Renault Espace ne change pas, avec 3 versions disponibles: techno, l\u2019entr\u00e9e de gamme; esprit Alpine richement dot\u00e9e avec de s\u00e9rie le 4Control Advanced et iconic, la version la plus haute \u00e9quip\u00e9e des meilleures technologies. Renault dissocie les prix d\u2019entr\u00e9e des versions 5 et 7 places de l\u2019Espace pour faciliter l\u2019acc\u00e8s au mod\u00e8le. L\u2019Espace 5 places techno affiche d\u00e9sormais un tarif d\u2019entr\u00e9e \u00e0 partir de CHF 43&#039;100.-. L\u2019Austral d\u00e9marre ses prix \u00e0 partir de CHF 36&#039;900.- en version mild hybrid 160 auto evolution. La motorisation full hybrid E-Tech 200 ch, r\u00e9put\u00e9e pour son efficacit\u00e9 et ses performances in\u00e9gal\u00e9es, est toujours propos\u00e9e sur les deux mod\u00e8les. Associ\u00e9e \u00e0 une bo\u00eete de vitesses automatique multimode, le full hybrid E-Tech 200 ch affiche des consommations in\u00e9gal\u00e9es (\u00e0 partir de 4,7L* \/ 100 km pour Austral et 4,8L* \/ 100 km pour Espace). Les premi\u00e8res livraisons aux clients d\u00e9buteront en Suisse avant l\u2019\u00e9t\u00e9 2025 pour les deux mod\u00e8les. A noter: quelques nouveaut\u00e9s \u00e9galement sur la gamme de Rafale.\" \/>\n<meta property=\"og:url\" content=\"https:\/\/rrgsuisse.ch\/fr\/renault-offre-encore-plus-de-valeur-client-sur-le-haut-de-gamme-ouverture-des-commandes-des-nouveaux-renault-austral-et-espace\" \/>\n<meta property=\"og:site_name\" content=\"RRG Suisse\" \/>\n<meta property=\"article:published_time\" content=\"2025-04-16T09:27:30+00:00\" \/>\n<meta property=\"article:modified_time\" content=\"2025-04-16T09:27:32+00:00\" \/>\n<meta property=\"og:image\" content=\"https:\/\/rrgsuisse.ch\/wp-content\/uploads\/2025\/04\/TEASER_R-DAM_1653817.jpg\" \/>\n\t<meta property=\"og:image:width\" content=\"1200\" \/>\n\t<meta property=\"og:image:height\" content=\"675\" \/>\n\t<meta property=\"og:image:type\" content=\"image\/jpeg\" \/>\n<meta name=\"author\" content=\"rrgsuisse\" \/>\n<meta name=\"twitter:card\" content=\"summary_large_image\" \/>\n<meta name=\"twitter:label1\" content=\"Written by\" \/>\n\t<meta name=\"twitter:data1\" content=\"rrgsuisse\" \/>\n\t<meta name=\"twitter:label2\" content=\"Est. reading time\" \/>\n\t<meta name=\"twitter:data2\" content=\"4 minutes\" \/>\n<script type=\"application\/ld+json\" class=\"yoast-schema-graph\">{\"@context\":\"https:\\\/\\\/schema.org\",\"@graph\":[{\"@type\":\"Article\",\"@id\":\"https:\\\/\\\/rrgsuisse.ch\\\/fr\\\/renault-offre-encore-plus-de-valeur-client-sur-le-haut-de-gamme-ouverture-des-commandes-des-nouveaux-renault-austral-et-espace#article\",\"isPartOf\":{\"@id\":\"https:\\\/\\\/rrgsuisse.ch\\\/fr\\\/renault-offre-encore-plus-de-valeur-client-sur-le-haut-de-gamme-ouverture-des-commandes-des-nouveaux-renault-austral-et-espace\"},\"author\":{\"name\":\"rrgsuisse\",\"@id\":\"https:\\\/\\\/rrgsuisse.ch\\\/fr\\\/#\\\/schema\\\/person\\\/3fb0fceb9f1a5bcb4c674661a09ea4f7\"},\"headline\":\"Renault offre encore plus de valeur client sur le haut de gamme: ouverture des commandes des nouveaux Renault Austral et Espace\",\"datePublished\":\"2025-04-16T09:27:30+00:00\",\"dateModified\":\"2025-04-16T09:27:32+00:00\",\"mainEntityOfPage\":{\"@id\":\"https:\\\/\\\/rrgsuisse.ch\\\/fr\\\/renault-offre-encore-plus-de-valeur-client-sur-le-haut-de-gamme-ouverture-des-commandes-des-nouveaux-renault-austral-et-espace\"},\"wordCount\":656,\"image\":{\"@id\":\"https:\\\/\\\/rrgsuisse.ch\\\/fr\\\/renault-offre-encore-plus-de-valeur-client-sur-le-haut-de-gamme-ouverture-des-commandes-des-nouveaux-renault-austral-et-espace#primaryimage\"},\"thumbnailUrl\":\"https:\\\/\\\/rrgsuisse.ch\\\/wp-content\\\/uploads\\\/2025\\\/04\\\/TEASER_R-DAM_1653817.jpg\",\"articleSection\":[\"A la une\"],\"inLanguage\":\"fr-CH\"},{\"@type\":\"WebPage\",\"@id\":\"https:\\\/\\\/rrgsuisse.ch\\\/fr\\\/renault-offre-encore-plus-de-valeur-client-sur-le-haut-de-gamme-ouverture-des-commandes-des-nouveaux-renault-austral-et-espace\",\"url\":\"https:\\\/\\\/rrgsuisse.ch\\\/fr\\\/renault-offre-encore-plus-de-valeur-client-sur-le-haut-de-gamme-ouverture-des-commandes-des-nouveaux-renault-austral-et-espace\",\"name\":\"Renault offre encore plus de valeur client sur le haut de gamme: ouverture des commandes des nouveaux Renault Austral et Espace - RRG Suisse\",\"isPartOf\":{\"@id\":\"https:\\\/\\\/rrgsuisse.ch\\\/fr\\\/#website\"},\"primaryImageOfPage\":{\"@id\":\"https:\\\/\\\/rrgsuisse.ch\\\/fr\\\/renault-offre-encore-plus-de-valeur-client-sur-le-haut-de-gamme-ouverture-des-commandes-des-nouveaux-renault-austral-et-espace#primaryimage\"},\"image\":{\"@id\":\"https:\\\/\\\/rrgsuisse.ch\\\/fr\\\/renault-offre-encore-plus-de-valeur-client-sur-le-haut-de-gamme-ouverture-des-commandes-des-nouveaux-renault-austral-et-espace#primaryimage\"},\"thumbnailUrl\":\"https:\\\/\\\/rrgsuisse.ch\\\/wp-content\\\/uploads\\\/2025\\\/04\\\/TEASER_R-DAM_1653817.jpg\",\"datePublished\":\"2025-04-16T09:27:30+00:00\",\"dateModified\":\"2025-04-16T09:27:32+00:00\",\"author\":{\"@id\":\"https:\\\/\\\/rrgsuisse.ch\\\/fr\\\/#\\\/schema\\\/person\\\/3fb0fceb9f1a5bcb4c674661a09ea4f7\"},\"breadcrumb\":{\"@id\":\"https:\\\/\\\/rrgsuisse.ch\\\/fr\\\/renault-offre-encore-plus-de-valeur-client-sur-le-haut-de-gamme-ouverture-des-commandes-des-nouveaux-renault-austral-et-espace#breadcrumb\"},\"inLanguage\":\"fr-CH\",\"potentialAction\":[{\"@type\":\"ReadAction\",\"target\":[\"https:\\\/\\\/rrgsuisse.ch\\\/fr\\\/renault-offre-encore-plus-de-valeur-client-sur-le-haut-de-gamme-ouverture-des-commandes-des-nouveaux-renault-austral-et-espace\"]}]},{\"@type\":\"ImageObject\",\"inLanguage\":\"fr-CH\",\"@id\":\"https:\\\/\\\/rrgsuisse.ch\\\/fr\\\/renault-offre-encore-plus-de-valeur-client-sur-le-haut-de-gamme-ouverture-des-commandes-des-nouveaux-renault-austral-et-espace#primaryimage\",\"url\":\"https:\\\/\\\/rrgsuisse.ch\\\/wp-content\\\/uploads\\\/2025\\\/04\\\/TEASER_R-DAM_1653817.jpg\",\"contentUrl\":\"https:\\\/\\\/rrgsuisse.ch\\\/wp-content\\\/uploads\\\/2025\\\/04\\\/TEASER_R-DAM_1653817.jpg\",\"width\":1200,\"height\":675},{\"@type\":\"BreadcrumbList\",\"@id\":\"https:\\\/\\\/rrgsuisse.ch\\\/fr\\\/renault-offre-encore-plus-de-valeur-client-sur-le-haut-de-gamme-ouverture-des-commandes-des-nouveaux-renault-austral-et-espace#breadcrumb\",\"itemListElement\":[{\"@type\":\"ListItem\",\"position\":1,\"name\":\"Home\",\"item\":\"https:\\\/\\\/rrgsuisse.ch\\\/fr\"},{\"@type\":\"ListItem\",\"position\":2,\"name\":\"Renault offre encore plus de valeur client sur le haut de gamme: ouverture des commandes des nouveaux Renault Austral et Espace\"}]},{\"@type\":\"WebSite\",\"@id\":\"https:\\\/\\\/rrgsuisse.ch\\\/fr\\\/#website\",\"url\":\"https:\\\/\\\/rrgsuisse.ch\\\/fr\\\/\",\"name\":\"RRG Suisse\",\"description\":\"Retail Renault Group - Revendeur officiel Renault, Dacia, Nissan\",\"potentialAction\":[{\"@type\":\"SearchAction\",\"target\":{\"@type\":\"EntryPoint\",\"urlTemplate\":\"https:\\\/\\\/rrgsuisse.ch\\\/fr\\\/?s={search_term_string}\"},\"query-input\":{\"@type\":\"PropertyValueSpecification\",\"valueRequired\":true,\"valueName\":\"search_term_string\"}}],\"inLanguage\":\"fr-CH\"},{\"@type\":\"Person\",\"@id\":\"https:\\\/\\\/rrgsuisse.ch\\\/fr\\\/#\\\/schema\\\/person\\\/3fb0fceb9f1a5bcb4c674661a09ea4f7\",\"name\":\"rrgsuisse\",\"image\":{\"@type\":\"ImageObject\",\"inLanguage\":\"fr-CH\",\"@id\":\"https:\\\/\\\/secure.gravatar.com\\\/avatar\\\/5e8e0f3f10010a38feb43e707770c4c97735143a26d51396eb4f3ea6bb49ed57?s=96&d=mm&r=g\",\"url\":\"https:\\\/\\\/secure.gravatar.com\\\/avatar\\\/5e8e0f3f10010a38feb43e707770c4c97735143a26d51396eb4f3ea6bb49ed57?s=96&d=mm&r=g\",\"contentUrl\":\"https:\\\/\\\/secure.gravatar.com\\\/avatar\\\/5e8e0f3f10010a38feb43e707770c4c97735143a26d51396eb4f3ea6bb49ed57?s=96&d=mm&r=g\",\"caption\":\"rrgsuisse\"},\"sameAs\":[\"https:\\\/\\\/rrgsuisse.ch\"],\"url\":\"https:\\\/\\\/rrgsuisse.ch\\\/fr\\\/author\\\/rrgsuisse\"}]}<\/script>\n<!-- \/ Yoast SEO plugin. -->","yoast_head_json":{"title":"Renault offre encore plus de valeur client sur le haut de gamme: ouverture des commandes des nouveaux Renault Austral et Espace - RRG Suisse","robots":{"index":"index","follow":"follow","max-snippet":"max-snippet:-1","max-image-preview":"max-image-preview:large","max-video-preview":"max-video-preview:-1"},"canonical":"https:\/\/rrgsuisse.ch\/fr\/renault-offre-encore-plus-de-valeur-client-sur-le-haut-de-gamme-ouverture-des-commandes-des-nouveaux-renault-austral-et-espace","og_locale":"fr_FR","og_type":"article","og_title":"Renault offre encore plus de valeur client sur le haut de gamme: ouverture des commandes des nouveaux Renault Austral et Espace - RRG Suisse","og_description":"Les commandes des nouveaux Renault Austral et Espace ouvrent \u00e0 partir de maintenant avec pour chacun des mod\u00e8les trois versions disponibles, afin de mieux r\u00e9pondre aux diff\u00e9rents usages des clients. La gamme Renault Austral est plus lisible avec d\u00e9sormais une offre sur 3 niveaux: evolution, l\u2019entr\u00e9e de gamme; techno, la version interm\u00e9diaire encore plus \u00e9quip\u00e9e et esprit Alpine, la version haute au style sportif, v\u00e9ritable fer de lance de la reconqu\u00eate du segment C. La gamme Renault Espace ne change pas, avec 3 versions disponibles: techno, l\u2019entr\u00e9e de gamme; esprit Alpine richement dot\u00e9e avec de s\u00e9rie le 4Control Advanced et iconic, la version la plus haute \u00e9quip\u00e9e des meilleures technologies. Renault dissocie les prix d\u2019entr\u00e9e des versions 5 et 7 places de l\u2019Espace pour faciliter l\u2019acc\u00e8s au mod\u00e8le. L\u2019Espace 5 places techno affiche d\u00e9sormais un tarif d\u2019entr\u00e9e \u00e0 partir de CHF 43'100.-. L\u2019Austral d\u00e9marre ses prix \u00e0 partir de CHF 36'900.- en version mild hybrid 160 auto evolution. La motorisation full hybrid E-Tech 200 ch, r\u00e9put\u00e9e pour son efficacit\u00e9 et ses performances in\u00e9gal\u00e9es, est toujours propos\u00e9e sur les deux mod\u00e8les. Associ\u00e9e \u00e0 une bo\u00eete de vitesses automatique multimode, le full hybrid E-Tech 200 ch affiche des consommations in\u00e9gal\u00e9es (\u00e0 partir de 4,7L* \/ 100 km pour Austral et 4,8L* \/ 100 km pour Espace). Les premi\u00e8res livraisons aux clients d\u00e9buteront en Suisse avant l\u2019\u00e9t\u00e9 2025 pour les deux mod\u00e8les. A noter: quelques nouveaut\u00e9s \u00e9galement sur la gamme de Rafale.","og_url":"https:\/\/rrgsuisse.ch\/fr\/renault-offre-encore-plus-de-valeur-client-sur-le-haut-de-gamme-ouverture-des-commandes-des-nouveaux-renault-austral-et-espace","og_site_name":"RRG Suisse","article_published_time":"2025-04-16T09:27:30+00:00","article_modified_time":"2025-04-16T09:27:32+00:00","og_image":[{"width":1200,"height":675,"url":"https:\/\/rrgsuisse.ch\/wp-content\/uploads\/2025\/04\/TEASER_R-DAM_1653817.jpg","type":"image\/jpeg"}],"author":"rrgsuisse","twitter_card":"summary_large_image","twitter_misc":{"Written by":"rrgsuisse","Est. reading time":"4 minutes"},"schema":{"@context":"https:\/\/schema.org","@graph":[{"@type":"Article","@id":"https:\/\/rrgsuisse.ch\/fr\/renault-offre-encore-plus-de-valeur-client-sur-le-haut-de-gamme-ouverture-des-commandes-des-nouveaux-renault-austral-et-espace#article","isPartOf":{"@id":"https:\/\/rrgsuisse.ch\/fr\/renault-offre-encore-plus-de-valeur-client-sur-le-haut-de-gamme-ouverture-des-commandes-des-nouveaux-renault-austral-et-espace"},"author":{"name":"rrgsuisse","@id":"https:\/\/rrgsuisse.ch\/fr\/#\/schema\/person\/3fb0fceb9f1a5bcb4c674661a09ea4f7"},"headline":"Renault offre encore plus de valeur client sur le haut de gamme: ouverture des commandes des nouveaux Renault Austral et Espace","datePublished":"2025-04-16T09:27:30+00:00","dateModified":"2025-04-16T09:27:32+00:00","mainEntityOfPage":{"@id":"https:\/\/rrgsuisse.ch\/fr\/renault-offre-encore-plus-de-valeur-client-sur-le-haut-de-gamme-ouverture-des-commandes-des-nouveaux-renault-austral-et-espace"},"wordCount":656,"image":{"@id":"https:\/\/rrgsuisse.ch\/fr\/renault-offre-encore-plus-de-valeur-client-sur-le-haut-de-gamme-ouverture-des-commandes-des-nouveaux-renault-austral-et-espace#primaryimage"},"thumbnailUrl":"https:\/\/rrgsuisse.ch\/wp-content\/uploads\/2025\/04\/TEASER_R-DAM_1653817.jpg","articleSection":["A la une"],"inLanguage":"fr-CH"},{"@type":"WebPage","@id":"https:\/\/rrgsuisse.ch\/fr\/renault-offre-encore-plus-de-valeur-client-sur-le-haut-de-gamme-ouverture-des-commandes-des-nouveaux-renault-austral-et-espace","url":"https:\/\/rrgsuisse.ch\/fr\/renault-offre-encore-plus-de-valeur-client-sur-le-haut-de-gamme-ouverture-des-commandes-des-nouveaux-renault-austral-et-espace","name":"Renault offre encore plus de valeur client sur le haut de gamme: ouverture des commandes des nouveaux Renault Austral et Espace - RRG Suisse","isPartOf":{"@id":"https:\/\/rrgsuisse.ch\/fr\/#website"},"primaryImageOfPage":{"@id":"https:\/\/rrgsuisse.ch\/fr\/renault-offre-encore-plus-de-valeur-client-sur-le-haut-de-gamme-ouverture-des-commandes-des-nouveaux-renault-austral-et-espace#primaryimage"},"image":{"@id":"https:\/\/rrgsuisse.ch\/fr\/renault-offre-encore-plus-de-valeur-client-sur-le-haut-de-gamme-ouverture-des-commandes-des-nouveaux-renault-austral-et-espace#primaryimage"},"thumbnailUrl":"https:\/\/rrgsuisse.ch\/wp-content\/uploads\/2025\/04\/TEASER_R-DAM_1653817.jpg","datePublished":"2025-04-16T09:27:30+00:00","dateModified":"2025-04-16T09:27:32+00:00","author":{"@id":"https:\/\/rrgsuisse.ch\/fr\/#\/schema\/person\/3fb0fceb9f1a5bcb4c674661a09ea4f7"},"breadcrumb":{"@id":"https:\/\/rrgsuisse.ch\/fr\/renault-offre-encore-plus-de-valeur-client-sur-le-haut-de-gamme-ouverture-des-commandes-des-nouveaux-renault-austral-et-espace#breadcrumb"},"inLanguage":"fr-CH","potentialAction":[{"@type":"ReadAction","target":["https:\/\/rrgsuisse.ch\/fr\/renault-offre-encore-plus-de-valeur-client-sur-le-haut-de-gamme-ouverture-des-commandes-des-nouveaux-renault-austral-et-espace"]}]},{"@type":"ImageObject","inLanguage":"fr-CH","@id":"https:\/\/rrgsuisse.ch\/fr\/renault-offre-encore-plus-de-valeur-client-sur-le-haut-de-gamme-ouverture-des-commandes-des-nouveaux-renault-austral-et-espace#primaryimage","url":"https:\/\/rrgsuisse.ch\/wp-content\/uploads\/2025\/04\/TEASER_R-DAM_1653817.jpg","contentUrl":"https:\/\/rrgsuisse.ch\/wp-content\/uploads\/2025\/04\/TEASER_R-DAM_1653817.jpg","width":1200,"height":675},{"@type":"BreadcrumbList","@id":"https:\/\/rrgsuisse.ch\/fr\/renault-offre-encore-plus-de-valeur-client-sur-le-haut-de-gamme-ouverture-des-commandes-des-nouveaux-renault-austral-et-espace#breadcrumb","itemListElement":[{"@type":"ListItem","position":1,"name":"Home","item":"https:\/\/rrgsuisse.ch\/fr"},{"@type":"ListItem","position":2,"name":"Renault offre encore plus de valeur client sur le haut de gamme: ouverture des commandes des nouveaux Renault Austral et Espace"}]},{"@type":"WebSite","@id":"https:\/\/rrgsuisse.ch\/fr\/#website","url":"https:\/\/rrgsuisse.ch\/fr\/","name":"RRG Suisse","description":"Retail Renault Group - Revendeur officiel Renault, Dacia, Nissan","potentialAction":[{"@type":"SearchAction","target":{"@type":"EntryPoint","urlTemplate":"https:\/\/rrgsuisse.ch\/fr\/?s={search_term_string}"},"query-input":{"@type":"PropertyValueSpecification","valueRequired":true,"valueName":"search_term_string"}}],"inLanguage":"fr-CH"},{"@type":"Person","@id":"https:\/\/rrgsuisse.ch\/fr\/#\/schema\/person\/3fb0fceb9f1a5bcb4c674661a09ea4f7","name":"rrgsuisse","image":{"@type":"ImageObject","inLanguage":"fr-CH","@id":"https:\/\/secure.gravatar.com\/avatar\/5e8e0f3f10010a38feb43e707770c4c97735143a26d51396eb4f3ea6bb49ed57?s=96&d=mm&r=g","url":"https:\/\/secure.gravatar.com\/avatar\/5e8e0f3f10010a38feb43e707770c4c97735143a26d51396eb4f3ea6bb49ed57?s=96&d=mm&r=g","contentUrl":"https:\/\/secure.gravatar.com\/avatar\/5e8e0f3f10010a38feb43e707770c4c97735143a26d51396eb4f3ea6bb49ed57?s=96&d=mm&r=g","caption":"rrgsuisse"},"sameAs":["https:\/\/rrgsuisse.ch"],"url":"https:\/\/rrgsuisse.ch\/fr\/author\/rrgsuisse"}]}},"wpml_current_locale":"fr_CH","wpml_translations":{"de_CH":{"locale":"de_CH","id":42841,"slug":"umfassende-updates-bei-design-und-technik-renault-espace-und-austral-ab-sofort-bestellbar","post_title":"Umfassende Updates bei Design und Technik: Renault Espace und Austral ab sofort bestellbar","href":"https:\/\/rrgsuisse.ch\/de\/umfassende-updates-bei-design-und-technik-renault-espace-und-austral-ab-sofort-bestellbar"}},"_links":{"self":[{"href":"https:\/\/rrgsuisse.ch\/fr\/wp-json\/wp\/v2\/posts\/42837","targetHints":{"allow":["GET"]}}],"collection":[{"href":"https:\/\/rrgsuisse.ch\/fr\/wp-json\/wp\/v2\/posts"}],"about":[{"href":"https:\/\/rrgsuisse.ch\/fr\/wp-json\/wp\/v2\/types\/post"}],"author":[{"embeddable":true,"href":"https:\/\/rrgsuisse.ch\/fr\/wp-json\/wp\/v2\/users\/1"}],"replies":[{"embeddable":true,"href":"https:\/\/rrgsuisse.ch\/fr\/wp-json\/wp\/v2\/comments?post=42837"}],"version-history":[{"count":1,"href":"https:\/\/rrgsuisse.ch\/fr\/wp-json\/wp\/v2\/posts\/42837\/revisions"}],"predecessor-version":[{"id":42840,"href":"https:\/\/rrgsuisse.ch\/fr\/wp-json\/wp\/v2\/posts\/42837\/revisions\/42840"}],"wp:featuredmedia":[{"embeddable":true,"href":"https:\/\/rrgsuisse.ch\/fr\/wp-json\/wp\/v2\/media\/42838"}],"wp:attachment":[{"href":"https:\/\/rrgsuisse.ch\/fr\/wp-json\/wp\/v2\/media?parent=42837"}],"wp:term":[{"taxonomy":"category","embeddable":true,"href":"https:\/\/rrgsuisse.ch\/fr\/wp-json\/wp\/v2\/categories?post=42837"},{"taxonomy":"post_tag","embeddable":true,"href":"https:\/\/rrgsuisse.ch\/fr\/wp-json\/wp\/v2\/tags?post=42837"}],"curies":[{"name":"wp","href":"https:\/\/api.w.org\/{rel}","templated":true}]}}