{"id":44407,"date":"2025-05-20T11:24:11","date_gmt":"2025-05-20T09:24:11","guid":{"rendered":"https:\/\/rrgsuisse.ch\/?p=44407"},"modified":"2025-05-20T11:24:35","modified_gmt":"2025-05-20T09:24:35","slug":"renault-4-savane-4x4-concept-en-premiere-mondiale-a-roland-garros-2025","status":"publish","type":"post","link":"https:\/\/rrgsuisse.ch\/fr\/renault-4-savane-4x4-concept-en-premiere-mondiale-a-roland-garros-2025","title":{"rendered":"Renault 4 Savane 4&#215;4 Concept en premi\u00e8re mondiale \u00e0 Roland-Garros 2025"},"content":{"rendered":"\n<p><strong>Renault 4 Savane 4&#215;4 Concept: la Renault 4 des \u00abgentlemen explorateurs\u00bb<\/strong><br>Expos\u00e9 en avant-premi\u00e8re \u00e0 partir du 19 mai sur le stand Renault au tournoi de tennis de Roland-Garros, Renault 4 Savane 4&#215;4 Concept est un show-car r\u00e9alis\u00e9 dans un esprit \u00abgentleman explorateur\u00bb, \u00e0 la fois chic et aventurier. D\u00e9j\u00e0 synonyme d\u2019exploration dans les ann\u00e9es 50, l&#8217;appellation Savane avait poursuivi son voyage en 1986 dans une version de Renault 4 plus d\u00e9contract\u00e9e mais toujours port\u00e9e vers l\u2019aventure. Elle fait son retour aujourd\u2019hui \u00e0 travers un v\u00e9hicule plus empreint de libert\u00e9 que jamais.<\/p>\n\n\n\n<p>Pour cela, Renault 4 Savane 4&#215;4 Concept b\u00e9n\u00e9ficie d\u2019une garde au sol r\u00e9hauss\u00e9e de 15 mm par rapport \u00e0 une version normale de Renault 4 E-Tech electric. Elle reste mont\u00e9e en 18 pouces, mais avec des pneumatiques adapt\u00e9s Goodyear UltraGrip Performance+ en 225\/55 et des jantes sp\u00e9cifiques \u00abSavane\u00bb, tandis que les voies avant et arri\u00e8re sont \u00e9largies de 10 mm de chaque c\u00f4t\u00e9.<\/p>\n\n\n\n<p>Surtout, Renault 4 Savane 4&#215;4 Concept b\u00e9n\u00e9ficie d\u2019une transmission int\u00e9grale disponible en permanence gr\u00e2ce \u00e0 l\u2019ajout d\u2019un second moteur \u00e9lectrique sur l\u2019essieu arri\u00e8re. Elle se montre agile sur terrains boueux, enneig\u00e9s, non carross\u00e9s et m\u00eame sur ceux demandant des s\u00e9quences de franchissement. Ce show-car d\u00e9montre le potentiel de la plateforme AmpR Small pour cr\u00e9er un v\u00e9hicule \u00e9lectrique du segment B dot\u00e9 de quatre roues motrices.<\/p>\n\n\n\n<p>Renault 4 Savane est habill\u00e9e d\u2019une teinte de carrosserie Vert Jade in\u00e9dite dont l\u2019esprit chic est renforc\u00e9 par le Noir Brillant des boucliers et des passages de roue. Un d\u00e9cor sur tissu imprim\u00e9, bas\u00e9 sur des variations de pixels, est appliqu\u00e9 sur le toit pour un effet de dissimulation amplifi\u00e9. Les butoirs classiques des boucliers avant et arri\u00e8re sont remplac\u00e9s par de nouvelle pi\u00e8ces imprim\u00e9es en 3D aux propri\u00e9t\u00e9s amortissantes. Un logo sp\u00e9cifique \u00ab4Savane\u00bb appara\u00eet sur le c\u00f4t\u00e9 du v\u00e9hicule tandis que le hayon est orn\u00e9 d\u2019une inscription 4&#215;4.<\/p>\n\n\n\n<figure class=\"wp-block-image size-large\"><img fetchpriority=\"high\" decoding=\"async\" width=\"1024\" height=\"571\" src=\"https:\/\/rrgsuisse.ch\/wp-content\/uploads\/2025\/05\/R-DAM_1663432-1024x571.jpg\" alt=\"\" class=\"wp-image-44410\" srcset=\"https:\/\/rrgsuisse.ch\/wp-content\/uploads\/2025\/05\/R-DAM_1663432-1024x571.jpg 1024w, https:\/\/rrgsuisse.ch\/wp-content\/uploads\/2025\/05\/R-DAM_1663432-300x167.jpg 300w, https:\/\/rrgsuisse.ch\/wp-content\/uploads\/2025\/05\/R-DAM_1663432-768x428.jpg 768w, https:\/\/rrgsuisse.ch\/wp-content\/uploads\/2025\/05\/R-DAM_1663432.jpg 1200w\" sizes=\"(max-width: 1024px) 100vw, 1024px\" \/><\/figure>\n\n\n\n<p>L\u2019int\u00e9rieur se montre sophistiqu\u00e9 avec des si\u00e8ges en tissu \u00ab textile refined \u00bb (TEP) Brun Profond. En haut de dossier, un motif matelass\u00e9 ton sur ton, compos\u00e9 de chiffres 4, y ajoute une touche graphique. Un motif pied-de-poule compl\u00e8te avec chic les habillages de dossier ainsi que les renforts lat\u00e9raux.<\/p>\n\n\n\n<p>La planche de bord se voit elle aussi gain\u00e9e du textile refined Brun Profond. Elle re\u00e7oit une surpiq\u00fbre ton sur ton qui court \u00e0 l\u2019horizontal jusque sur une partie des panneaux de porte conducteur et passager. Un logo 4Savane r\u00e9tro-\u00e9clair\u00e9 sur le bandeau de planche de bord signe l\u2019habitacle de ce show-car.<\/p>\n\n\n\n<p><em>\u00abFid\u00e8le \u00e0 l\u2019esprit d\u2019exploration de la Renault 4 Savane des ann\u00e9es 60, le show-car Renault 4 Savane 4&#215;4 Concept pousse le c\u00f4t\u00e9 aventurier de Renault 4 E-Tech electric au maximum. Sa garde au sol r\u00e9hauss\u00e9e et ses voies \u00e9largies sont conjugu\u00e9es \u00e0 une transmission int\u00e9grale active en permanence pour lui permettre d\u2019affronter les terrains les plus accident\u00e9s. Avec sa teinte in\u00e9dite Vert Jade mari\u00e9e \u00e0 des \u00e9l\u00e9ments Noir Brillant et au Brun profond de l\u2019int\u00e9rieur, elle y ajoute un esprit chic digne des \u00ab gentlemen explorateurs \u00bb avides de voyages sans limite.\u00bb<\/em><\/p>\n\n\n\n<p><strong>Sandeep Bhambra, Directeur Design Avanc\u00e9 et Concept-Cars, Ampere &amp; Renault<\/strong><\/p>\n\n\n\n<p><strong>Renault 5 Turbo 3E et Renault 5 Roland-Garros \u00e0 l\u2019honneur<\/strong><br>Apr\u00e8s avoir \u00e9t\u00e9 r\u00e9v\u00e9l\u00e9e \u00e0 la fin de l\u2019hiver, Renault 5 Turbo 3E prend ses quartiers de printemps \u00e0 Roland-Garros. Pour la premi\u00e8re fois expos\u00e9e au public, au c\u0153ur d\u2019un \u00e9crin aussi spectaculaire que son design est exub\u00e9rant, la \u00abmini-supercar\u00bb \u00e9lectrique s\u2019affichera dans une livr\u00e9e noire, jaune et blanche rappelant celle de la Renault 5 Turbo qui a remport\u00e9 le Tour de Corse 1982. Avec son architecture 800 volts et ses moteurs-roues de 555 chevaux, elle incarne \u00e0 la fois l\u2019ADN d\u2019innovation et l\u2019esprit de sportivit\u00e9 de la marque Renault.<\/p>\n\n\n\n<p>L\u2019enthousiasme ressenti depuis la r\u00e9v\u00e9lation de Renault 5 Turbo 3E s\u2019est transform\u00e9 en v\u00e9ritable engouement d\u00e8s l\u2019ouverture des r\u00e9servations le 22 avril dernier. Plus de 500 clients et 200 concessionnaires ont d\u00e9j\u00e0 r\u00e9serv\u00e9 l\u2019un des 1 980 exemplaires disponibles, \u00e0 un prix de lancement conseill\u00e9 (pr\u00e9visionnel) en Suisse de CHF 135&#8217;000.-.<\/p>\n\n\n\n<p>Renault 5 E-Tech electric sera \u00e9galement \u00e0 l\u2019honneur avec la s\u00e9rie sp\u00e9ciale Roland-Garros. Elle allie \u00e9l\u00e9gance et sportivit\u00e9 en rendant hommage \u00e0 l\u2019univers du tennis et du tournoi de la Porte d\u2019Auteuil. D\u00e9clin\u00e9e en quatre teintes \u00e9l\u00e9gantes, elle reprend des d\u00e9cors int\u00e9rieurs et ext\u00e9rieurs le motif en \u00abCroix de Saint Andr\u00e9\u00bb \u00e9vocateur de l\u2019architecture du stade. \u00c0 bord, l\u2019univers Roland-Garros se prolonge avec une sellerie sp\u00e9cifique gris clair en textile recycl\u00e9. Le logo Roland-Garros thermo-emboss\u00e9 vient orner les dossiers de si\u00e8ge avant, tandis que la console centrale accueille un tapis de charge \u00e0 induction couleur terre battue.<\/p>\n\n\n\n<p>Renault 5 E-Tech electric Roland-Garros est propos\u00e9e en version Autonomie Confort (Comfort Range) avec une batterie d\u2019une capacit\u00e9 de 52 kWh, pour une autonomie mixte allant jusqu\u2019\u00e0 410 km WLTP.<\/p>\n\n\n\n<p><strong>Renault, transporteur officiel avec une flotte \u00e9lectrifi\u00e9e \u00e0 87 %<\/strong><br>Acteur engag\u00e9 pour la mobilit\u00e9 de demain, Renault accompagne la transition \u00e9cologique du tournoi en r\u00e9duisant chaque ann\u00e9e son empreinte carbone. Une ambition port\u00e9e par une flotte de 187 v\u00e9hicules E-Tech electric et full hybrid E-Tech, alliant performance et conscience environnementale. Cette flotte \u00e9lectrifi\u00e9e \u00e0 87 % est compos\u00e9e en majorit\u00e9 de Sc\u00e9nic E-Tech electric et de Rafale full hybrid E-Tech 200 ch. Nouveau Renault Espace full hybrid E-Tech 200 ch vient compl\u00e9ter cette flotte, aux c\u00f4t\u00e9s de Renault 4 E-Tech electric pour ses premiers tours de roue, et bien s\u00fbr de la s\u00e9rie sp\u00e9ciale Renault 5 E-Tech electric Roland-Garros.<\/p>\n\n\n\n<p>Renault profite \u00e9galement de l\u2019\u00e9dition 2025 du tournoi de Roland-Garros pour renouveler son exp\u00e9rimentation de navettes autonomes sur route ouverte, en partenariat avec WeRide. Deux minibus \u00e9lectriques autonomes assureront cette ann\u00e9e encore la liaison entre la Porte d\u2019Auteuil et le village, au service des spectateurs.<\/p>\n\n\n\n<p><strong>Ugo Humbert, nouveau visage de \u00abLa lign\u00e9e Renault\u00bb et de \u00abGive me 5\u00bb<\/strong><br>Ugo Humbert, num\u00e9ro 2 fran\u00e7ais, devient le nouveau visage de \u00abLa Lign\u00e9e Renault\u00bb et rejoint le programme \u00abGive Me 5\u00bb, une initiative lanc\u00e9e en 2022 pour favoriser l\u2019acc\u00e8s au sport des jeunes issus des quartiers prioritaires. \u00abGive Me 5\u00bb f\u00e9d\u00e8re des ambassadeurs de renom autour de projets \u00e0 fort impact social, m\u00ealant mobilit\u00e9 durable, inclusion et acc\u00e8s au sport. Ugo Humbert rejoint Casper Ruud, n\u00b010 ATP et triple finaliste en Grand Chelem, F\u00e9lix Auger-Aliassime, n\u00b019 ATP, Diede de Groot, l\u00e9gende du tennis fauteuil avec 42 titres du Grand Chelem et Luca Van Assche, espoir fran\u00e7ais du tennis, vainqueur du Roland-Garros Junior en 2021. Chaque terrain r\u00e9nov\u00e9 dans le cadre de \u00ab Give me 5 \u00bb devient un lieu de rencontre et de sport, anim\u00e9 par des associations locales et l\u2019implication des ambassadeurs, pour un impact social concret et durable.<\/p>\n","protected":false},"excerpt":{"rendered":"<p>Pour la quatri\u00e8me ann\u00e9e cons\u00e9cutive, Renault est partenaire premium du tournoi de tennis de Roland-Garros qui a lieu du 19 mai au 8 juin 2025.<br \/>\nRenault 4 Savane 4&#215;4 Concept sera d\u00e9voil\u00e9 et expos\u00e9 sur le stand de la marque, aux c\u00f4t\u00e9s de Renault 5 Turbo 3E et de la s\u00e9rie sp\u00e9ciale Renault 5 E-Tech electric Roland-Garros.<br \/>\nD\u2019inspiration chic et aventuri\u00e8re, Renault 4 Savane 4&#215;4 Concept int\u00e8gre un second moteur \u00e9lectrique sur l\u2019essieu arri\u00e8re pour disposer de 4 roues motrices et se lancer sans crainte sur tous les terrains.<br \/>\nAutre nouveaut\u00e9, la premi\u00e8re exposition au public de Renault 5 Turbo 3E, sur un stand spectaculaire. La \u00abmini-supercar\u00bb \u00e9lectrique c\u00f4toiera la s\u00e9rie sp\u00e9ciale Renault 5 E-Tech electric Roland-Garros, elle aussi mise \u00e0 l\u2019honneur durant le tournoi.<br \/>\nTransporteur officiel de Roland-Garros, Renault met \u00e0 disposition des organisateurs une flotte de 187 v\u00e9hicules compos\u00e9e en majorit\u00e9 de Scenic E-Tech electric et Rafale full hybrid E-Tech. Comme l\u2019an dernier, deux navettes autonomes 100 % \u00e9lectriques assureront la liaison entre la Porte d\u2019Auteuil et le village, au service des spectateurs.<br \/>\nEn parall\u00e8le, Renault mettra en lumi\u00e8re son programme \u00abLa Lign\u00e9e\u00bb, port\u00e9 par cinq ambassadeurs engag\u00e9s \u2013 Ugo Humbert, Casper Ruud, F\u00e9lix Auger-Aliassime, Diede de Groot et Luca Van Assche \u2013 et poursuivra son initiative solidaire \u00abGive Me 5\u00bb.<\/p>\n","protected":false},"author":1,"featured_media":44408,"comment_status":"closed","ping_status":"open","sticky":false,"template":"","format":"standard","meta":{"_acf_changed":false,"footnotes":""},"categories":[18,104,1],"tags":[],"class_list":["post-44407","post","type-post","status-publish","format-standard","has-post-thumbnail","hentry","category-a-la-une","category-actualite-renault","category-uncategorized"],"acf":[],"yoast_head":"<!-- This site is optimized with the Yoast SEO plugin v27.5 - https:\/\/yoast.com\/product\/yoast-seo-wordpress\/ -->\n<title>Renault 4 Savane 4x4 Concept en premi\u00e8re mondiale \u00e0 Roland-Garros 2025 - RRG Suisse<\/title>\n<meta name=\"robots\" content=\"index, follow, max-snippet:-1, max-image-preview:large, max-video-preview:-1\" \/>\n<link rel=\"canonical\" href=\"https:\/\/rrgsuisse.ch\/fr\/renault-4-savane-4x4-concept-en-premiere-mondiale-a-roland-garros-2025\" \/>\n<meta property=\"og:locale\" content=\"fr_FR\" \/>\n<meta property=\"og:type\" content=\"article\" \/>\n<meta property=\"og:title\" content=\"Renault 4 Savane 4x4 Concept en premi\u00e8re mondiale \u00e0 Roland-Garros 2025 - RRG Suisse\" \/>\n<meta property=\"og:description\" content=\"Pour la quatri\u00e8me ann\u00e9e cons\u00e9cutive, Renault est partenaire premium du tournoi de tennis de Roland-Garros qui a lieu du 19 mai au 8 juin 2025. Renault 4 Savane 4x4 Concept sera d\u00e9voil\u00e9 et expos\u00e9 sur le stand de la marque, aux c\u00f4t\u00e9s de Renault 5 Turbo 3E et de la s\u00e9rie sp\u00e9ciale Renault 5 E-Tech electric Roland-Garros. D\u2019inspiration chic et aventuri\u00e8re, Renault 4 Savane 4x4 Concept int\u00e8gre un second moteur \u00e9lectrique sur l\u2019essieu arri\u00e8re pour disposer de 4 roues motrices et se lancer sans crainte sur tous les terrains. Autre nouveaut\u00e9, la premi\u00e8re exposition au public de Renault 5 Turbo 3E, sur un stand spectaculaire. La \u00abmini-supercar\u00bb \u00e9lectrique c\u00f4toiera la s\u00e9rie sp\u00e9ciale Renault 5 E-Tech electric Roland-Garros, elle aussi mise \u00e0 l\u2019honneur durant le tournoi. Transporteur officiel de Roland-Garros, Renault met \u00e0 disposition des organisateurs une flotte de 187 v\u00e9hicules compos\u00e9e en majorit\u00e9 de Scenic E-Tech electric et Rafale full hybrid E-Tech. Comme l\u2019an dernier, deux navettes autonomes 100 % \u00e9lectriques assureront la liaison entre la Porte d\u2019Auteuil et le village, au service des spectateurs. En parall\u00e8le, Renault mettra en lumi\u00e8re son programme \u00abLa Lign\u00e9e\u00bb, port\u00e9 par cinq ambassadeurs engag\u00e9s \u2013 Ugo Humbert, Casper Ruud, F\u00e9lix Auger-Aliassime, Diede de Groot et Luca Van Assche \u2013 et poursuivra son initiative solidaire \u00abGive Me 5\u00bb.\" \/>\n<meta property=\"og:url\" content=\"https:\/\/rrgsuisse.ch\/fr\/renault-4-savane-4x4-concept-en-premiere-mondiale-a-roland-garros-2025\" \/>\n<meta property=\"og:site_name\" content=\"RRG Suisse\" \/>\n<meta property=\"article:published_time\" content=\"2025-05-20T09:24:11+00:00\" \/>\n<meta property=\"article:modified_time\" content=\"2025-05-20T09:24:35+00:00\" \/>\n<meta property=\"og:image\" content=\"https:\/\/rrgsuisse.ch\/wp-content\/uploads\/2025\/05\/R-DAM_1663408-1.jpg\" \/>\n\t<meta property=\"og:image:width\" content=\"1200\" \/>\n\t<meta property=\"og:image:height\" content=\"675\" \/>\n\t<meta property=\"og:image:type\" content=\"image\/jpeg\" \/>\n<meta name=\"author\" content=\"rrgsuisse\" \/>\n<meta name=\"twitter:card\" content=\"summary_large_image\" \/>\n<meta name=\"twitter:label1\" content=\"Written by\" \/>\n\t<meta name=\"twitter:data1\" content=\"rrgsuisse\" \/>\n\t<meta name=\"twitter:label2\" content=\"Est. reading time\" \/>\n\t<meta name=\"twitter:data2\" content=\"6 minutes\" \/>\n<script type=\"application\/ld+json\" class=\"yoast-schema-graph\">{\"@context\":\"https:\\\/\\\/schema.org\",\"@graph\":[{\"@type\":\"Article\",\"@id\":\"https:\\\/\\\/rrgsuisse.ch\\\/fr\\\/renault-4-savane-4x4-concept-en-premiere-mondiale-a-roland-garros-2025#article\",\"isPartOf\":{\"@id\":\"https:\\\/\\\/rrgsuisse.ch\\\/fr\\\/renault-4-savane-4x4-concept-en-premiere-mondiale-a-roland-garros-2025\"},\"author\":{\"name\":\"rrgsuisse\",\"@id\":\"https:\\\/\\\/rrgsuisse.ch\\\/fr\\\/#\\\/schema\\\/person\\\/3fb0fceb9f1a5bcb4c674661a09ea4f7\"},\"headline\":\"Renault 4 Savane 4&#215;4 Concept en premi\u00e8re mondiale \u00e0 Roland-Garros 2025\",\"datePublished\":\"2025-05-20T09:24:11+00:00\",\"dateModified\":\"2025-05-20T09:24:35+00:00\",\"mainEntityOfPage\":{\"@id\":\"https:\\\/\\\/rrgsuisse.ch\\\/fr\\\/renault-4-savane-4x4-concept-en-premiere-mondiale-a-roland-garros-2025\"},\"wordCount\":1187,\"image\":{\"@id\":\"https:\\\/\\\/rrgsuisse.ch\\\/fr\\\/renault-4-savane-4x4-concept-en-premiere-mondiale-a-roland-garros-2025#primaryimage\"},\"thumbnailUrl\":\"https:\\\/\\\/rrgsuisse.ch\\\/wp-content\\\/uploads\\\/2025\\\/05\\\/R-DAM_1663408-1.jpg\",\"articleSection\":[\"A la une\",\"Actualit\u00e9 Renault\"],\"inLanguage\":\"fr-CH\"},{\"@type\":\"WebPage\",\"@id\":\"https:\\\/\\\/rrgsuisse.ch\\\/fr\\\/renault-4-savane-4x4-concept-en-premiere-mondiale-a-roland-garros-2025\",\"url\":\"https:\\\/\\\/rrgsuisse.ch\\\/fr\\\/renault-4-savane-4x4-concept-en-premiere-mondiale-a-roland-garros-2025\",\"name\":\"Renault 4 Savane 4x4 Concept en premi\u00e8re mondiale \u00e0 Roland-Garros 2025 - RRG Suisse\",\"isPartOf\":{\"@id\":\"https:\\\/\\\/rrgsuisse.ch\\\/fr\\\/#website\"},\"primaryImageOfPage\":{\"@id\":\"https:\\\/\\\/rrgsuisse.ch\\\/fr\\\/renault-4-savane-4x4-concept-en-premiere-mondiale-a-roland-garros-2025#primaryimage\"},\"image\":{\"@id\":\"https:\\\/\\\/rrgsuisse.ch\\\/fr\\\/renault-4-savane-4x4-concept-en-premiere-mondiale-a-roland-garros-2025#primaryimage\"},\"thumbnailUrl\":\"https:\\\/\\\/rrgsuisse.ch\\\/wp-content\\\/uploads\\\/2025\\\/05\\\/R-DAM_1663408-1.jpg\",\"datePublished\":\"2025-05-20T09:24:11+00:00\",\"dateModified\":\"2025-05-20T09:24:35+00:00\",\"author\":{\"@id\":\"https:\\\/\\\/rrgsuisse.ch\\\/fr\\\/#\\\/schema\\\/person\\\/3fb0fceb9f1a5bcb4c674661a09ea4f7\"},\"breadcrumb\":{\"@id\":\"https:\\\/\\\/rrgsuisse.ch\\\/fr\\\/renault-4-savane-4x4-concept-en-premiere-mondiale-a-roland-garros-2025#breadcrumb\"},\"inLanguage\":\"fr-CH\",\"potentialAction\":[{\"@type\":\"ReadAction\",\"target\":[\"https:\\\/\\\/rrgsuisse.ch\\\/fr\\\/renault-4-savane-4x4-concept-en-premiere-mondiale-a-roland-garros-2025\"]}]},{\"@type\":\"ImageObject\",\"inLanguage\":\"fr-CH\",\"@id\":\"https:\\\/\\\/rrgsuisse.ch\\\/fr\\\/renault-4-savane-4x4-concept-en-premiere-mondiale-a-roland-garros-2025#primaryimage\",\"url\":\"https:\\\/\\\/rrgsuisse.ch\\\/wp-content\\\/uploads\\\/2025\\\/05\\\/R-DAM_1663408-1.jpg\",\"contentUrl\":\"https:\\\/\\\/rrgsuisse.ch\\\/wp-content\\\/uploads\\\/2025\\\/05\\\/R-DAM_1663408-1.jpg\",\"width\":1200,\"height\":675},{\"@type\":\"BreadcrumbList\",\"@id\":\"https:\\\/\\\/rrgsuisse.ch\\\/fr\\\/renault-4-savane-4x4-concept-en-premiere-mondiale-a-roland-garros-2025#breadcrumb\",\"itemListElement\":[{\"@type\":\"ListItem\",\"position\":1,\"name\":\"Home\",\"item\":\"https:\\\/\\\/rrgsuisse.ch\\\/fr\"},{\"@type\":\"ListItem\",\"position\":2,\"name\":\"Renault 4 Savane 4&#215;4 Concept en premi\u00e8re mondiale \u00e0 Roland-Garros 2025\"}]},{\"@type\":\"WebSite\",\"@id\":\"https:\\\/\\\/rrgsuisse.ch\\\/fr\\\/#website\",\"url\":\"https:\\\/\\\/rrgsuisse.ch\\\/fr\\\/\",\"name\":\"RRG Suisse\",\"description\":\"Retail Renault Group - Revendeur officiel Renault, Dacia, Nissan\",\"potentialAction\":[{\"@type\":\"SearchAction\",\"target\":{\"@type\":\"EntryPoint\",\"urlTemplate\":\"https:\\\/\\\/rrgsuisse.ch\\\/fr\\\/?s={search_term_string}\"},\"query-input\":{\"@type\":\"PropertyValueSpecification\",\"valueRequired\":true,\"valueName\":\"search_term_string\"}}],\"inLanguage\":\"fr-CH\"},{\"@type\":\"Person\",\"@id\":\"https:\\\/\\\/rrgsuisse.ch\\\/fr\\\/#\\\/schema\\\/person\\\/3fb0fceb9f1a5bcb4c674661a09ea4f7\",\"name\":\"rrgsuisse\",\"image\":{\"@type\":\"ImageObject\",\"inLanguage\":\"fr-CH\",\"@id\":\"https:\\\/\\\/secure.gravatar.com\\\/avatar\\\/5e8e0f3f10010a38feb43e707770c4c97735143a26d51396eb4f3ea6bb49ed57?s=96&d=mm&r=g\",\"url\":\"https:\\\/\\\/secure.gravatar.com\\\/avatar\\\/5e8e0f3f10010a38feb43e707770c4c97735143a26d51396eb4f3ea6bb49ed57?s=96&d=mm&r=g\",\"contentUrl\":\"https:\\\/\\\/secure.gravatar.com\\\/avatar\\\/5e8e0f3f10010a38feb43e707770c4c97735143a26d51396eb4f3ea6bb49ed57?s=96&d=mm&r=g\",\"caption\":\"rrgsuisse\"},\"sameAs\":[\"https:\\\/\\\/rrgsuisse.ch\"],\"url\":\"https:\\\/\\\/rrgsuisse.ch\\\/fr\\\/author\\\/rrgsuisse\"}]}<\/script>\n<!-- \/ Yoast SEO plugin. -->","yoast_head_json":{"title":"Renault 4 Savane 4x4 Concept en premi\u00e8re mondiale \u00e0 Roland-Garros 2025 - RRG Suisse","robots":{"index":"index","follow":"follow","max-snippet":"max-snippet:-1","max-image-preview":"max-image-preview:large","max-video-preview":"max-video-preview:-1"},"canonical":"https:\/\/rrgsuisse.ch\/fr\/renault-4-savane-4x4-concept-en-premiere-mondiale-a-roland-garros-2025","og_locale":"fr_FR","og_type":"article","og_title":"Renault 4 Savane 4x4 Concept en premi\u00e8re mondiale \u00e0 Roland-Garros 2025 - RRG Suisse","og_description":"Pour la quatri\u00e8me ann\u00e9e cons\u00e9cutive, Renault est partenaire premium du tournoi de tennis de Roland-Garros qui a lieu du 19 mai au 8 juin 2025. Renault 4 Savane 4x4 Concept sera d\u00e9voil\u00e9 et expos\u00e9 sur le stand de la marque, aux c\u00f4t\u00e9s de Renault 5 Turbo 3E et de la s\u00e9rie sp\u00e9ciale Renault 5 E-Tech electric Roland-Garros. D\u2019inspiration chic et aventuri\u00e8re, Renault 4 Savane 4x4 Concept int\u00e8gre un second moteur \u00e9lectrique sur l\u2019essieu arri\u00e8re pour disposer de 4 roues motrices et se lancer sans crainte sur tous les terrains. Autre nouveaut\u00e9, la premi\u00e8re exposition au public de Renault 5 Turbo 3E, sur un stand spectaculaire. La \u00abmini-supercar\u00bb \u00e9lectrique c\u00f4toiera la s\u00e9rie sp\u00e9ciale Renault 5 E-Tech electric Roland-Garros, elle aussi mise \u00e0 l\u2019honneur durant le tournoi. Transporteur officiel de Roland-Garros, Renault met \u00e0 disposition des organisateurs une flotte de 187 v\u00e9hicules compos\u00e9e en majorit\u00e9 de Scenic E-Tech electric et Rafale full hybrid E-Tech. Comme l\u2019an dernier, deux navettes autonomes 100 % \u00e9lectriques assureront la liaison entre la Porte d\u2019Auteuil et le village, au service des spectateurs. En parall\u00e8le, Renault mettra en lumi\u00e8re son programme \u00abLa Lign\u00e9e\u00bb, port\u00e9 par cinq ambassadeurs engag\u00e9s \u2013 Ugo Humbert, Casper Ruud, F\u00e9lix Auger-Aliassime, Diede de Groot et Luca Van Assche \u2013 et poursuivra son initiative solidaire \u00abGive Me 5\u00bb.","og_url":"https:\/\/rrgsuisse.ch\/fr\/renault-4-savane-4x4-concept-en-premiere-mondiale-a-roland-garros-2025","og_site_name":"RRG Suisse","article_published_time":"2025-05-20T09:24:11+00:00","article_modified_time":"2025-05-20T09:24:35+00:00","og_image":[{"width":1200,"height":675,"url":"https:\/\/rrgsuisse.ch\/wp-content\/uploads\/2025\/05\/R-DAM_1663408-1.jpg","type":"image\/jpeg"}],"author":"rrgsuisse","twitter_card":"summary_large_image","twitter_misc":{"Written by":"rrgsuisse","Est. reading time":"6 minutes"},"schema":{"@context":"https:\/\/schema.org","@graph":[{"@type":"Article","@id":"https:\/\/rrgsuisse.ch\/fr\/renault-4-savane-4x4-concept-en-premiere-mondiale-a-roland-garros-2025#article","isPartOf":{"@id":"https:\/\/rrgsuisse.ch\/fr\/renault-4-savane-4x4-concept-en-premiere-mondiale-a-roland-garros-2025"},"author":{"name":"rrgsuisse","@id":"https:\/\/rrgsuisse.ch\/fr\/#\/schema\/person\/3fb0fceb9f1a5bcb4c674661a09ea4f7"},"headline":"Renault 4 Savane 4&#215;4 Concept en premi\u00e8re mondiale \u00e0 Roland-Garros 2025","datePublished":"2025-05-20T09:24:11+00:00","dateModified":"2025-05-20T09:24:35+00:00","mainEntityOfPage":{"@id":"https:\/\/rrgsuisse.ch\/fr\/renault-4-savane-4x4-concept-en-premiere-mondiale-a-roland-garros-2025"},"wordCount":1187,"image":{"@id":"https:\/\/rrgsuisse.ch\/fr\/renault-4-savane-4x4-concept-en-premiere-mondiale-a-roland-garros-2025#primaryimage"},"thumbnailUrl":"https:\/\/rrgsuisse.ch\/wp-content\/uploads\/2025\/05\/R-DAM_1663408-1.jpg","articleSection":["A la une","Actualit\u00e9 Renault"],"inLanguage":"fr-CH"},{"@type":"WebPage","@id":"https:\/\/rrgsuisse.ch\/fr\/renault-4-savane-4x4-concept-en-premiere-mondiale-a-roland-garros-2025","url":"https:\/\/rrgsuisse.ch\/fr\/renault-4-savane-4x4-concept-en-premiere-mondiale-a-roland-garros-2025","name":"Renault 4 Savane 4x4 Concept en premi\u00e8re mondiale \u00e0 Roland-Garros 2025 - RRG Suisse","isPartOf":{"@id":"https:\/\/rrgsuisse.ch\/fr\/#website"},"primaryImageOfPage":{"@id":"https:\/\/rrgsuisse.ch\/fr\/renault-4-savane-4x4-concept-en-premiere-mondiale-a-roland-garros-2025#primaryimage"},"image":{"@id":"https:\/\/rrgsuisse.ch\/fr\/renault-4-savane-4x4-concept-en-premiere-mondiale-a-roland-garros-2025#primaryimage"},"thumbnailUrl":"https:\/\/rrgsuisse.ch\/wp-content\/uploads\/2025\/05\/R-DAM_1663408-1.jpg","datePublished":"2025-05-20T09:24:11+00:00","dateModified":"2025-05-20T09:24:35+00:00","author":{"@id":"https:\/\/rrgsuisse.ch\/fr\/#\/schema\/person\/3fb0fceb9f1a5bcb4c674661a09ea4f7"},"breadcrumb":{"@id":"https:\/\/rrgsuisse.ch\/fr\/renault-4-savane-4x4-concept-en-premiere-mondiale-a-roland-garros-2025#breadcrumb"},"inLanguage":"fr-CH","potentialAction":[{"@type":"ReadAction","target":["https:\/\/rrgsuisse.ch\/fr\/renault-4-savane-4x4-concept-en-premiere-mondiale-a-roland-garros-2025"]}]},{"@type":"ImageObject","inLanguage":"fr-CH","@id":"https:\/\/rrgsuisse.ch\/fr\/renault-4-savane-4x4-concept-en-premiere-mondiale-a-roland-garros-2025#primaryimage","url":"https:\/\/rrgsuisse.ch\/wp-content\/uploads\/2025\/05\/R-DAM_1663408-1.jpg","contentUrl":"https:\/\/rrgsuisse.ch\/wp-content\/uploads\/2025\/05\/R-DAM_1663408-1.jpg","width":1200,"height":675},{"@type":"BreadcrumbList","@id":"https:\/\/rrgsuisse.ch\/fr\/renault-4-savane-4x4-concept-en-premiere-mondiale-a-roland-garros-2025#breadcrumb","itemListElement":[{"@type":"ListItem","position":1,"name":"Home","item":"https:\/\/rrgsuisse.ch\/fr"},{"@type":"ListItem","position":2,"name":"Renault 4 Savane 4&#215;4 Concept en premi\u00e8re mondiale \u00e0 Roland-Garros 2025"}]},{"@type":"WebSite","@id":"https:\/\/rrgsuisse.ch\/fr\/#website","url":"https:\/\/rrgsuisse.ch\/fr\/","name":"RRG Suisse","description":"Retail Renault Group - Revendeur officiel Renault, Dacia, Nissan","potentialAction":[{"@type":"SearchAction","target":{"@type":"EntryPoint","urlTemplate":"https:\/\/rrgsuisse.ch\/fr\/?s={search_term_string}"},"query-input":{"@type":"PropertyValueSpecification","valueRequired":true,"valueName":"search_term_string"}}],"inLanguage":"fr-CH"},{"@type":"Person","@id":"https:\/\/rrgsuisse.ch\/fr\/#\/schema\/person\/3fb0fceb9f1a5bcb4c674661a09ea4f7","name":"rrgsuisse","image":{"@type":"ImageObject","inLanguage":"fr-CH","@id":"https:\/\/secure.gravatar.com\/avatar\/5e8e0f3f10010a38feb43e707770c4c97735143a26d51396eb4f3ea6bb49ed57?s=96&d=mm&r=g","url":"https:\/\/secure.gravatar.com\/avatar\/5e8e0f3f10010a38feb43e707770c4c97735143a26d51396eb4f3ea6bb49ed57?s=96&d=mm&r=g","contentUrl":"https:\/\/secure.gravatar.com\/avatar\/5e8e0f3f10010a38feb43e707770c4c97735143a26d51396eb4f3ea6bb49ed57?s=96&d=mm&r=g","caption":"rrgsuisse"},"sameAs":["https:\/\/rrgsuisse.ch"],"url":"https:\/\/rrgsuisse.ch\/fr\/author\/rrgsuisse"}]}},"wpml_current_locale":"fr_CH","wpml_translations":{"de_CH":{"locale":"de_CH","id":44414,"slug":"premiere-beim-roland-garros-tennisturnier-stilvoll-auf-entdeckungsreise-der-renault-4-savane-4x4-concept","post_title":"Premiere beim Roland-Garros-Tennisturnier: Stilvoll auf Entdeckungsreise \u2013 der Renault 4 Savane 4x4 Concept","href":"https:\/\/rrgsuisse.ch\/de\/premiere-beim-roland-garros-tennisturnier-stilvoll-auf-entdeckungsreise-der-renault-4-savane-4x4-concept"}},"_links":{"self":[{"href":"https:\/\/rrgsuisse.ch\/fr\/wp-json\/wp\/v2\/posts\/44407","targetHints":{"allow":["GET"]}}],"collection":[{"href":"https:\/\/rrgsuisse.ch\/fr\/wp-json\/wp\/v2\/posts"}],"about":[{"href":"https:\/\/rrgsuisse.ch\/fr\/wp-json\/wp\/v2\/types\/post"}],"author":[{"embeddable":true,"href":"https:\/\/rrgsuisse.ch\/fr\/wp-json\/wp\/v2\/users\/1"}],"replies":[{"embeddable":true,"href":"https:\/\/rrgsuisse.ch\/fr\/wp-json\/wp\/v2\/comments?post=44407"}],"version-history":[{"count":1,"href":"https:\/\/rrgsuisse.ch\/fr\/wp-json\/wp\/v2\/posts\/44407\/revisions"}],"predecessor-version":[{"id":44412,"href":"https:\/\/rrgsuisse.ch\/fr\/wp-json\/wp\/v2\/posts\/44407\/revisions\/44412"}],"wp:featuredmedia":[{"embeddable":true,"href":"https:\/\/rrgsuisse.ch\/fr\/wp-json\/wp\/v2\/media\/44408"}],"wp:attachment":[{"href":"https:\/\/rrgsuisse.ch\/fr\/wp-json\/wp\/v2\/media?parent=44407"}],"wp:term":[{"taxonomy":"category","embeddable":true,"href":"https:\/\/rrgsuisse.ch\/fr\/wp-json\/wp\/v2\/categories?post=44407"},{"taxonomy":"post_tag","embeddable":true,"href":"https:\/\/rrgsuisse.ch\/fr\/wp-json\/wp\/v2\/tags?post=44407"}],"curies":[{"name":"wp","href":"https:\/\/api.w.org\/{rel}","templated":true}]}}