{"id":44417,"date":"2025-05-20T11:29:08","date_gmt":"2025-05-20T09:29:08","guid":{"rendered":"https:\/\/rrgsuisse.ch\/?p=44417"},"modified":"2025-05-20T11:29:10","modified_gmt":"2025-05-20T09:29:10","slug":"alpine-a390-dernieres-indiscretions-avant-son-reveal","status":"publish","type":"post","link":"https:\/\/rrgsuisse.ch\/fr\/alpine-a390-dernieres-indiscretions-avant-son-reveal","title":{"rendered":"Alpine A390: Derni\u00e8res indiscr\u00e9tions avant son reveal"},"content":{"rendered":"\n<p>Le tout nouveau sport fastback, sign\u00e9 Alpine, d\u00e9voile ses premi\u00e8res lignes en amont de son reveal complet le 27 mai 2025 \u00e0 Dieppe, avant les c\u00e9l\u00e9brations du 70e anniversaire de la marque. Pens\u00e9 comme un v\u00e9ritable objet plaisir pour emmener jusqu\u2019\u00e0 5 personnes \u00e0 son bord, ce deuxi\u00e8me v\u00e9hicule du Dream Garage 100 % \u00e9lectrique d\u2019Alpine est con\u00e7u et fabriqu\u00e9 en France. L\u2019A390 propose une silhouette unique, imm\u00e9diatement identifiable dans la famille Alpine et reprenant \u00e0 85 % le design du concept A390_\u03b2 pr\u00e9sent\u00e9 au Mondial de l\u2019Auto 2024 \u00e0 Paris. Il exprime ainsi visuellement le niveau de performance et de sportivit\u00e9 permis par ses 3 moteurs \u00e9lectriques, l\u2019action de l\u2019Alpine Active Torque Vectoring et ses 5 modes de conduite.<\/p>\n\n\n\n<figure class=\"wp-block-image size-large\"><img fetchpriority=\"high\" decoding=\"async\" width=\"1024\" height=\"540\" src=\"https:\/\/rrgsuisse.ch\/wp-content\/uploads\/2025\/05\/R-DAM_1655596-1024x540.jpg\" alt=\"\" class=\"wp-image-44420\" srcset=\"https:\/\/rrgsuisse.ch\/wp-content\/uploads\/2025\/05\/R-DAM_1655596-1024x540.jpg 1024w, https:\/\/rrgsuisse.ch\/wp-content\/uploads\/2025\/05\/R-DAM_1655596-300x158.jpg 300w, https:\/\/rrgsuisse.ch\/wp-content\/uploads\/2025\/05\/R-DAM_1655596-768x405.jpg 768w, https:\/\/rrgsuisse.ch\/wp-content\/uploads\/2025\/05\/R-DAM_1655596.jpg 1200w\" sizes=\"(max-width: 1024px) 100vw, 1024px\" \/><\/figure>\n\n\n\n<p>Dans l\u2019habitacle, une nouvelle \u00e9volution du syst\u00e8me Alpine Telemetrics offre une ambiance graphique unique sur ses \u00e9crans, tandis que le syst\u00e8me audio, dot\u00e9 de 13 haut-parleurs, pr\u00e9par\u00e9 par le sp\u00e9cialiste de l\u2019audio premium fran\u00e7ais Devialet se charge de l\u2019ambiance sonore int\u00e9rieure.<\/p>\n\n\n\n<p>Les premiers acheteurs pourront avoir acc\u00e8s en pole position \u00e0 leur A390 gr\u00e2ce \u00e0 l\u2019Alpine A390 Premi\u00e8re, deux semaines avant l\u2019ouverture des commandes, qui leur donnera droit en exclusivit\u00e9 \u00e0 des \u00e9couteurs Devialet x Alpine en \u00e9dition limit\u00e9e pour faire vivre l\u2019exp\u00e9rience immersive du son de l\u2019Alpine A390.<\/p>\n\n\n\n<p>L\u2019Alpine A390 sera d\u00e9voil\u00e9e en premi\u00e8re mondiale le mardi 27 mai 2025, lors d\u2019une conf\u00e9rence de presse retransmise en direct sur&nbsp;<a target=\"_blank\" href=\"https:\/\/events.alpinecars.com\/\" rel=\"noreferrer noopener\">https:\/\/events.alpinecars.com\/<\/a>.<\/p>\n\n\n\n<p><\/p>\n","protected":false},"excerpt":{"rendered":"<p>L\u2019A390 adopte une silhouette unique de sport fastback reprenant \u00e0 85 % le design du show-car A390_\u03b2, pr\u00e9sent\u00e9 au Mondial de l\u2019Auto 2024 \u00e0 Paris.<br \/>\nSa signature lumineuse forte est inspir\u00e9e du concept Alpine Alpenglow et de l\u2019Hypercar A424 engag\u00e9e en championnat WEC.<br \/>\nL\u2019habitacle du premier sport fastback d\u2019Alpine offre 5 places, une nouvelle \u00e9volution du syst\u00e8me Alpine Telemetrics et une installation audio premium sign\u00e9e Devialet.<br \/>\nFid\u00e8le \u00e0 l\u2019expression de \u00abRacing car in a suit\u00bb, l&#8217;utilisation de mat\u00e9riaux haute performance et haut de gamme tels que l&#8217;aluminium, le carbone et le cuir, subliment l\u2019int\u00e9rieur.<br \/>\nLe pass Alpine A390 Premi\u00e8re permettra aux premiers acheteurs d\u2019acc\u00e9der en priorit\u00e9 \u00e0 leur A390.<br \/>\nAlpine d\u00e9voilera l\u2019A390, le 27 mai 2025 \u00e0 Dieppe, en amont du week-end de c\u00e9l\u00e9bration du 70e anniversaire de la marque. L\u2019\u00e9v\u00e8nement sera retransmis en direct sur https:\/\/events.alpinecars.com\/.<\/p>\n","protected":false},"author":1,"featured_media":44418,"comment_status":"closed","ping_status":"open","sticky":false,"template":"","format":"standard","meta":{"_acf_changed":false,"footnotes":""},"categories":[18,125],"tags":[],"class_list":["post-44417","post","type-post","status-publish","format-standard","has-post-thumbnail","hentry","category-a-la-une","category-actualite-alpine"],"acf":[],"yoast_head":"<!-- This site is optimized with the Yoast SEO plugin v27.5 - https:\/\/yoast.com\/product\/yoast-seo-wordpress\/ -->\n<title>Alpine A390: Derni\u00e8res indiscr\u00e9tions avant son reveal - RRG Suisse<\/title>\n<meta name=\"robots\" content=\"index, follow, max-snippet:-1, max-image-preview:large, max-video-preview:-1\" \/>\n<link rel=\"canonical\" href=\"https:\/\/rrgsuisse.ch\/fr\/alpine-a390-dernieres-indiscretions-avant-son-reveal\" \/>\n<meta property=\"og:locale\" content=\"fr_FR\" \/>\n<meta property=\"og:type\" content=\"article\" \/>\n<meta property=\"og:title\" content=\"Alpine A390: Derni\u00e8res indiscr\u00e9tions avant son reveal - RRG Suisse\" \/>\n<meta property=\"og:description\" content=\"L\u2019A390 adopte une silhouette unique de sport fastback reprenant \u00e0 85 % le design du show-car A390_\u03b2, pr\u00e9sent\u00e9 au Mondial de l\u2019Auto 2024 \u00e0 Paris. Sa signature lumineuse forte est inspir\u00e9e du concept Alpine Alpenglow et de l\u2019Hypercar A424 engag\u00e9e en championnat WEC. L\u2019habitacle du premier sport fastback d\u2019Alpine offre 5 places, une nouvelle \u00e9volution du syst\u00e8me Alpine Telemetrics et une installation audio premium sign\u00e9e Devialet. Fid\u00e8le \u00e0 l\u2019expression de \u00abRacing car in a suit\u00bb, l&#039;utilisation de mat\u00e9riaux haute performance et haut de gamme tels que l&#039;aluminium, le carbone et le cuir, subliment l\u2019int\u00e9rieur. Le pass Alpine A390 Premi\u00e8re permettra aux premiers acheteurs d\u2019acc\u00e9der en priorit\u00e9 \u00e0 leur A390. Alpine d\u00e9voilera l\u2019A390, le 27 mai 2025 \u00e0 Dieppe, en amont du week-end de c\u00e9l\u00e9bration du 70e anniversaire de la marque. L\u2019\u00e9v\u00e8nement sera retransmis en direct sur https:\/\/events.alpinecars.com\/.\" \/>\n<meta property=\"og:url\" content=\"https:\/\/rrgsuisse.ch\/fr\/alpine-a390-dernieres-indiscretions-avant-son-reveal\" \/>\n<meta property=\"og:site_name\" content=\"RRG Suisse\" \/>\n<meta property=\"article:published_time\" content=\"2025-05-20T09:29:08+00:00\" \/>\n<meta property=\"article:modified_time\" content=\"2025-05-20T09:29:10+00:00\" \/>\n<meta property=\"og:image\" content=\"https:\/\/rrgsuisse.ch\/wp-content\/uploads\/2025\/05\/R-DAM_1661830.jpg\" \/>\n\t<meta property=\"og:image:width\" content=\"1200\" \/>\n\t<meta property=\"og:image:height\" content=\"800\" \/>\n\t<meta property=\"og:image:type\" content=\"image\/jpeg\" \/>\n<meta name=\"author\" content=\"rrgsuisse\" \/>\n<meta name=\"twitter:card\" content=\"summary_large_image\" \/>\n<meta name=\"twitter:label1\" content=\"Written by\" \/>\n\t<meta name=\"twitter:data1\" content=\"rrgsuisse\" \/>\n\t<meta name=\"twitter:label2\" content=\"Est. reading time\" \/>\n\t<meta name=\"twitter:data2\" content=\"2 minutes\" \/>\n<script type=\"application\/ld+json\" class=\"yoast-schema-graph\">{\"@context\":\"https:\\\/\\\/schema.org\",\"@graph\":[{\"@type\":\"Article\",\"@id\":\"https:\\\/\\\/rrgsuisse.ch\\\/fr\\\/alpine-a390-dernieres-indiscretions-avant-son-reveal#article\",\"isPartOf\":{\"@id\":\"https:\\\/\\\/rrgsuisse.ch\\\/fr\\\/alpine-a390-dernieres-indiscretions-avant-son-reveal\"},\"author\":{\"name\":\"rrgsuisse\",\"@id\":\"https:\\\/\\\/rrgsuisse.ch\\\/fr\\\/#\\\/schema\\\/person\\\/3fb0fceb9f1a5bcb4c674661a09ea4f7\"},\"headline\":\"Alpine A390: Derni\u00e8res indiscr\u00e9tions avant son reveal\",\"datePublished\":\"2025-05-20T09:29:08+00:00\",\"dateModified\":\"2025-05-20T09:29:10+00:00\",\"mainEntityOfPage\":{\"@id\":\"https:\\\/\\\/rrgsuisse.ch\\\/fr\\\/alpine-a390-dernieres-indiscretions-avant-son-reveal\"},\"wordCount\":263,\"image\":{\"@id\":\"https:\\\/\\\/rrgsuisse.ch\\\/fr\\\/alpine-a390-dernieres-indiscretions-avant-son-reveal#primaryimage\"},\"thumbnailUrl\":\"https:\\\/\\\/rrgsuisse.ch\\\/wp-content\\\/uploads\\\/2025\\\/05\\\/R-DAM_1661830.jpg\",\"articleSection\":[\"A la une\",\"Actualit\u00e9 Alpine\"],\"inLanguage\":\"fr-CH\"},{\"@type\":\"WebPage\",\"@id\":\"https:\\\/\\\/rrgsuisse.ch\\\/fr\\\/alpine-a390-dernieres-indiscretions-avant-son-reveal\",\"url\":\"https:\\\/\\\/rrgsuisse.ch\\\/fr\\\/alpine-a390-dernieres-indiscretions-avant-son-reveal\",\"name\":\"Alpine A390: Derni\u00e8res indiscr\u00e9tions avant son reveal - RRG Suisse\",\"isPartOf\":{\"@id\":\"https:\\\/\\\/rrgsuisse.ch\\\/fr\\\/#website\"},\"primaryImageOfPage\":{\"@id\":\"https:\\\/\\\/rrgsuisse.ch\\\/fr\\\/alpine-a390-dernieres-indiscretions-avant-son-reveal#primaryimage\"},\"image\":{\"@id\":\"https:\\\/\\\/rrgsuisse.ch\\\/fr\\\/alpine-a390-dernieres-indiscretions-avant-son-reveal#primaryimage\"},\"thumbnailUrl\":\"https:\\\/\\\/rrgsuisse.ch\\\/wp-content\\\/uploads\\\/2025\\\/05\\\/R-DAM_1661830.jpg\",\"datePublished\":\"2025-05-20T09:29:08+00:00\",\"dateModified\":\"2025-05-20T09:29:10+00:00\",\"author\":{\"@id\":\"https:\\\/\\\/rrgsuisse.ch\\\/fr\\\/#\\\/schema\\\/person\\\/3fb0fceb9f1a5bcb4c674661a09ea4f7\"},\"breadcrumb\":{\"@id\":\"https:\\\/\\\/rrgsuisse.ch\\\/fr\\\/alpine-a390-dernieres-indiscretions-avant-son-reveal#breadcrumb\"},\"inLanguage\":\"fr-CH\",\"potentialAction\":[{\"@type\":\"ReadAction\",\"target\":[\"https:\\\/\\\/rrgsuisse.ch\\\/fr\\\/alpine-a390-dernieres-indiscretions-avant-son-reveal\"]}]},{\"@type\":\"ImageObject\",\"inLanguage\":\"fr-CH\",\"@id\":\"https:\\\/\\\/rrgsuisse.ch\\\/fr\\\/alpine-a390-dernieres-indiscretions-avant-son-reveal#primaryimage\",\"url\":\"https:\\\/\\\/rrgsuisse.ch\\\/wp-content\\\/uploads\\\/2025\\\/05\\\/R-DAM_1661830.jpg\",\"contentUrl\":\"https:\\\/\\\/rrgsuisse.ch\\\/wp-content\\\/uploads\\\/2025\\\/05\\\/R-DAM_1661830.jpg\",\"width\":1200,\"height\":800},{\"@type\":\"BreadcrumbList\",\"@id\":\"https:\\\/\\\/rrgsuisse.ch\\\/fr\\\/alpine-a390-dernieres-indiscretions-avant-son-reveal#breadcrumb\",\"itemListElement\":[{\"@type\":\"ListItem\",\"position\":1,\"name\":\"Home\",\"item\":\"https:\\\/\\\/rrgsuisse.ch\\\/fr\"},{\"@type\":\"ListItem\",\"position\":2,\"name\":\"Alpine A390: Derni\u00e8res indiscr\u00e9tions avant son reveal\"}]},{\"@type\":\"WebSite\",\"@id\":\"https:\\\/\\\/rrgsuisse.ch\\\/fr\\\/#website\",\"url\":\"https:\\\/\\\/rrgsuisse.ch\\\/fr\\\/\",\"name\":\"RRG Suisse\",\"description\":\"Retail Renault Group - Revendeur officiel Renault, Dacia, Nissan\",\"potentialAction\":[{\"@type\":\"SearchAction\",\"target\":{\"@type\":\"EntryPoint\",\"urlTemplate\":\"https:\\\/\\\/rrgsuisse.ch\\\/fr\\\/?s={search_term_string}\"},\"query-input\":{\"@type\":\"PropertyValueSpecification\",\"valueRequired\":true,\"valueName\":\"search_term_string\"}}],\"inLanguage\":\"fr-CH\"},{\"@type\":\"Person\",\"@id\":\"https:\\\/\\\/rrgsuisse.ch\\\/fr\\\/#\\\/schema\\\/person\\\/3fb0fceb9f1a5bcb4c674661a09ea4f7\",\"name\":\"rrgsuisse\",\"image\":{\"@type\":\"ImageObject\",\"inLanguage\":\"fr-CH\",\"@id\":\"https:\\\/\\\/secure.gravatar.com\\\/avatar\\\/5e8e0f3f10010a38feb43e707770c4c97735143a26d51396eb4f3ea6bb49ed57?s=96&d=mm&r=g\",\"url\":\"https:\\\/\\\/secure.gravatar.com\\\/avatar\\\/5e8e0f3f10010a38feb43e707770c4c97735143a26d51396eb4f3ea6bb49ed57?s=96&d=mm&r=g\",\"contentUrl\":\"https:\\\/\\\/secure.gravatar.com\\\/avatar\\\/5e8e0f3f10010a38feb43e707770c4c97735143a26d51396eb4f3ea6bb49ed57?s=96&d=mm&r=g\",\"caption\":\"rrgsuisse\"},\"sameAs\":[\"https:\\\/\\\/rrgsuisse.ch\"],\"url\":\"https:\\\/\\\/rrgsuisse.ch\\\/fr\\\/author\\\/rrgsuisse\"}]}<\/script>\n<!-- \/ Yoast SEO plugin. -->","yoast_head_json":{"title":"Alpine A390: Derni\u00e8res indiscr\u00e9tions avant son reveal - RRG Suisse","robots":{"index":"index","follow":"follow","max-snippet":"max-snippet:-1","max-image-preview":"max-image-preview:large","max-video-preview":"max-video-preview:-1"},"canonical":"https:\/\/rrgsuisse.ch\/fr\/alpine-a390-dernieres-indiscretions-avant-son-reveal","og_locale":"fr_FR","og_type":"article","og_title":"Alpine A390: Derni\u00e8res indiscr\u00e9tions avant son reveal - RRG Suisse","og_description":"L\u2019A390 adopte une silhouette unique de sport fastback reprenant \u00e0 85 % le design du show-car A390_\u03b2, pr\u00e9sent\u00e9 au Mondial de l\u2019Auto 2024 \u00e0 Paris. Sa signature lumineuse forte est inspir\u00e9e du concept Alpine Alpenglow et de l\u2019Hypercar A424 engag\u00e9e en championnat WEC. L\u2019habitacle du premier sport fastback d\u2019Alpine offre 5 places, une nouvelle \u00e9volution du syst\u00e8me Alpine Telemetrics et une installation audio premium sign\u00e9e Devialet. Fid\u00e8le \u00e0 l\u2019expression de \u00abRacing car in a suit\u00bb, l'utilisation de mat\u00e9riaux haute performance et haut de gamme tels que l'aluminium, le carbone et le cuir, subliment l\u2019int\u00e9rieur. Le pass Alpine A390 Premi\u00e8re permettra aux premiers acheteurs d\u2019acc\u00e9der en priorit\u00e9 \u00e0 leur A390. Alpine d\u00e9voilera l\u2019A390, le 27 mai 2025 \u00e0 Dieppe, en amont du week-end de c\u00e9l\u00e9bration du 70e anniversaire de la marque. L\u2019\u00e9v\u00e8nement sera retransmis en direct sur https:\/\/events.alpinecars.com\/.","og_url":"https:\/\/rrgsuisse.ch\/fr\/alpine-a390-dernieres-indiscretions-avant-son-reveal","og_site_name":"RRG Suisse","article_published_time":"2025-05-20T09:29:08+00:00","article_modified_time":"2025-05-20T09:29:10+00:00","og_image":[{"width":1200,"height":800,"url":"https:\/\/rrgsuisse.ch\/wp-content\/uploads\/2025\/05\/R-DAM_1661830.jpg","type":"image\/jpeg"}],"author":"rrgsuisse","twitter_card":"summary_large_image","twitter_misc":{"Written by":"rrgsuisse","Est. reading time":"2 minutes"},"schema":{"@context":"https:\/\/schema.org","@graph":[{"@type":"Article","@id":"https:\/\/rrgsuisse.ch\/fr\/alpine-a390-dernieres-indiscretions-avant-son-reveal#article","isPartOf":{"@id":"https:\/\/rrgsuisse.ch\/fr\/alpine-a390-dernieres-indiscretions-avant-son-reveal"},"author":{"name":"rrgsuisse","@id":"https:\/\/rrgsuisse.ch\/fr\/#\/schema\/person\/3fb0fceb9f1a5bcb4c674661a09ea4f7"},"headline":"Alpine A390: Derni\u00e8res indiscr\u00e9tions avant son reveal","datePublished":"2025-05-20T09:29:08+00:00","dateModified":"2025-05-20T09:29:10+00:00","mainEntityOfPage":{"@id":"https:\/\/rrgsuisse.ch\/fr\/alpine-a390-dernieres-indiscretions-avant-son-reveal"},"wordCount":263,"image":{"@id":"https:\/\/rrgsuisse.ch\/fr\/alpine-a390-dernieres-indiscretions-avant-son-reveal#primaryimage"},"thumbnailUrl":"https:\/\/rrgsuisse.ch\/wp-content\/uploads\/2025\/05\/R-DAM_1661830.jpg","articleSection":["A la une","Actualit\u00e9 Alpine"],"inLanguage":"fr-CH"},{"@type":"WebPage","@id":"https:\/\/rrgsuisse.ch\/fr\/alpine-a390-dernieres-indiscretions-avant-son-reveal","url":"https:\/\/rrgsuisse.ch\/fr\/alpine-a390-dernieres-indiscretions-avant-son-reveal","name":"Alpine A390: Derni\u00e8res indiscr\u00e9tions avant son reveal - RRG Suisse","isPartOf":{"@id":"https:\/\/rrgsuisse.ch\/fr\/#website"},"primaryImageOfPage":{"@id":"https:\/\/rrgsuisse.ch\/fr\/alpine-a390-dernieres-indiscretions-avant-son-reveal#primaryimage"},"image":{"@id":"https:\/\/rrgsuisse.ch\/fr\/alpine-a390-dernieres-indiscretions-avant-son-reveal#primaryimage"},"thumbnailUrl":"https:\/\/rrgsuisse.ch\/wp-content\/uploads\/2025\/05\/R-DAM_1661830.jpg","datePublished":"2025-05-20T09:29:08+00:00","dateModified":"2025-05-20T09:29:10+00:00","author":{"@id":"https:\/\/rrgsuisse.ch\/fr\/#\/schema\/person\/3fb0fceb9f1a5bcb4c674661a09ea4f7"},"breadcrumb":{"@id":"https:\/\/rrgsuisse.ch\/fr\/alpine-a390-dernieres-indiscretions-avant-son-reveal#breadcrumb"},"inLanguage":"fr-CH","potentialAction":[{"@type":"ReadAction","target":["https:\/\/rrgsuisse.ch\/fr\/alpine-a390-dernieres-indiscretions-avant-son-reveal"]}]},{"@type":"ImageObject","inLanguage":"fr-CH","@id":"https:\/\/rrgsuisse.ch\/fr\/alpine-a390-dernieres-indiscretions-avant-son-reveal#primaryimage","url":"https:\/\/rrgsuisse.ch\/wp-content\/uploads\/2025\/05\/R-DAM_1661830.jpg","contentUrl":"https:\/\/rrgsuisse.ch\/wp-content\/uploads\/2025\/05\/R-DAM_1661830.jpg","width":1200,"height":800},{"@type":"BreadcrumbList","@id":"https:\/\/rrgsuisse.ch\/fr\/alpine-a390-dernieres-indiscretions-avant-son-reveal#breadcrumb","itemListElement":[{"@type":"ListItem","position":1,"name":"Home","item":"https:\/\/rrgsuisse.ch\/fr"},{"@type":"ListItem","position":2,"name":"Alpine A390: Derni\u00e8res indiscr\u00e9tions avant son reveal"}]},{"@type":"WebSite","@id":"https:\/\/rrgsuisse.ch\/fr\/#website","url":"https:\/\/rrgsuisse.ch\/fr\/","name":"RRG Suisse","description":"Retail Renault Group - Revendeur officiel Renault, Dacia, Nissan","potentialAction":[{"@type":"SearchAction","target":{"@type":"EntryPoint","urlTemplate":"https:\/\/rrgsuisse.ch\/fr\/?s={search_term_string}"},"query-input":{"@type":"PropertyValueSpecification","valueRequired":true,"valueName":"search_term_string"}}],"inLanguage":"fr-CH"},{"@type":"Person","@id":"https:\/\/rrgsuisse.ch\/fr\/#\/schema\/person\/3fb0fceb9f1a5bcb4c674661a09ea4f7","name":"rrgsuisse","image":{"@type":"ImageObject","inLanguage":"fr-CH","@id":"https:\/\/secure.gravatar.com\/avatar\/5e8e0f3f10010a38feb43e707770c4c97735143a26d51396eb4f3ea6bb49ed57?s=96&d=mm&r=g","url":"https:\/\/secure.gravatar.com\/avatar\/5e8e0f3f10010a38feb43e707770c4c97735143a26d51396eb4f3ea6bb49ed57?s=96&d=mm&r=g","contentUrl":"https:\/\/secure.gravatar.com\/avatar\/5e8e0f3f10010a38feb43e707770c4c97735143a26d51396eb4f3ea6bb49ed57?s=96&d=mm&r=g","caption":"rrgsuisse"},"sameAs":["https:\/\/rrgsuisse.ch"],"url":"https:\/\/rrgsuisse.ch\/fr\/author\/rrgsuisse"}]}},"wpml_current_locale":"fr_CH","wpml_translations":{"de_CH":{"locale":"de_CH","id":44423,"slug":"erste-details-der-neuen-alpine-a390-enthuellt","post_title":"Erste Details der neuen Alpine A390 enth\u00fcllt","href":"https:\/\/rrgsuisse.ch\/de\/erste-details-der-neuen-alpine-a390-enthuellt"}},"_links":{"self":[{"href":"https:\/\/rrgsuisse.ch\/fr\/wp-json\/wp\/v2\/posts\/44417","targetHints":{"allow":["GET"]}}],"collection":[{"href":"https:\/\/rrgsuisse.ch\/fr\/wp-json\/wp\/v2\/posts"}],"about":[{"href":"https:\/\/rrgsuisse.ch\/fr\/wp-json\/wp\/v2\/types\/post"}],"author":[{"embeddable":true,"href":"https:\/\/rrgsuisse.ch\/fr\/wp-json\/wp\/v2\/users\/1"}],"replies":[{"embeddable":true,"href":"https:\/\/rrgsuisse.ch\/fr\/wp-json\/wp\/v2\/comments?post=44417"}],"version-history":[{"count":1,"href":"https:\/\/rrgsuisse.ch\/fr\/wp-json\/wp\/v2\/posts\/44417\/revisions"}],"predecessor-version":[{"id":44422,"href":"https:\/\/rrgsuisse.ch\/fr\/wp-json\/wp\/v2\/posts\/44417\/revisions\/44422"}],"wp:featuredmedia":[{"embeddable":true,"href":"https:\/\/rrgsuisse.ch\/fr\/wp-json\/wp\/v2\/media\/44418"}],"wp:attachment":[{"href":"https:\/\/rrgsuisse.ch\/fr\/wp-json\/wp\/v2\/media?parent=44417"}],"wp:term":[{"taxonomy":"category","embeddable":true,"href":"https:\/\/rrgsuisse.ch\/fr\/wp-json\/wp\/v2\/categories?post=44417"},{"taxonomy":"post_tag","embeddable":true,"href":"https:\/\/rrgsuisse.ch\/fr\/wp-json\/wp\/v2\/tags?post=44417"}],"curies":[{"name":"wp","href":"https:\/\/api.w.org\/{rel}","templated":true}]}}