{"id":44612,"date":"2025-06-03T15:12:41","date_gmt":"2025-06-03T13:12:41","guid":{"rendered":"https:\/\/rrgsuisse.ch\/?p=44612"},"modified":"2025-06-03T15:12:43","modified_gmt":"2025-06-03T13:12:43","slug":"rassemblement-alpine-historique-a-dieppe-pour-ses-70-ans","status":"publish","type":"post","link":"https:\/\/rrgsuisse.ch\/fr\/rassemblement-alpine-historique-a-dieppe-pour-ses-70-ans","title":{"rendered":"Rassemblement Alpine historique \u00e0 Dieppe pour ses 70 ans"},"content":{"rendered":"\n<figure class=\"wp-block-embed is-type-video is-provider-vimeo wp-block-embed-vimeo\"><div class=\"wp-block-embed__wrapper\">\n<iframe title=\"a_historic_gathering_of_alpine_in_dieppe_to_celebrate_the_70th_anniversary_-_best_of\" src=\"https:\/\/player.vimeo.com\/video\/1089974046?dnt=1&amp;app_id=122963\" width=\"800\" height=\"450\" frameborder=\"0\" allow=\"autoplay; fullscreen; picture-in-picture; clipboard-write; encrypted-media\"><\/iframe>\n<\/div><\/figure>\n\n\n\n<p>Du 30 mai au 1er juin, Dieppe, ville natale de Jean R\u00e9d\u00e9l\u00e9 fondateur de la marque, s\u2019est transform\u00e9e en v\u00e9ritable festival Alpine. Sur les pelouses du front de mer, la communaut\u00e9 Alpine, r\u00e9unie par l\u2019association ID\u00c9A, a pu d\u00e9couvrir le deuxi\u00e8me v\u00e9hicule du&nbsp;<em>Dream Garage<\/em>: l\u2019A390.<\/p>\n\n\n\n<p>R\u00e9v\u00e9l\u00e9e quelques jours plus t\u00f4t par Pierre Gasly, pilote BWT Alpine F1 Team et Zinedine Zidane, ambassadeur Alpine et parrain de ses programmes pour l&#8217;\u00e9galit\u00e9 des chances, l\u2019A390 a \u00e9t\u00e9 d\u00e9voil\u00e9e au grand public par Philippe Krief, CEO Alpine lors de ce week-end anniversaire. L\u2019A390 a ensuite pris la route pour sa toute premi\u00e8re parade dans les rues de Dieppe, avant de rejoindre les 700 Alpine r\u00e9unies pour une d\u00e9monstration historique.<\/p>\n\n\n\n<p>Durant ces trois jours de festivit\u00e9s, les visiteurs ont pu d\u00e9couvrir la gamme actuelle d\u2019A110 avec la s\u00e9rie anniversaire A110 R 70, l\u2019A110 GTS et l\u2019A110 R Ultime. Le grand public a \u00e9galement pu assister au roulage d\u2019Alpenglow Hy6, \u00e9quip\u00e9 du premier moteur thermique 6 cylindres \u00e0 hydrog\u00e8ne de la marque, dans les rues du centre-ville.<\/p>\n\n\n\n<p><em>\u00abC\u00e9l\u00e9brer les 70 ans d\u2019Alpine ici, \u00e0 Dieppe, l\u00e0 o\u00f9 tout a commenc\u00e9, donne une force particuli\u00e8re \u00e0 cet anniversaire. Ce rassemblement est l\u2019illustration de la ferveur Alpine et du lien exceptionnel entre un h\u00e9ritage unique qui perdure aujourd\u2019hui et se projette vers le futur. L\u2019A390 en est une expression fid\u00e8le: tourn\u00e9e vers demain, et nourrie de 70 ans de passion et d\u2019audace.\u00bb<\/em>&nbsp;d\u00e9clare&nbsp;<strong>Philippe Krief, CEO Alpine<\/strong>.<\/p>\n\n\n\n<p><strong>UN LOGO ALPINE SP\u00c9CIFIQUE POUR LES 70 ANS<\/strong><br>Le A fl\u00e9ch\u00e9, symbole de la marque, porte fi\u00e8rement ses 70 ann\u00e9es: 1955-2025. L\u2019utilisation du bleu, blanc, rouge souligne les origines de la marque fran\u00e7aise cr\u00e9\u00e9e par Jean R\u00e9d\u00e9l\u00e9 \u00e0 Dieppe en 1955. Le 70 s\u2019inscrit dans le prolongement du A fl\u00e9ch\u00e9 comme pour signifier que la marque s\u2019inscrit dans son pass\u00e9 mais qu\u2019elle se projette dans le futur. La cible rouge au centre de la roue, autre symbole automobile, repr\u00e9sente les futurs challenges de la marque \u00e0 atteindre pour les 70 prochaines ann\u00e9es \u00e0 venir!<\/p>\n","protected":false},"excerpt":{"rendered":"<p>\u00c0 l\u2019occasion de son 70\u00e8me anniversaire, Alpine a rassembl\u00e9 150 000 passionn\u00e9s \u00e0 Dieppe pour un week-end exceptionnel plac\u00e9 sous le signe de la c\u00e9l\u00e9bration. Plus de 1 700 Alpine, d\u2019hier et d\u2019aujourd\u2019hui, \u00e9taient r\u00e9unies sur les pelouses du front de mer dieppois.<br \/>\nAlpine a pr\u00e9sent\u00e9 au grand public l\u2019A390, son tout nouveau sport fastback ainsi que l\u2019A110 R 70, la s\u00e9rie limit\u00e9e en hommage \u00e0 ses 70 ans et l\u2019A290, \u00e9lue Car of the Year 2025.<br \/>\nCes trois jours de festivit\u00e9s ont \u00e9t\u00e9 rythm\u00e9s par des s\u00e9ances de d\u00e9dicaces avec des pilotes Alpine dont Charles Milesi de l\u2019\u00e9quipe Alpine Endurance Team, des animations et des parades dans les rues du centre-ville avec Alpenglow Hy6, A390, A290, A110 R 70, A110 GTS et A110 R Ultime.<br \/>\nPour clore ce week-end, la plus grande parade d\u2019Alpine jamais r\u00e9alis\u00e9e s\u2019est tenue sur l\u2019ancien circuit de Dieppe\/St-Aubin regroupant symboliquement 700 Alpine sur 7 km pour les 70 ans de la marque.<\/p>\n","protected":false},"author":1,"featured_media":44613,"comment_status":"closed","ping_status":"open","sticky":false,"template":"","format":"standard","meta":{"_acf_changed":false,"footnotes":""},"categories":[18,125],"tags":[],"class_list":["post-44612","post","type-post","status-publish","format-standard","has-post-thumbnail","hentry","category-a-la-une","category-actualite-alpine"],"acf":[],"yoast_head":"<!-- This site is optimized with the Yoast SEO plugin v27.5 - https:\/\/yoast.com\/product\/yoast-seo-wordpress\/ -->\n<title>Rassemblement Alpine historique \u00e0 Dieppe pour ses 70 ans - RRG Suisse<\/title>\n<meta name=\"robots\" content=\"index, follow, max-snippet:-1, max-image-preview:large, max-video-preview:-1\" \/>\n<link rel=\"canonical\" href=\"https:\/\/rrgsuisse.ch\/fr\/rassemblement-alpine-historique-a-dieppe-pour-ses-70-ans\" \/>\n<meta property=\"og:locale\" content=\"fr_FR\" \/>\n<meta property=\"og:type\" content=\"article\" \/>\n<meta property=\"og:title\" content=\"Rassemblement Alpine historique \u00e0 Dieppe pour ses 70 ans - RRG Suisse\" \/>\n<meta property=\"og:description\" content=\"\u00c0 l\u2019occasion de son 70\u00e8me anniversaire, Alpine a rassembl\u00e9 150 000 passionn\u00e9s \u00e0 Dieppe pour un week-end exceptionnel plac\u00e9 sous le signe de la c\u00e9l\u00e9bration. Plus de 1 700 Alpine, d\u2019hier et d\u2019aujourd\u2019hui, \u00e9taient r\u00e9unies sur les pelouses du front de mer dieppois. Alpine a pr\u00e9sent\u00e9 au grand public l\u2019A390, son tout nouveau sport fastback ainsi que l\u2019A110 R 70, la s\u00e9rie limit\u00e9e en hommage \u00e0 ses 70 ans et l\u2019A290, \u00e9lue Car of the Year 2025. Ces trois jours de festivit\u00e9s ont \u00e9t\u00e9 rythm\u00e9s par des s\u00e9ances de d\u00e9dicaces avec des pilotes Alpine dont Charles Milesi de l\u2019\u00e9quipe Alpine Endurance Team, des animations et des parades dans les rues du centre-ville avec Alpenglow Hy6, A390, A290, A110 R 70, A110 GTS et A110 R Ultime. Pour clore ce week-end, la plus grande parade d\u2019Alpine jamais r\u00e9alis\u00e9e s\u2019est tenue sur l\u2019ancien circuit de Dieppe\/St-Aubin regroupant symboliquement 700 Alpine sur 7 km pour les 70 ans de la marque.\" \/>\n<meta property=\"og:url\" content=\"https:\/\/rrgsuisse.ch\/fr\/rassemblement-alpine-historique-a-dieppe-pour-ses-70-ans\" \/>\n<meta property=\"og:site_name\" content=\"RRG Suisse\" \/>\n<meta property=\"article:published_time\" content=\"2025-06-03T13:12:41+00:00\" \/>\n<meta property=\"article:modified_time\" content=\"2025-06-03T13:12:43+00:00\" \/>\n<meta property=\"og:image\" content=\"https:\/\/rrgsuisse.ch\/wp-content\/uploads\/2025\/06\/001_PRIMARY-PHOTO.jpg\" \/>\n\t<meta property=\"og:image:width\" content=\"1200\" \/>\n\t<meta property=\"og:image:height\" content=\"900\" \/>\n\t<meta property=\"og:image:type\" content=\"image\/jpeg\" \/>\n<meta name=\"author\" content=\"rrgsuisse\" \/>\n<meta name=\"twitter:card\" content=\"summary_large_image\" \/>\n<meta name=\"twitter:label1\" content=\"Written by\" \/>\n\t<meta name=\"twitter:data1\" content=\"rrgsuisse\" \/>\n\t<meta name=\"twitter:label2\" content=\"Est. reading time\" \/>\n\t<meta name=\"twitter:data2\" content=\"2 minutes\" \/>\n<script type=\"application\/ld+json\" class=\"yoast-schema-graph\">{\"@context\":\"https:\\\/\\\/schema.org\",\"@graph\":[{\"@type\":\"Article\",\"@id\":\"https:\\\/\\\/rrgsuisse.ch\\\/fr\\\/rassemblement-alpine-historique-a-dieppe-pour-ses-70-ans#article\",\"isPartOf\":{\"@id\":\"https:\\\/\\\/rrgsuisse.ch\\\/fr\\\/rassemblement-alpine-historique-a-dieppe-pour-ses-70-ans\"},\"author\":{\"name\":\"rrgsuisse\",\"@id\":\"https:\\\/\\\/rrgsuisse.ch\\\/fr\\\/#\\\/schema\\\/person\\\/3fb0fceb9f1a5bcb4c674661a09ea4f7\"},\"headline\":\"Rassemblement Alpine historique \u00e0 Dieppe pour ses 70 ans\",\"datePublished\":\"2025-06-03T13:12:41+00:00\",\"dateModified\":\"2025-06-03T13:12:43+00:00\",\"mainEntityOfPage\":{\"@id\":\"https:\\\/\\\/rrgsuisse.ch\\\/fr\\\/rassemblement-alpine-historique-a-dieppe-pour-ses-70-ans\"},\"wordCount\":392,\"image\":{\"@id\":\"https:\\\/\\\/rrgsuisse.ch\\\/fr\\\/rassemblement-alpine-historique-a-dieppe-pour-ses-70-ans#primaryimage\"},\"thumbnailUrl\":\"https:\\\/\\\/rrgsuisse.ch\\\/wp-content\\\/uploads\\\/2025\\\/06\\\/001_PRIMARY-PHOTO.jpg\",\"articleSection\":[\"A la une\",\"Actualit\u00e9 Alpine\"],\"inLanguage\":\"fr-CH\"},{\"@type\":\"WebPage\",\"@id\":\"https:\\\/\\\/rrgsuisse.ch\\\/fr\\\/rassemblement-alpine-historique-a-dieppe-pour-ses-70-ans\",\"url\":\"https:\\\/\\\/rrgsuisse.ch\\\/fr\\\/rassemblement-alpine-historique-a-dieppe-pour-ses-70-ans\",\"name\":\"Rassemblement Alpine historique \u00e0 Dieppe pour ses 70 ans - RRG Suisse\",\"isPartOf\":{\"@id\":\"https:\\\/\\\/rrgsuisse.ch\\\/fr\\\/#website\"},\"primaryImageOfPage\":{\"@id\":\"https:\\\/\\\/rrgsuisse.ch\\\/fr\\\/rassemblement-alpine-historique-a-dieppe-pour-ses-70-ans#primaryimage\"},\"image\":{\"@id\":\"https:\\\/\\\/rrgsuisse.ch\\\/fr\\\/rassemblement-alpine-historique-a-dieppe-pour-ses-70-ans#primaryimage\"},\"thumbnailUrl\":\"https:\\\/\\\/rrgsuisse.ch\\\/wp-content\\\/uploads\\\/2025\\\/06\\\/001_PRIMARY-PHOTO.jpg\",\"datePublished\":\"2025-06-03T13:12:41+00:00\",\"dateModified\":\"2025-06-03T13:12:43+00:00\",\"author\":{\"@id\":\"https:\\\/\\\/rrgsuisse.ch\\\/fr\\\/#\\\/schema\\\/person\\\/3fb0fceb9f1a5bcb4c674661a09ea4f7\"},\"breadcrumb\":{\"@id\":\"https:\\\/\\\/rrgsuisse.ch\\\/fr\\\/rassemblement-alpine-historique-a-dieppe-pour-ses-70-ans#breadcrumb\"},\"inLanguage\":\"fr-CH\",\"potentialAction\":[{\"@type\":\"ReadAction\",\"target\":[\"https:\\\/\\\/rrgsuisse.ch\\\/fr\\\/rassemblement-alpine-historique-a-dieppe-pour-ses-70-ans\"]}]},{\"@type\":\"ImageObject\",\"inLanguage\":\"fr-CH\",\"@id\":\"https:\\\/\\\/rrgsuisse.ch\\\/fr\\\/rassemblement-alpine-historique-a-dieppe-pour-ses-70-ans#primaryimage\",\"url\":\"https:\\\/\\\/rrgsuisse.ch\\\/wp-content\\\/uploads\\\/2025\\\/06\\\/001_PRIMARY-PHOTO.jpg\",\"contentUrl\":\"https:\\\/\\\/rrgsuisse.ch\\\/wp-content\\\/uploads\\\/2025\\\/06\\\/001_PRIMARY-PHOTO.jpg\",\"width\":1200,\"height\":900,\"caption\":\"default\"},{\"@type\":\"BreadcrumbList\",\"@id\":\"https:\\\/\\\/rrgsuisse.ch\\\/fr\\\/rassemblement-alpine-historique-a-dieppe-pour-ses-70-ans#breadcrumb\",\"itemListElement\":[{\"@type\":\"ListItem\",\"position\":1,\"name\":\"Home\",\"item\":\"https:\\\/\\\/rrgsuisse.ch\\\/fr\"},{\"@type\":\"ListItem\",\"position\":2,\"name\":\"Rassemblement Alpine historique \u00e0 Dieppe pour ses 70 ans\"}]},{\"@type\":\"WebSite\",\"@id\":\"https:\\\/\\\/rrgsuisse.ch\\\/fr\\\/#website\",\"url\":\"https:\\\/\\\/rrgsuisse.ch\\\/fr\\\/\",\"name\":\"RRG Suisse\",\"description\":\"Retail Renault Group - Revendeur officiel Renault, Dacia, Nissan\",\"potentialAction\":[{\"@type\":\"SearchAction\",\"target\":{\"@type\":\"EntryPoint\",\"urlTemplate\":\"https:\\\/\\\/rrgsuisse.ch\\\/fr\\\/?s={search_term_string}\"},\"query-input\":{\"@type\":\"PropertyValueSpecification\",\"valueRequired\":true,\"valueName\":\"search_term_string\"}}],\"inLanguage\":\"fr-CH\"},{\"@type\":\"Person\",\"@id\":\"https:\\\/\\\/rrgsuisse.ch\\\/fr\\\/#\\\/schema\\\/person\\\/3fb0fceb9f1a5bcb4c674661a09ea4f7\",\"name\":\"rrgsuisse\",\"image\":{\"@type\":\"ImageObject\",\"inLanguage\":\"fr-CH\",\"@id\":\"https:\\\/\\\/secure.gravatar.com\\\/avatar\\\/5e8e0f3f10010a38feb43e707770c4c97735143a26d51396eb4f3ea6bb49ed57?s=96&d=mm&r=g\",\"url\":\"https:\\\/\\\/secure.gravatar.com\\\/avatar\\\/5e8e0f3f10010a38feb43e707770c4c97735143a26d51396eb4f3ea6bb49ed57?s=96&d=mm&r=g\",\"contentUrl\":\"https:\\\/\\\/secure.gravatar.com\\\/avatar\\\/5e8e0f3f10010a38feb43e707770c4c97735143a26d51396eb4f3ea6bb49ed57?s=96&d=mm&r=g\",\"caption\":\"rrgsuisse\"},\"sameAs\":[\"https:\\\/\\\/rrgsuisse.ch\"],\"url\":\"https:\\\/\\\/rrgsuisse.ch\\\/fr\\\/author\\\/rrgsuisse\"}]}<\/script>\n<!-- \/ Yoast SEO plugin. -->","yoast_head_json":{"title":"Rassemblement Alpine historique \u00e0 Dieppe pour ses 70 ans - RRG Suisse","robots":{"index":"index","follow":"follow","max-snippet":"max-snippet:-1","max-image-preview":"max-image-preview:large","max-video-preview":"max-video-preview:-1"},"canonical":"https:\/\/rrgsuisse.ch\/fr\/rassemblement-alpine-historique-a-dieppe-pour-ses-70-ans","og_locale":"fr_FR","og_type":"article","og_title":"Rassemblement Alpine historique \u00e0 Dieppe pour ses 70 ans - RRG Suisse","og_description":"\u00c0 l\u2019occasion de son 70\u00e8me anniversaire, Alpine a rassembl\u00e9 150 000 passionn\u00e9s \u00e0 Dieppe pour un week-end exceptionnel plac\u00e9 sous le signe de la c\u00e9l\u00e9bration. Plus de 1 700 Alpine, d\u2019hier et d\u2019aujourd\u2019hui, \u00e9taient r\u00e9unies sur les pelouses du front de mer dieppois. Alpine a pr\u00e9sent\u00e9 au grand public l\u2019A390, son tout nouveau sport fastback ainsi que l\u2019A110 R 70, la s\u00e9rie limit\u00e9e en hommage \u00e0 ses 70 ans et l\u2019A290, \u00e9lue Car of the Year 2025. Ces trois jours de festivit\u00e9s ont \u00e9t\u00e9 rythm\u00e9s par des s\u00e9ances de d\u00e9dicaces avec des pilotes Alpine dont Charles Milesi de l\u2019\u00e9quipe Alpine Endurance Team, des animations et des parades dans les rues du centre-ville avec Alpenglow Hy6, A390, A290, A110 R 70, A110 GTS et A110 R Ultime. Pour clore ce week-end, la plus grande parade d\u2019Alpine jamais r\u00e9alis\u00e9e s\u2019est tenue sur l\u2019ancien circuit de Dieppe\/St-Aubin regroupant symboliquement 700 Alpine sur 7 km pour les 70 ans de la marque.","og_url":"https:\/\/rrgsuisse.ch\/fr\/rassemblement-alpine-historique-a-dieppe-pour-ses-70-ans","og_site_name":"RRG Suisse","article_published_time":"2025-06-03T13:12:41+00:00","article_modified_time":"2025-06-03T13:12:43+00:00","og_image":[{"width":1200,"height":900,"url":"https:\/\/rrgsuisse.ch\/wp-content\/uploads\/2025\/06\/001_PRIMARY-PHOTO.jpg","type":"image\/jpeg"}],"author":"rrgsuisse","twitter_card":"summary_large_image","twitter_misc":{"Written by":"rrgsuisse","Est. reading time":"2 minutes"},"schema":{"@context":"https:\/\/schema.org","@graph":[{"@type":"Article","@id":"https:\/\/rrgsuisse.ch\/fr\/rassemblement-alpine-historique-a-dieppe-pour-ses-70-ans#article","isPartOf":{"@id":"https:\/\/rrgsuisse.ch\/fr\/rassemblement-alpine-historique-a-dieppe-pour-ses-70-ans"},"author":{"name":"rrgsuisse","@id":"https:\/\/rrgsuisse.ch\/fr\/#\/schema\/person\/3fb0fceb9f1a5bcb4c674661a09ea4f7"},"headline":"Rassemblement Alpine historique \u00e0 Dieppe pour ses 70 ans","datePublished":"2025-06-03T13:12:41+00:00","dateModified":"2025-06-03T13:12:43+00:00","mainEntityOfPage":{"@id":"https:\/\/rrgsuisse.ch\/fr\/rassemblement-alpine-historique-a-dieppe-pour-ses-70-ans"},"wordCount":392,"image":{"@id":"https:\/\/rrgsuisse.ch\/fr\/rassemblement-alpine-historique-a-dieppe-pour-ses-70-ans#primaryimage"},"thumbnailUrl":"https:\/\/rrgsuisse.ch\/wp-content\/uploads\/2025\/06\/001_PRIMARY-PHOTO.jpg","articleSection":["A la une","Actualit\u00e9 Alpine"],"inLanguage":"fr-CH"},{"@type":"WebPage","@id":"https:\/\/rrgsuisse.ch\/fr\/rassemblement-alpine-historique-a-dieppe-pour-ses-70-ans","url":"https:\/\/rrgsuisse.ch\/fr\/rassemblement-alpine-historique-a-dieppe-pour-ses-70-ans","name":"Rassemblement Alpine historique \u00e0 Dieppe pour ses 70 ans - RRG Suisse","isPartOf":{"@id":"https:\/\/rrgsuisse.ch\/fr\/#website"},"primaryImageOfPage":{"@id":"https:\/\/rrgsuisse.ch\/fr\/rassemblement-alpine-historique-a-dieppe-pour-ses-70-ans#primaryimage"},"image":{"@id":"https:\/\/rrgsuisse.ch\/fr\/rassemblement-alpine-historique-a-dieppe-pour-ses-70-ans#primaryimage"},"thumbnailUrl":"https:\/\/rrgsuisse.ch\/wp-content\/uploads\/2025\/06\/001_PRIMARY-PHOTO.jpg","datePublished":"2025-06-03T13:12:41+00:00","dateModified":"2025-06-03T13:12:43+00:00","author":{"@id":"https:\/\/rrgsuisse.ch\/fr\/#\/schema\/person\/3fb0fceb9f1a5bcb4c674661a09ea4f7"},"breadcrumb":{"@id":"https:\/\/rrgsuisse.ch\/fr\/rassemblement-alpine-historique-a-dieppe-pour-ses-70-ans#breadcrumb"},"inLanguage":"fr-CH","potentialAction":[{"@type":"ReadAction","target":["https:\/\/rrgsuisse.ch\/fr\/rassemblement-alpine-historique-a-dieppe-pour-ses-70-ans"]}]},{"@type":"ImageObject","inLanguage":"fr-CH","@id":"https:\/\/rrgsuisse.ch\/fr\/rassemblement-alpine-historique-a-dieppe-pour-ses-70-ans#primaryimage","url":"https:\/\/rrgsuisse.ch\/wp-content\/uploads\/2025\/06\/001_PRIMARY-PHOTO.jpg","contentUrl":"https:\/\/rrgsuisse.ch\/wp-content\/uploads\/2025\/06\/001_PRIMARY-PHOTO.jpg","width":1200,"height":900,"caption":"default"},{"@type":"BreadcrumbList","@id":"https:\/\/rrgsuisse.ch\/fr\/rassemblement-alpine-historique-a-dieppe-pour-ses-70-ans#breadcrumb","itemListElement":[{"@type":"ListItem","position":1,"name":"Home","item":"https:\/\/rrgsuisse.ch\/fr"},{"@type":"ListItem","position":2,"name":"Rassemblement Alpine historique \u00e0 Dieppe pour ses 70 ans"}]},{"@type":"WebSite","@id":"https:\/\/rrgsuisse.ch\/fr\/#website","url":"https:\/\/rrgsuisse.ch\/fr\/","name":"RRG Suisse","description":"Retail Renault Group - Revendeur officiel Renault, Dacia, Nissan","potentialAction":[{"@type":"SearchAction","target":{"@type":"EntryPoint","urlTemplate":"https:\/\/rrgsuisse.ch\/fr\/?s={search_term_string}"},"query-input":{"@type":"PropertyValueSpecification","valueRequired":true,"valueName":"search_term_string"}}],"inLanguage":"fr-CH"},{"@type":"Person","@id":"https:\/\/rrgsuisse.ch\/fr\/#\/schema\/person\/3fb0fceb9f1a5bcb4c674661a09ea4f7","name":"rrgsuisse","image":{"@type":"ImageObject","inLanguage":"fr-CH","@id":"https:\/\/secure.gravatar.com\/avatar\/5e8e0f3f10010a38feb43e707770c4c97735143a26d51396eb4f3ea6bb49ed57?s=96&d=mm&r=g","url":"https:\/\/secure.gravatar.com\/avatar\/5e8e0f3f10010a38feb43e707770c4c97735143a26d51396eb4f3ea6bb49ed57?s=96&d=mm&r=g","contentUrl":"https:\/\/secure.gravatar.com\/avatar\/5e8e0f3f10010a38feb43e707770c4c97735143a26d51396eb4f3ea6bb49ed57?s=96&d=mm&r=g","caption":"rrgsuisse"},"sameAs":["https:\/\/rrgsuisse.ch"],"url":"https:\/\/rrgsuisse.ch\/fr\/author\/rrgsuisse"}]}},"wpml_current_locale":"fr_CH","wpml_translations":{"de_CH":{"locale":"de_CH","id":44616,"slug":"historisches-alpine-treffen-in-dieppe-zum-70-geburtstag","post_title":"Historisches Alpine Treffen in Dieppe zum 70. Geburtstag","href":"https:\/\/rrgsuisse.ch\/de\/historisches-alpine-treffen-in-dieppe-zum-70-geburtstag"}},"_links":{"self":[{"href":"https:\/\/rrgsuisse.ch\/fr\/wp-json\/wp\/v2\/posts\/44612","targetHints":{"allow":["GET"]}}],"collection":[{"href":"https:\/\/rrgsuisse.ch\/fr\/wp-json\/wp\/v2\/posts"}],"about":[{"href":"https:\/\/rrgsuisse.ch\/fr\/wp-json\/wp\/v2\/types\/post"}],"author":[{"embeddable":true,"href":"https:\/\/rrgsuisse.ch\/fr\/wp-json\/wp\/v2\/users\/1"}],"replies":[{"embeddable":true,"href":"https:\/\/rrgsuisse.ch\/fr\/wp-json\/wp\/v2\/comments?post=44612"}],"version-history":[{"count":1,"href":"https:\/\/rrgsuisse.ch\/fr\/wp-json\/wp\/v2\/posts\/44612\/revisions"}],"predecessor-version":[{"id":44615,"href":"https:\/\/rrgsuisse.ch\/fr\/wp-json\/wp\/v2\/posts\/44612\/revisions\/44615"}],"wp:featuredmedia":[{"embeddable":true,"href":"https:\/\/rrgsuisse.ch\/fr\/wp-json\/wp\/v2\/media\/44613"}],"wp:attachment":[{"href":"https:\/\/rrgsuisse.ch\/fr\/wp-json\/wp\/v2\/media?parent=44612"}],"wp:term":[{"taxonomy":"category","embeddable":true,"href":"https:\/\/rrgsuisse.ch\/fr\/wp-json\/wp\/v2\/categories?post=44612"},{"taxonomy":"post_tag","embeddable":true,"href":"https:\/\/rrgsuisse.ch\/fr\/wp-json\/wp\/v2\/tags?post=44612"}],"curies":[{"name":"wp","href":"https:\/\/api.w.org\/{rel}","templated":true}]}}