{"id":46955,"date":"2025-11-10T13:42:59","date_gmt":"2025-11-10T12:42:59","guid":{"rendered":"https:\/\/rrgsuisse.ch\/?p=46955"},"modified":"2025-11-10T13:43:04","modified_gmt":"2025-11-10T12:43:04","slug":"renault-4-e-tech-electric-parmi-les-sept-finalistes-de-la-voiture-de-lannee-2026","status":"publish","type":"post","link":"https:\/\/rrgsuisse.ch\/fr\/renault-4-e-tech-electric-parmi-les-sept-finalistes-de-la-voiture-de-lannee-2026","title":{"rendered":"Renault 4 E-Tech electric parmi les sept finalistes de la voiture de l&#8217;ann\u00e9e 2026"},"content":{"rendered":"\n<p>Renault se r\u00e9jouit de compter Renault 4 E-Tech electric parmi les sept finalistes qui restent en course pour l\u2019attribution du prestigieux troph\u00e9e de voiture de l\u2019ann\u00e9e 2026. Le jury europ\u00e9en \u00abThe Car of the Year\u00bb, compos\u00e9 de 57 journalistes issus de 23 pays, a test\u00e9 et \u00e9valu\u00e9 un total de 35 mod\u00e8les candidats avant de retenir cette liste de sept finalistes. Le laur\u00e9at \u2013 qui succ\u00e8dera \u00e0 Sc\u00e9nic E-Tech electric, titr\u00e9 en 2024 et \u00e0 Renault 5 E-Tech electric et Alpine A290, titr\u00e9es en 2025 \u2013 sera d\u00e9voil\u00e9 le 9 janvier 2026 au Brussels Motor Show.<\/p>\n\n\n\n<p>Symbole de la pertinence du renouvellement de sa gamme, Renault place pour la cinqui\u00e8me ann\u00e9e cons\u00e9cutive un mod\u00e8le parmi les sept finalistes :<\/p>\n\n\n\n<ul class=\"wp-block-list\">\n<li>2022: Megane E-Tech electric<\/li>\n\n\n\n<li>2023: Austral full hybrid E-Tech<\/li>\n\n\n\n<li>2024: Scenic E-Tech electric (vainqueur final)<\/li>\n\n\n\n<li>2025: Renault 5 E-Tech electric (vainqueur final avec Alpine A290)<\/li>\n\n\n\n<li>2026: Renault 4 E-Tech electric<\/li>\n<\/ul>\n\n\n\n<p><em>\u00abNous sommes tr\u00e8s fiers que la Renault 4 E-Tech electric figure parmi les sept finalistes du titre de Voiture de l\u2019Ann\u00e9e. C\u2019est une belle reconnaissance pour cette voiture \u00e9lectrique pens\u00e9e pour r\u00e9pondre \u00e0 tous les besoins du quotidien. Une voiture \u00e9lectrique populaire et moderne, qui s\u00e9duit largement nos clients : elle est d\u00e9j\u00e0 le premier B-SUV \u00e9lectrique du march\u00e9 fran\u00e7ais, une performance remarquable dans une cat\u00e9gorie qui d\u00e9bute sa transition vers l\u2019\u00e9lectrique. Et l\u2019histoire ne fait que commencer: d\u2019autres versions arriveront bient\u00f4t, comme la version \u00e0 toit toile et bien d\u2019autres surprises \u00e0 venir!\u00bb<\/em>, dit&nbsp;<strong>Fabrice Cambolive, CEO de la marque Renault<\/strong><\/p>\n\n\n\n<figure class=\"wp-block-image size-large\"><img fetchpriority=\"high\" decoding=\"async\" width=\"1024\" height=\"576\" src=\"https:\/\/rrgsuisse.ch\/wp-content\/uploads\/2025\/11\/COM_PRESSE_R4_2560x1440_01-1024x576.jpg\" alt=\"\" class=\"wp-image-46958\" srcset=\"https:\/\/rrgsuisse.ch\/wp-content\/uploads\/2025\/11\/COM_PRESSE_R4_2560x1440_01-1024x576.jpg 1024w, https:\/\/rrgsuisse.ch\/wp-content\/uploads\/2025\/11\/COM_PRESSE_R4_2560x1440_01-300x169.jpg 300w, https:\/\/rrgsuisse.ch\/wp-content\/uploads\/2025\/11\/COM_PRESSE_R4_2560x1440_01-768x432.jpg 768w, https:\/\/rrgsuisse.ch\/wp-content\/uploads\/2025\/11\/COM_PRESSE_R4_2560x1440_01.jpg 1200w\" sizes=\"(max-width: 1024px) 100vw, 1024px\" \/><\/figure>\n\n\n\n<p><strong>Le v\u00e9hicule \u00e9lectrique compact le plus polyvalent<\/strong><br>Renault 4 E-Tech electric puise dans l\u2019ADN du mod\u00e8le originel pour se r\u00e9inventer sous les traits d\u2019une compacte polyvalente. 100 % \u00e9lectrique et connect\u00e9e, celle-ci est plus que jamais une \u00abvoiture \u00e0 vivre\u00bb et plus encore, une baroudeuse du quotidien. Elle s\u00e9duira le plus grand nombre avec son design r\u00e9trofuturiste d\u2019aventuri\u00e8re et s\u2019adaptera \u00e0 chacun gr\u00e2ce \u00e0 sa modularit\u00e9, sa longueur de chargement de 2,20 m\u00e8tres et son coffre de 420 litres. Son hayon descend jusqu\u2019au bouclier, offrant un seuil de chargement record de seulement 61 cm de haut, 10 cm plus bas, en moyenne, que la concurrence! Renault 4 E-Tech electric propose \u00e9galement la fonction Extended Grip, ainsi qu\u2019une capacit\u00e9 de remorquage de 750 kilos. De quoi rouler confortablement sur tous les types de routes, pour tous types de trajets.<\/p>\n\n\n\n<p>Renault 4 E-Tech electric rime \u00e9galement avec technologie, qu\u2019elle soit au service de la s\u00e9curit\u00e9, avec les ADAS, ou de l\u2019exp\u00e9rience de conduite et de vie \u00e0 bord, avec le syst\u00e8me OpenR Link avec Google int\u00e9gr\u00e9. Celui-ci est compl\u00e9t\u00e9 par plus de 100 applications et des services pratiques ainsi que par Reno, l\u2019avatar officiel Renault, bas\u00e9 sur ChatGPT. De nombreuses prestations qui feront d\u2019elle la voiture compacte \u00e9lectrique d\u2019une toute nouvelle g\u00e9n\u00e9ration!<\/p>\n\n\n\n<p>La commercialisation de Renault 4 E-Tech electric a d\u00e9marr\u00e9 en juin dernier, d\u2019abord en France. Elle s\u2019\u00e9tend progressivement dans les pays europ\u00e9ens, y compris au Royaume-Uni en version conduite \u00e0 droite. Deux choix de motorisation et de batterie sont propos\u00e9s: autonomie urbaine avec moteur 90 kW et batterie 40 kWh pour une autonomie jusqu\u2019\u00e0 308 km; autonomie confort avec moteur 110 kW et batterie 52 kWh pour une autonomie jusqu\u2019\u00e0 409 km. Des version Soci\u00e9t\u00e9 et Soci\u00e9t\u00e9 Van, adapt\u00e9es aux usages utilitaires des artisans, des livreurs, des soci\u00e9t\u00e9s de service et des flottes sont \u00e9galement disponibles selon les pays.<\/p>\n\n\n\n<p>Le v\u00e9hicule est assembl\u00e9 dans le nord de la France \u00e0 la Manufacture de Maubeuge, son moteur \u00e0 Cl\u00e9on, son pack batterie \u00e0 Ruitz et sa batterie elle-m\u00eame a commenc\u00e9 \u00e0 \u00eatre produite \u00e0 la Gigafactory de Douai.<\/p>\n\n\n\n<p><strong>Renault 4 E-Tech electric en bonne compagnie<\/strong><br>En plus de Renault 4 E-Tech electric, la liste des sept finalistes pour le prix de voiture de l\u2019ann\u00e9e 2026 int\u00e8gre Citro\u00ebn C5 Aircross, Dacia Bigster, Fiat Grande Panda, Kia EV4, Mercedes-Benz CLA and Skoda Elroq. Une concurrence de tr\u00e8s haut niveau qui d\u00e9montre \u00e0 quel point Renault 4 E-Tech electric est hautement consid\u00e9r\u00e9e sur le march\u00e9.<\/p>\n\n\n\n<p>Depuis plus de douze ans, Renault s\u2019attache \u00e0 d\u00e9mocratiser et rendre accessible la mobilit\u00e9 \u00e9lectrique. Apr\u00e8s avoir commercialis\u00e9 Megane E-Tech electric et Scenic E-Tech electric sur le segment C, la marque a \u00e9largi son offre sur le segment B avec Renault 5 E-Tech electric en 2024, puis Renault 4 E-Tech electric en 2025. Elle s\u2019appr\u00eate \u00e0 d\u00e9voiler Twingo E-Tech electric, citadine du segment A pens\u00e9 pour un usage urbain sans compromis.<\/p>\n","protected":false},"excerpt":{"rendered":"<p>Renault 4 E-Tech electric fait partie de la liste des sept finalistes du troph\u00e9e de voiture de l\u2019ann\u00e9e 2026 d\u00e9cern\u00e9 par le jury europ\u00e9en \u00abThe Car of the Year\u00bb.<br \/>\nC\u2019est la cinqui\u00e8me ann\u00e9e cons\u00e9cutive qu\u2019un mod\u00e8le de la marque Renault acc\u00e8de en finale du plus prestigieux des prix europ\u00e9ens, dont Sc\u00e9nic E-Tech electric (2024) et Renault 5 E-Tech electric (2025) sont les derniers laur\u00e9ats.<br \/>\nV\u00e9hicule \u00e9lectrique compact le plus polyvalent de sa cat\u00e9gorie, Renault 4 E-Tech electric se distingue \u00e9galement par son volume int\u00e9rieur, son confort et un maximum de technologies utiles.<\/p>\n","protected":false},"author":1,"featured_media":46956,"comment_status":"closed","ping_status":"open","sticky":false,"template":"","format":"standard","meta":{"_acf_changed":false,"footnotes":""},"categories":[18,104],"tags":[],"class_list":["post-46955","post","type-post","status-publish","format-standard","has-post-thumbnail","hentry","category-a-la-une","category-actualite-renault"],"acf":[],"yoast_head":"<!-- This site is optimized with the Yoast SEO plugin v27.5 - https:\/\/yoast.com\/product\/yoast-seo-wordpress\/ -->\n<title>Renault 4 E-Tech electric parmi les sept finalistes de la voiture de l&#039;ann\u00e9e 2026 - RRG Suisse<\/title>\n<meta name=\"robots\" content=\"index, follow, max-snippet:-1, max-image-preview:large, max-video-preview:-1\" \/>\n<link rel=\"canonical\" href=\"https:\/\/rrgsuisse.ch\/fr\/renault-4-e-tech-electric-parmi-les-sept-finalistes-de-la-voiture-de-lannee-2026\" \/>\n<meta property=\"og:locale\" content=\"fr_FR\" \/>\n<meta property=\"og:type\" content=\"article\" \/>\n<meta property=\"og:title\" content=\"Renault 4 E-Tech electric parmi les sept finalistes de la voiture de l&#039;ann\u00e9e 2026 - RRG Suisse\" \/>\n<meta property=\"og:description\" content=\"Renault 4 E-Tech electric fait partie de la liste des sept finalistes du troph\u00e9e de voiture de l\u2019ann\u00e9e 2026 d\u00e9cern\u00e9 par le jury europ\u00e9en \u00abThe Car of the Year\u00bb. C\u2019est la cinqui\u00e8me ann\u00e9e cons\u00e9cutive qu\u2019un mod\u00e8le de la marque Renault acc\u00e8de en finale du plus prestigieux des prix europ\u00e9ens, dont Sc\u00e9nic E-Tech electric (2024) et Renault 5 E-Tech electric (2025) sont les derniers laur\u00e9ats. V\u00e9hicule \u00e9lectrique compact le plus polyvalent de sa cat\u00e9gorie, Renault 4 E-Tech electric se distingue \u00e9galement par son volume int\u00e9rieur, son confort et un maximum de technologies utiles.\" \/>\n<meta property=\"og:url\" content=\"https:\/\/rrgsuisse.ch\/fr\/renault-4-e-tech-electric-parmi-les-sept-finalistes-de-la-voiture-de-lannee-2026\" \/>\n<meta property=\"og:site_name\" content=\"RRG Suisse\" \/>\n<meta property=\"article:published_time\" content=\"2025-11-10T12:42:59+00:00\" \/>\n<meta property=\"article:modified_time\" content=\"2025-11-10T12:43:04+00:00\" \/>\n<meta property=\"og:image\" content=\"https:\/\/rrgsuisse.ch\/wp-content\/uploads\/2025\/11\/COM_PRESSE_R4_2560x1440_02-scaled.jpg\" \/>\n\t<meta property=\"og:image:width\" content=\"2560\" \/>\n\t<meta property=\"og:image:height\" content=\"1440\" \/>\n\t<meta property=\"og:image:type\" content=\"image\/jpeg\" \/>\n<meta name=\"author\" content=\"rrgsuisse\" \/>\n<meta name=\"twitter:card\" content=\"summary_large_image\" \/>\n<meta name=\"twitter:label1\" content=\"Written by\" \/>\n\t<meta name=\"twitter:data1\" content=\"rrgsuisse\" \/>\n\t<meta name=\"twitter:label2\" content=\"Est. reading time\" \/>\n\t<meta name=\"twitter:data2\" content=\"5 minutes\" \/>\n<script type=\"application\/ld+json\" class=\"yoast-schema-graph\">{\"@context\":\"https:\\\/\\\/schema.org\",\"@graph\":[{\"@type\":\"Article\",\"@id\":\"https:\\\/\\\/rrgsuisse.ch\\\/fr\\\/renault-4-e-tech-electric-parmi-les-sept-finalistes-de-la-voiture-de-lannee-2026#article\",\"isPartOf\":{\"@id\":\"https:\\\/\\\/rrgsuisse.ch\\\/fr\\\/renault-4-e-tech-electric-parmi-les-sept-finalistes-de-la-voiture-de-lannee-2026\"},\"author\":{\"name\":\"rrgsuisse\",\"@id\":\"https:\\\/\\\/rrgsuisse.ch\\\/fr\\\/#\\\/schema\\\/person\\\/3fb0fceb9f1a5bcb4c674661a09ea4f7\"},\"headline\":\"Renault 4 E-Tech electric parmi les sept finalistes de la voiture de l&#8217;ann\u00e9e 2026\",\"datePublished\":\"2025-11-10T12:42:59+00:00\",\"dateModified\":\"2025-11-10T12:43:04+00:00\",\"mainEntityOfPage\":{\"@id\":\"https:\\\/\\\/rrgsuisse.ch\\\/fr\\\/renault-4-e-tech-electric-parmi-les-sept-finalistes-de-la-voiture-de-lannee-2026\"},\"wordCount\":768,\"image\":{\"@id\":\"https:\\\/\\\/rrgsuisse.ch\\\/fr\\\/renault-4-e-tech-electric-parmi-les-sept-finalistes-de-la-voiture-de-lannee-2026#primaryimage\"},\"thumbnailUrl\":\"https:\\\/\\\/rrgsuisse.ch\\\/wp-content\\\/uploads\\\/2025\\\/11\\\/COM_PRESSE_R4_2560x1440_02-scaled.jpg\",\"articleSection\":[\"A la une\",\"Actualit\u00e9 Renault\"],\"inLanguage\":\"fr-CH\"},{\"@type\":\"WebPage\",\"@id\":\"https:\\\/\\\/rrgsuisse.ch\\\/fr\\\/renault-4-e-tech-electric-parmi-les-sept-finalistes-de-la-voiture-de-lannee-2026\",\"url\":\"https:\\\/\\\/rrgsuisse.ch\\\/fr\\\/renault-4-e-tech-electric-parmi-les-sept-finalistes-de-la-voiture-de-lannee-2026\",\"name\":\"Renault 4 E-Tech electric parmi les sept finalistes de la voiture de l'ann\u00e9e 2026 - RRG Suisse\",\"isPartOf\":{\"@id\":\"https:\\\/\\\/rrgsuisse.ch\\\/fr\\\/#website\"},\"primaryImageOfPage\":{\"@id\":\"https:\\\/\\\/rrgsuisse.ch\\\/fr\\\/renault-4-e-tech-electric-parmi-les-sept-finalistes-de-la-voiture-de-lannee-2026#primaryimage\"},\"image\":{\"@id\":\"https:\\\/\\\/rrgsuisse.ch\\\/fr\\\/renault-4-e-tech-electric-parmi-les-sept-finalistes-de-la-voiture-de-lannee-2026#primaryimage\"},\"thumbnailUrl\":\"https:\\\/\\\/rrgsuisse.ch\\\/wp-content\\\/uploads\\\/2025\\\/11\\\/COM_PRESSE_R4_2560x1440_02-scaled.jpg\",\"datePublished\":\"2025-11-10T12:42:59+00:00\",\"dateModified\":\"2025-11-10T12:43:04+00:00\",\"author\":{\"@id\":\"https:\\\/\\\/rrgsuisse.ch\\\/fr\\\/#\\\/schema\\\/person\\\/3fb0fceb9f1a5bcb4c674661a09ea4f7\"},\"breadcrumb\":{\"@id\":\"https:\\\/\\\/rrgsuisse.ch\\\/fr\\\/renault-4-e-tech-electric-parmi-les-sept-finalistes-de-la-voiture-de-lannee-2026#breadcrumb\"},\"inLanguage\":\"fr-CH\",\"potentialAction\":[{\"@type\":\"ReadAction\",\"target\":[\"https:\\\/\\\/rrgsuisse.ch\\\/fr\\\/renault-4-e-tech-electric-parmi-les-sept-finalistes-de-la-voiture-de-lannee-2026\"]}]},{\"@type\":\"ImageObject\",\"inLanguage\":\"fr-CH\",\"@id\":\"https:\\\/\\\/rrgsuisse.ch\\\/fr\\\/renault-4-e-tech-electric-parmi-les-sept-finalistes-de-la-voiture-de-lannee-2026#primaryimage\",\"url\":\"https:\\\/\\\/rrgsuisse.ch\\\/wp-content\\\/uploads\\\/2025\\\/11\\\/COM_PRESSE_R4_2560x1440_02-scaled.jpg\",\"contentUrl\":\"https:\\\/\\\/rrgsuisse.ch\\\/wp-content\\\/uploads\\\/2025\\\/11\\\/COM_PRESSE_R4_2560x1440_02-scaled.jpg\",\"width\":2560,\"height\":1440},{\"@type\":\"BreadcrumbList\",\"@id\":\"https:\\\/\\\/rrgsuisse.ch\\\/fr\\\/renault-4-e-tech-electric-parmi-les-sept-finalistes-de-la-voiture-de-lannee-2026#breadcrumb\",\"itemListElement\":[{\"@type\":\"ListItem\",\"position\":1,\"name\":\"Home\",\"item\":\"https:\\\/\\\/rrgsuisse.ch\\\/fr\"},{\"@type\":\"ListItem\",\"position\":2,\"name\":\"Renault 4 E-Tech electric parmi les sept finalistes de la voiture de l&#8217;ann\u00e9e 2026\"}]},{\"@type\":\"WebSite\",\"@id\":\"https:\\\/\\\/rrgsuisse.ch\\\/fr\\\/#website\",\"url\":\"https:\\\/\\\/rrgsuisse.ch\\\/fr\\\/\",\"name\":\"RRG Suisse\",\"description\":\"Retail Renault Group - Revendeur officiel Renault, Dacia, Nissan\",\"potentialAction\":[{\"@type\":\"SearchAction\",\"target\":{\"@type\":\"EntryPoint\",\"urlTemplate\":\"https:\\\/\\\/rrgsuisse.ch\\\/fr\\\/?s={search_term_string}\"},\"query-input\":{\"@type\":\"PropertyValueSpecification\",\"valueRequired\":true,\"valueName\":\"search_term_string\"}}],\"inLanguage\":\"fr-CH\"},{\"@type\":\"Person\",\"@id\":\"https:\\\/\\\/rrgsuisse.ch\\\/fr\\\/#\\\/schema\\\/person\\\/3fb0fceb9f1a5bcb4c674661a09ea4f7\",\"name\":\"rrgsuisse\",\"image\":{\"@type\":\"ImageObject\",\"inLanguage\":\"fr-CH\",\"@id\":\"https:\\\/\\\/secure.gravatar.com\\\/avatar\\\/5e8e0f3f10010a38feb43e707770c4c97735143a26d51396eb4f3ea6bb49ed57?s=96&d=mm&r=g\",\"url\":\"https:\\\/\\\/secure.gravatar.com\\\/avatar\\\/5e8e0f3f10010a38feb43e707770c4c97735143a26d51396eb4f3ea6bb49ed57?s=96&d=mm&r=g\",\"contentUrl\":\"https:\\\/\\\/secure.gravatar.com\\\/avatar\\\/5e8e0f3f10010a38feb43e707770c4c97735143a26d51396eb4f3ea6bb49ed57?s=96&d=mm&r=g\",\"caption\":\"rrgsuisse\"},\"sameAs\":[\"https:\\\/\\\/rrgsuisse.ch\"],\"url\":\"https:\\\/\\\/rrgsuisse.ch\\\/fr\\\/author\\\/rrgsuisse\"}]}<\/script>\n<!-- \/ Yoast SEO plugin. -->","yoast_head_json":{"title":"Renault 4 E-Tech electric parmi les sept finalistes de la voiture de l'ann\u00e9e 2026 - RRG Suisse","robots":{"index":"index","follow":"follow","max-snippet":"max-snippet:-1","max-image-preview":"max-image-preview:large","max-video-preview":"max-video-preview:-1"},"canonical":"https:\/\/rrgsuisse.ch\/fr\/renault-4-e-tech-electric-parmi-les-sept-finalistes-de-la-voiture-de-lannee-2026","og_locale":"fr_FR","og_type":"article","og_title":"Renault 4 E-Tech electric parmi les sept finalistes de la voiture de l'ann\u00e9e 2026 - RRG Suisse","og_description":"Renault 4 E-Tech electric fait partie de la liste des sept finalistes du troph\u00e9e de voiture de l\u2019ann\u00e9e 2026 d\u00e9cern\u00e9 par le jury europ\u00e9en \u00abThe Car of the Year\u00bb. C\u2019est la cinqui\u00e8me ann\u00e9e cons\u00e9cutive qu\u2019un mod\u00e8le de la marque Renault acc\u00e8de en finale du plus prestigieux des prix europ\u00e9ens, dont Sc\u00e9nic E-Tech electric (2024) et Renault 5 E-Tech electric (2025) sont les derniers laur\u00e9ats. V\u00e9hicule \u00e9lectrique compact le plus polyvalent de sa cat\u00e9gorie, Renault 4 E-Tech electric se distingue \u00e9galement par son volume int\u00e9rieur, son confort et un maximum de technologies utiles.","og_url":"https:\/\/rrgsuisse.ch\/fr\/renault-4-e-tech-electric-parmi-les-sept-finalistes-de-la-voiture-de-lannee-2026","og_site_name":"RRG Suisse","article_published_time":"2025-11-10T12:42:59+00:00","article_modified_time":"2025-11-10T12:43:04+00:00","og_image":[{"width":2560,"height":1440,"url":"https:\/\/rrgsuisse.ch\/wp-content\/uploads\/2025\/11\/COM_PRESSE_R4_2560x1440_02-scaled.jpg","type":"image\/jpeg"}],"author":"rrgsuisse","twitter_card":"summary_large_image","twitter_misc":{"Written by":"rrgsuisse","Est. reading time":"5 minutes"},"schema":{"@context":"https:\/\/schema.org","@graph":[{"@type":"Article","@id":"https:\/\/rrgsuisse.ch\/fr\/renault-4-e-tech-electric-parmi-les-sept-finalistes-de-la-voiture-de-lannee-2026#article","isPartOf":{"@id":"https:\/\/rrgsuisse.ch\/fr\/renault-4-e-tech-electric-parmi-les-sept-finalistes-de-la-voiture-de-lannee-2026"},"author":{"name":"rrgsuisse","@id":"https:\/\/rrgsuisse.ch\/fr\/#\/schema\/person\/3fb0fceb9f1a5bcb4c674661a09ea4f7"},"headline":"Renault 4 E-Tech electric parmi les sept finalistes de la voiture de l&#8217;ann\u00e9e 2026","datePublished":"2025-11-10T12:42:59+00:00","dateModified":"2025-11-10T12:43:04+00:00","mainEntityOfPage":{"@id":"https:\/\/rrgsuisse.ch\/fr\/renault-4-e-tech-electric-parmi-les-sept-finalistes-de-la-voiture-de-lannee-2026"},"wordCount":768,"image":{"@id":"https:\/\/rrgsuisse.ch\/fr\/renault-4-e-tech-electric-parmi-les-sept-finalistes-de-la-voiture-de-lannee-2026#primaryimage"},"thumbnailUrl":"https:\/\/rrgsuisse.ch\/wp-content\/uploads\/2025\/11\/COM_PRESSE_R4_2560x1440_02-scaled.jpg","articleSection":["A la une","Actualit\u00e9 Renault"],"inLanguage":"fr-CH"},{"@type":"WebPage","@id":"https:\/\/rrgsuisse.ch\/fr\/renault-4-e-tech-electric-parmi-les-sept-finalistes-de-la-voiture-de-lannee-2026","url":"https:\/\/rrgsuisse.ch\/fr\/renault-4-e-tech-electric-parmi-les-sept-finalistes-de-la-voiture-de-lannee-2026","name":"Renault 4 E-Tech electric parmi les sept finalistes de la voiture de l'ann\u00e9e 2026 - RRG Suisse","isPartOf":{"@id":"https:\/\/rrgsuisse.ch\/fr\/#website"},"primaryImageOfPage":{"@id":"https:\/\/rrgsuisse.ch\/fr\/renault-4-e-tech-electric-parmi-les-sept-finalistes-de-la-voiture-de-lannee-2026#primaryimage"},"image":{"@id":"https:\/\/rrgsuisse.ch\/fr\/renault-4-e-tech-electric-parmi-les-sept-finalistes-de-la-voiture-de-lannee-2026#primaryimage"},"thumbnailUrl":"https:\/\/rrgsuisse.ch\/wp-content\/uploads\/2025\/11\/COM_PRESSE_R4_2560x1440_02-scaled.jpg","datePublished":"2025-11-10T12:42:59+00:00","dateModified":"2025-11-10T12:43:04+00:00","author":{"@id":"https:\/\/rrgsuisse.ch\/fr\/#\/schema\/person\/3fb0fceb9f1a5bcb4c674661a09ea4f7"},"breadcrumb":{"@id":"https:\/\/rrgsuisse.ch\/fr\/renault-4-e-tech-electric-parmi-les-sept-finalistes-de-la-voiture-de-lannee-2026#breadcrumb"},"inLanguage":"fr-CH","potentialAction":[{"@type":"ReadAction","target":["https:\/\/rrgsuisse.ch\/fr\/renault-4-e-tech-electric-parmi-les-sept-finalistes-de-la-voiture-de-lannee-2026"]}]},{"@type":"ImageObject","inLanguage":"fr-CH","@id":"https:\/\/rrgsuisse.ch\/fr\/renault-4-e-tech-electric-parmi-les-sept-finalistes-de-la-voiture-de-lannee-2026#primaryimage","url":"https:\/\/rrgsuisse.ch\/wp-content\/uploads\/2025\/11\/COM_PRESSE_R4_2560x1440_02-scaled.jpg","contentUrl":"https:\/\/rrgsuisse.ch\/wp-content\/uploads\/2025\/11\/COM_PRESSE_R4_2560x1440_02-scaled.jpg","width":2560,"height":1440},{"@type":"BreadcrumbList","@id":"https:\/\/rrgsuisse.ch\/fr\/renault-4-e-tech-electric-parmi-les-sept-finalistes-de-la-voiture-de-lannee-2026#breadcrumb","itemListElement":[{"@type":"ListItem","position":1,"name":"Home","item":"https:\/\/rrgsuisse.ch\/fr"},{"@type":"ListItem","position":2,"name":"Renault 4 E-Tech electric parmi les sept finalistes de la voiture de l&#8217;ann\u00e9e 2026"}]},{"@type":"WebSite","@id":"https:\/\/rrgsuisse.ch\/fr\/#website","url":"https:\/\/rrgsuisse.ch\/fr\/","name":"RRG Suisse","description":"Retail Renault Group - Revendeur officiel Renault, Dacia, Nissan","potentialAction":[{"@type":"SearchAction","target":{"@type":"EntryPoint","urlTemplate":"https:\/\/rrgsuisse.ch\/fr\/?s={search_term_string}"},"query-input":{"@type":"PropertyValueSpecification","valueRequired":true,"valueName":"search_term_string"}}],"inLanguage":"fr-CH"},{"@type":"Person","@id":"https:\/\/rrgsuisse.ch\/fr\/#\/schema\/person\/3fb0fceb9f1a5bcb4c674661a09ea4f7","name":"rrgsuisse","image":{"@type":"ImageObject","inLanguage":"fr-CH","@id":"https:\/\/secure.gravatar.com\/avatar\/5e8e0f3f10010a38feb43e707770c4c97735143a26d51396eb4f3ea6bb49ed57?s=96&d=mm&r=g","url":"https:\/\/secure.gravatar.com\/avatar\/5e8e0f3f10010a38feb43e707770c4c97735143a26d51396eb4f3ea6bb49ed57?s=96&d=mm&r=g","contentUrl":"https:\/\/secure.gravatar.com\/avatar\/5e8e0f3f10010a38feb43e707770c4c97735143a26d51396eb4f3ea6bb49ed57?s=96&d=mm&r=g","caption":"rrgsuisse"},"sameAs":["https:\/\/rrgsuisse.ch"],"url":"https:\/\/rrgsuisse.ch\/fr\/author\/rrgsuisse"}]}},"wpml_current_locale":"fr_CH","wpml_translations":{"de_CH":{"locale":"de_CH","id":46961,"slug":"car-of-the-year-2026-renault-4-e-tech-electric-steht-im-finale","post_title":"\u201eCar of the Year 2026\u201c: Renault 4 E-Tech electric steht im Finale","href":"https:\/\/rrgsuisse.ch\/de\/car-of-the-year-2026-renault-4-e-tech-electric-steht-im-finale"}},"_links":{"self":[{"href":"https:\/\/rrgsuisse.ch\/fr\/wp-json\/wp\/v2\/posts\/46955","targetHints":{"allow":["GET"]}}],"collection":[{"href":"https:\/\/rrgsuisse.ch\/fr\/wp-json\/wp\/v2\/posts"}],"about":[{"href":"https:\/\/rrgsuisse.ch\/fr\/wp-json\/wp\/v2\/types\/post"}],"author":[{"embeddable":true,"href":"https:\/\/rrgsuisse.ch\/fr\/wp-json\/wp\/v2\/users\/1"}],"replies":[{"embeddable":true,"href":"https:\/\/rrgsuisse.ch\/fr\/wp-json\/wp\/v2\/comments?post=46955"}],"version-history":[{"count":1,"href":"https:\/\/rrgsuisse.ch\/fr\/wp-json\/wp\/v2\/posts\/46955\/revisions"}],"predecessor-version":[{"id":46960,"href":"https:\/\/rrgsuisse.ch\/fr\/wp-json\/wp\/v2\/posts\/46955\/revisions\/46960"}],"wp:featuredmedia":[{"embeddable":true,"href":"https:\/\/rrgsuisse.ch\/fr\/wp-json\/wp\/v2\/media\/46956"}],"wp:attachment":[{"href":"https:\/\/rrgsuisse.ch\/fr\/wp-json\/wp\/v2\/media?parent=46955"}],"wp:term":[{"taxonomy":"category","embeddable":true,"href":"https:\/\/rrgsuisse.ch\/fr\/wp-json\/wp\/v2\/categories?post=46955"},{"taxonomy":"post_tag","embeddable":true,"href":"https:\/\/rrgsuisse.ch\/fr\/wp-json\/wp\/v2\/tags?post=46955"}],"curies":[{"name":"wp","href":"https:\/\/api.w.org\/{rel}","templated":true}]}}