{"id":46967,"date":"2025-11-13T09:06:42","date_gmt":"2025-11-13T08:06:42","guid":{"rendered":"https:\/\/rrgsuisse.ch\/?p=46967"},"modified":"2025-11-13T09:06:46","modified_gmt":"2025-11-13T08:06:46","slug":"nouvelle-renault-clio-ouverture-des-commandes-en-suisse","status":"publish","type":"post","link":"https:\/\/rrgsuisse.ch\/fr\/nouvelle-renault-clio-ouverture-des-commandes-en-suisse","title":{"rendered":"Nouvelle Renault Clio: ouverture des commandes en Suisse"},"content":{"rendered":"\n<ul class=\"wp-block-list\">\n<li>Avec cette sixi\u00e8me g\u00e9n\u00e9ration, Renault renforce la position de Clio en tant que berline polyvalente.<\/li>\n\n\n\n<li>Nouvelle Renault Clio est survitamin\u00e9e gr\u00e2ce \u00e0 son style fort, sa motorisation full hybrid E-Tech 160 chevaux et ses \u00e9quipements comme OpenR Link avec Google int\u00e9gr\u00e9.<\/li>\n\n\n\n<li>Elle offre des prestations et \u00e9quipements habituellement disponibles sur les segments sup\u00e9rieurs.<\/li>\n\n\n\n<li>Nouvelle Clio propose plusieurs types de motorisations efficientes qui r\u00e9pondent aux usages des clients, particuliers comme entreprises<\/li>\n\n\n\n<li>Sa gamme, simple et plus lisible, s\u2019adapte \u00e0 tous les clients avec trois niveaux de finition : evolution, techno et esprit Alpine.<\/li>\n\n\n\n<li>Ouverture des commandes \u00e0 partir du 17 octobre et premi\u00e8res livraisons clients d\u00e9but d\u2019ann\u00e9e 2026.<\/li>\n<\/ul>\n\n\n\n<p><\/p>\n","protected":false},"excerpt":{"rendered":"","protected":false},"author":1,"featured_media":46968,"comment_status":"closed","ping_status":"open","sticky":false,"template":"","format":"standard","meta":{"_acf_changed":false,"footnotes":""},"categories":[18,104],"tags":[],"class_list":["post-46967","post","type-post","status-publish","format-standard","has-post-thumbnail","hentry","category-a-la-une","category-actualite-renault"],"acf":[],"yoast_head":"<!-- This site is optimized with the Yoast SEO plugin v27.5 - https:\/\/yoast.com\/product\/yoast-seo-wordpress\/ -->\n<title>Nouvelle Renault Clio: ouverture des commandes en Suisse - RRG Suisse<\/title>\n<meta name=\"robots\" content=\"index, follow, max-snippet:-1, max-image-preview:large, max-video-preview:-1\" \/>\n<link rel=\"canonical\" href=\"https:\/\/rrgsuisse.ch\/fr\/nouvelle-renault-clio-ouverture-des-commandes-en-suisse\" \/>\n<meta property=\"og:locale\" content=\"fr_FR\" \/>\n<meta property=\"og:type\" content=\"article\" \/>\n<meta property=\"og:title\" content=\"Nouvelle Renault Clio: ouverture des commandes en Suisse - RRG Suisse\" \/>\n<meta property=\"og:url\" content=\"https:\/\/rrgsuisse.ch\/fr\/nouvelle-renault-clio-ouverture-des-commandes-en-suisse\" \/>\n<meta property=\"og:site_name\" content=\"RRG Suisse\" \/>\n<meta property=\"article:published_time\" content=\"2025-11-13T08:06:42+00:00\" \/>\n<meta property=\"article:modified_time\" content=\"2025-11-13T08:06:46+00:00\" \/>\n<meta property=\"og:image\" content=\"https:\/\/rrgsuisse.ch\/wp-content\/uploads\/2025\/11\/R-DAM_1694616-_1_-scaled.webp\" \/>\n\t<meta property=\"og:image:width\" content=\"2560\" \/>\n\t<meta property=\"og:image:height\" content=\"1440\" \/>\n\t<meta property=\"og:image:type\" content=\"image\/webp\" \/>\n<meta name=\"author\" content=\"rrgsuisse\" \/>\n<meta name=\"twitter:card\" content=\"summary_large_image\" \/>\n<meta name=\"twitter:label1\" content=\"Written by\" \/>\n\t<meta name=\"twitter:data1\" content=\"rrgsuisse\" \/>\n\t<meta name=\"twitter:label2\" content=\"Est. reading time\" \/>\n\t<meta name=\"twitter:data2\" content=\"1 minute\" \/>\n<script type=\"application\/ld+json\" class=\"yoast-schema-graph\">{\"@context\":\"https:\\\/\\\/schema.org\",\"@graph\":[{\"@type\":\"Article\",\"@id\":\"https:\\\/\\\/rrgsuisse.ch\\\/fr\\\/nouvelle-renault-clio-ouverture-des-commandes-en-suisse#article\",\"isPartOf\":{\"@id\":\"https:\\\/\\\/rrgsuisse.ch\\\/fr\\\/nouvelle-renault-clio-ouverture-des-commandes-en-suisse\"},\"author\":{\"name\":\"rrgsuisse\",\"@id\":\"https:\\\/\\\/rrgsuisse.ch\\\/fr\\\/#\\\/schema\\\/person\\\/3fb0fceb9f1a5bcb4c674661a09ea4f7\"},\"headline\":\"Nouvelle Renault Clio: ouverture des commandes en Suisse\",\"datePublished\":\"2025-11-13T08:06:42+00:00\",\"dateModified\":\"2025-11-13T08:06:46+00:00\",\"mainEntityOfPage\":{\"@id\":\"https:\\\/\\\/rrgsuisse.ch\\\/fr\\\/nouvelle-renault-clio-ouverture-des-commandes-en-suisse\"},\"wordCount\":121,\"image\":{\"@id\":\"https:\\\/\\\/rrgsuisse.ch\\\/fr\\\/nouvelle-renault-clio-ouverture-des-commandes-en-suisse#primaryimage\"},\"thumbnailUrl\":\"https:\\\/\\\/rrgsuisse.ch\\\/wp-content\\\/uploads\\\/2025\\\/11\\\/R-DAM_1694616-_1_-scaled.webp\",\"articleSection\":[\"A la une\",\"Actualit\u00e9 Renault\"],\"inLanguage\":\"fr-CH\"},{\"@type\":\"WebPage\",\"@id\":\"https:\\\/\\\/rrgsuisse.ch\\\/fr\\\/nouvelle-renault-clio-ouverture-des-commandes-en-suisse\",\"url\":\"https:\\\/\\\/rrgsuisse.ch\\\/fr\\\/nouvelle-renault-clio-ouverture-des-commandes-en-suisse\",\"name\":\"Nouvelle Renault Clio: ouverture des commandes en Suisse - RRG Suisse\",\"isPartOf\":{\"@id\":\"https:\\\/\\\/rrgsuisse.ch\\\/fr\\\/#website\"},\"primaryImageOfPage\":{\"@id\":\"https:\\\/\\\/rrgsuisse.ch\\\/fr\\\/nouvelle-renault-clio-ouverture-des-commandes-en-suisse#primaryimage\"},\"image\":{\"@id\":\"https:\\\/\\\/rrgsuisse.ch\\\/fr\\\/nouvelle-renault-clio-ouverture-des-commandes-en-suisse#primaryimage\"},\"thumbnailUrl\":\"https:\\\/\\\/rrgsuisse.ch\\\/wp-content\\\/uploads\\\/2025\\\/11\\\/R-DAM_1694616-_1_-scaled.webp\",\"datePublished\":\"2025-11-13T08:06:42+00:00\",\"dateModified\":\"2025-11-13T08:06:46+00:00\",\"author\":{\"@id\":\"https:\\\/\\\/rrgsuisse.ch\\\/fr\\\/#\\\/schema\\\/person\\\/3fb0fceb9f1a5bcb4c674661a09ea4f7\"},\"breadcrumb\":{\"@id\":\"https:\\\/\\\/rrgsuisse.ch\\\/fr\\\/nouvelle-renault-clio-ouverture-des-commandes-en-suisse#breadcrumb\"},\"inLanguage\":\"fr-CH\",\"potentialAction\":[{\"@type\":\"ReadAction\",\"target\":[\"https:\\\/\\\/rrgsuisse.ch\\\/fr\\\/nouvelle-renault-clio-ouverture-des-commandes-en-suisse\"]}]},{\"@type\":\"ImageObject\",\"inLanguage\":\"fr-CH\",\"@id\":\"https:\\\/\\\/rrgsuisse.ch\\\/fr\\\/nouvelle-renault-clio-ouverture-des-commandes-en-suisse#primaryimage\",\"url\":\"https:\\\/\\\/rrgsuisse.ch\\\/wp-content\\\/uploads\\\/2025\\\/11\\\/R-DAM_1694616-_1_-scaled.webp\",\"contentUrl\":\"https:\\\/\\\/rrgsuisse.ch\\\/wp-content\\\/uploads\\\/2025\\\/11\\\/R-DAM_1694616-_1_-scaled.webp\",\"width\":2560,\"height\":1440},{\"@type\":\"BreadcrumbList\",\"@id\":\"https:\\\/\\\/rrgsuisse.ch\\\/fr\\\/nouvelle-renault-clio-ouverture-des-commandes-en-suisse#breadcrumb\",\"itemListElement\":[{\"@type\":\"ListItem\",\"position\":1,\"name\":\"Home\",\"item\":\"https:\\\/\\\/rrgsuisse.ch\\\/fr\"},{\"@type\":\"ListItem\",\"position\":2,\"name\":\"Nouvelle Renault Clio: ouverture des commandes en Suisse\"}]},{\"@type\":\"WebSite\",\"@id\":\"https:\\\/\\\/rrgsuisse.ch\\\/fr\\\/#website\",\"url\":\"https:\\\/\\\/rrgsuisse.ch\\\/fr\\\/\",\"name\":\"RRG Suisse\",\"description\":\"Retail Renault Group - Revendeur officiel Renault, Dacia, Nissan\",\"potentialAction\":[{\"@type\":\"SearchAction\",\"target\":{\"@type\":\"EntryPoint\",\"urlTemplate\":\"https:\\\/\\\/rrgsuisse.ch\\\/fr\\\/?s={search_term_string}\"},\"query-input\":{\"@type\":\"PropertyValueSpecification\",\"valueRequired\":true,\"valueName\":\"search_term_string\"}}],\"inLanguage\":\"fr-CH\"},{\"@type\":\"Person\",\"@id\":\"https:\\\/\\\/rrgsuisse.ch\\\/fr\\\/#\\\/schema\\\/person\\\/3fb0fceb9f1a5bcb4c674661a09ea4f7\",\"name\":\"rrgsuisse\",\"image\":{\"@type\":\"ImageObject\",\"inLanguage\":\"fr-CH\",\"@id\":\"https:\\\/\\\/secure.gravatar.com\\\/avatar\\\/5e8e0f3f10010a38feb43e707770c4c97735143a26d51396eb4f3ea6bb49ed57?s=96&d=mm&r=g\",\"url\":\"https:\\\/\\\/secure.gravatar.com\\\/avatar\\\/5e8e0f3f10010a38feb43e707770c4c97735143a26d51396eb4f3ea6bb49ed57?s=96&d=mm&r=g\",\"contentUrl\":\"https:\\\/\\\/secure.gravatar.com\\\/avatar\\\/5e8e0f3f10010a38feb43e707770c4c97735143a26d51396eb4f3ea6bb49ed57?s=96&d=mm&r=g\",\"caption\":\"rrgsuisse\"},\"sameAs\":[\"https:\\\/\\\/rrgsuisse.ch\"],\"url\":\"https:\\\/\\\/rrgsuisse.ch\\\/fr\\\/author\\\/rrgsuisse\"}]}<\/script>\n<!-- \/ Yoast SEO plugin. -->","yoast_head_json":{"title":"Nouvelle Renault Clio: ouverture des commandes en Suisse - RRG Suisse","robots":{"index":"index","follow":"follow","max-snippet":"max-snippet:-1","max-image-preview":"max-image-preview:large","max-video-preview":"max-video-preview:-1"},"canonical":"https:\/\/rrgsuisse.ch\/fr\/nouvelle-renault-clio-ouverture-des-commandes-en-suisse","og_locale":"fr_FR","og_type":"article","og_title":"Nouvelle Renault Clio: ouverture des commandes en Suisse - RRG Suisse","og_url":"https:\/\/rrgsuisse.ch\/fr\/nouvelle-renault-clio-ouverture-des-commandes-en-suisse","og_site_name":"RRG Suisse","article_published_time":"2025-11-13T08:06:42+00:00","article_modified_time":"2025-11-13T08:06:46+00:00","og_image":[{"width":2560,"height":1440,"url":"https:\/\/rrgsuisse.ch\/wp-content\/uploads\/2025\/11\/R-DAM_1694616-_1_-scaled.webp","type":"image\/webp"}],"author":"rrgsuisse","twitter_card":"summary_large_image","twitter_misc":{"Written by":"rrgsuisse","Est. reading time":"1 minute"},"schema":{"@context":"https:\/\/schema.org","@graph":[{"@type":"Article","@id":"https:\/\/rrgsuisse.ch\/fr\/nouvelle-renault-clio-ouverture-des-commandes-en-suisse#article","isPartOf":{"@id":"https:\/\/rrgsuisse.ch\/fr\/nouvelle-renault-clio-ouverture-des-commandes-en-suisse"},"author":{"name":"rrgsuisse","@id":"https:\/\/rrgsuisse.ch\/fr\/#\/schema\/person\/3fb0fceb9f1a5bcb4c674661a09ea4f7"},"headline":"Nouvelle Renault Clio: ouverture des commandes en Suisse","datePublished":"2025-11-13T08:06:42+00:00","dateModified":"2025-11-13T08:06:46+00:00","mainEntityOfPage":{"@id":"https:\/\/rrgsuisse.ch\/fr\/nouvelle-renault-clio-ouverture-des-commandes-en-suisse"},"wordCount":121,"image":{"@id":"https:\/\/rrgsuisse.ch\/fr\/nouvelle-renault-clio-ouverture-des-commandes-en-suisse#primaryimage"},"thumbnailUrl":"https:\/\/rrgsuisse.ch\/wp-content\/uploads\/2025\/11\/R-DAM_1694616-_1_-scaled.webp","articleSection":["A la une","Actualit\u00e9 Renault"],"inLanguage":"fr-CH"},{"@type":"WebPage","@id":"https:\/\/rrgsuisse.ch\/fr\/nouvelle-renault-clio-ouverture-des-commandes-en-suisse","url":"https:\/\/rrgsuisse.ch\/fr\/nouvelle-renault-clio-ouverture-des-commandes-en-suisse","name":"Nouvelle Renault Clio: ouverture des commandes en Suisse - RRG Suisse","isPartOf":{"@id":"https:\/\/rrgsuisse.ch\/fr\/#website"},"primaryImageOfPage":{"@id":"https:\/\/rrgsuisse.ch\/fr\/nouvelle-renault-clio-ouverture-des-commandes-en-suisse#primaryimage"},"image":{"@id":"https:\/\/rrgsuisse.ch\/fr\/nouvelle-renault-clio-ouverture-des-commandes-en-suisse#primaryimage"},"thumbnailUrl":"https:\/\/rrgsuisse.ch\/wp-content\/uploads\/2025\/11\/R-DAM_1694616-_1_-scaled.webp","datePublished":"2025-11-13T08:06:42+00:00","dateModified":"2025-11-13T08:06:46+00:00","author":{"@id":"https:\/\/rrgsuisse.ch\/fr\/#\/schema\/person\/3fb0fceb9f1a5bcb4c674661a09ea4f7"},"breadcrumb":{"@id":"https:\/\/rrgsuisse.ch\/fr\/nouvelle-renault-clio-ouverture-des-commandes-en-suisse#breadcrumb"},"inLanguage":"fr-CH","potentialAction":[{"@type":"ReadAction","target":["https:\/\/rrgsuisse.ch\/fr\/nouvelle-renault-clio-ouverture-des-commandes-en-suisse"]}]},{"@type":"ImageObject","inLanguage":"fr-CH","@id":"https:\/\/rrgsuisse.ch\/fr\/nouvelle-renault-clio-ouverture-des-commandes-en-suisse#primaryimage","url":"https:\/\/rrgsuisse.ch\/wp-content\/uploads\/2025\/11\/R-DAM_1694616-_1_-scaled.webp","contentUrl":"https:\/\/rrgsuisse.ch\/wp-content\/uploads\/2025\/11\/R-DAM_1694616-_1_-scaled.webp","width":2560,"height":1440},{"@type":"BreadcrumbList","@id":"https:\/\/rrgsuisse.ch\/fr\/nouvelle-renault-clio-ouverture-des-commandes-en-suisse#breadcrumb","itemListElement":[{"@type":"ListItem","position":1,"name":"Home","item":"https:\/\/rrgsuisse.ch\/fr"},{"@type":"ListItem","position":2,"name":"Nouvelle Renault Clio: ouverture des commandes en Suisse"}]},{"@type":"WebSite","@id":"https:\/\/rrgsuisse.ch\/fr\/#website","url":"https:\/\/rrgsuisse.ch\/fr\/","name":"RRG Suisse","description":"Retail Renault Group - Revendeur officiel Renault, Dacia, Nissan","potentialAction":[{"@type":"SearchAction","target":{"@type":"EntryPoint","urlTemplate":"https:\/\/rrgsuisse.ch\/fr\/?s={search_term_string}"},"query-input":{"@type":"PropertyValueSpecification","valueRequired":true,"valueName":"search_term_string"}}],"inLanguage":"fr-CH"},{"@type":"Person","@id":"https:\/\/rrgsuisse.ch\/fr\/#\/schema\/person\/3fb0fceb9f1a5bcb4c674661a09ea4f7","name":"rrgsuisse","image":{"@type":"ImageObject","inLanguage":"fr-CH","@id":"https:\/\/secure.gravatar.com\/avatar\/5e8e0f3f10010a38feb43e707770c4c97735143a26d51396eb4f3ea6bb49ed57?s=96&d=mm&r=g","url":"https:\/\/secure.gravatar.com\/avatar\/5e8e0f3f10010a38feb43e707770c4c97735143a26d51396eb4f3ea6bb49ed57?s=96&d=mm&r=g","contentUrl":"https:\/\/secure.gravatar.com\/avatar\/5e8e0f3f10010a38feb43e707770c4c97735143a26d51396eb4f3ea6bb49ed57?s=96&d=mm&r=g","caption":"rrgsuisse"},"sameAs":["https:\/\/rrgsuisse.ch"],"url":"https:\/\/rrgsuisse.ch\/fr\/author\/rrgsuisse"}]}},"wpml_current_locale":"fr_CH","wpml_translations":{"de_CH":{"locale":"de_CH","id":46971,"slug":"neue-renault-clio-bestellstart-in-der-schweiz","post_title":"Neue Renault Clio: Bestellstart in der Schweiz","href":"https:\/\/rrgsuisse.ch\/de\/neue-renault-clio-bestellstart-in-der-schweiz"}},"_links":{"self":[{"href":"https:\/\/rrgsuisse.ch\/fr\/wp-json\/wp\/v2\/posts\/46967","targetHints":{"allow":["GET"]}}],"collection":[{"href":"https:\/\/rrgsuisse.ch\/fr\/wp-json\/wp\/v2\/posts"}],"about":[{"href":"https:\/\/rrgsuisse.ch\/fr\/wp-json\/wp\/v2\/types\/post"}],"author":[{"embeddable":true,"href":"https:\/\/rrgsuisse.ch\/fr\/wp-json\/wp\/v2\/users\/1"}],"replies":[{"embeddable":true,"href":"https:\/\/rrgsuisse.ch\/fr\/wp-json\/wp\/v2\/comments?post=46967"}],"version-history":[{"count":1,"href":"https:\/\/rrgsuisse.ch\/fr\/wp-json\/wp\/v2\/posts\/46967\/revisions"}],"predecessor-version":[{"id":46970,"href":"https:\/\/rrgsuisse.ch\/fr\/wp-json\/wp\/v2\/posts\/46967\/revisions\/46970"}],"wp:featuredmedia":[{"embeddable":true,"href":"https:\/\/rrgsuisse.ch\/fr\/wp-json\/wp\/v2\/media\/46968"}],"wp:attachment":[{"href":"https:\/\/rrgsuisse.ch\/fr\/wp-json\/wp\/v2\/media?parent=46967"}],"wp:term":[{"taxonomy":"category","embeddable":true,"href":"https:\/\/rrgsuisse.ch\/fr\/wp-json\/wp\/v2\/categories?post=46967"},{"taxonomy":"post_tag","embeddable":true,"href":"https:\/\/rrgsuisse.ch\/fr\/wp-json\/wp\/v2\/tags?post=46967"}],"curies":[{"name":"wp","href":"https:\/\/api.w.org\/{rel}","templated":true}]}}