{"id":47102,"date":"2025-11-25T15:32:33","date_gmt":"2025-11-25T14:32:33","guid":{"rendered":"https:\/\/rrgsuisse.ch\/?p=47102"},"modified":"2025-11-25T15:32:38","modified_gmt":"2025-11-25T14:32:38","slug":"alpine-ouvre-son-atelier-de-personnalisation-sur-a290-avec-des-livrees-exclusives","status":"publish","type":"post","link":"https:\/\/rrgsuisse.ch\/fr\/alpine-ouvre-son-atelier-de-personnalisation-sur-a290-avec-des-livrees-exclusives","title":{"rendered":"Alpine ouvre son Atelier de personnalisation sur A290 avec des livr\u00e9es exclusives"},"content":{"rendered":"\n<p><strong>ALPINE D\u00c9VOILE AUJOURD\u2019HUI DE NOUVELLES OFFRES DE PERSONNALISATION POUR SON MOD\u00c8LE SPORTIF COMPACT A290<\/strong><br>Un an apr\u00e8s l\u2019arriv\u00e9e des premiers exemplaires dans les Alpine stores, la marque r\u00e9pond \u00e0 une demande croissante de clients d\u00e9sireux d\u2019adapter le style de leur A290. L\u2019Atelier Alpine offre d\u00e9sormais la possibilit\u00e9 d\u2019exprimer pleinement sa personnalit\u00e9 \u00e0 travers des options de personnalisation exclusives.<\/p>\n\n\n\n<p>Ce lancement s\u2019inscrit dans la continuit\u00e9 de la d\u00e9marche initi\u00e9e avec l\u2019A110 et fait \u00e9cho aux attentes exprim\u00e9es par les clients. S\u2019appuyant sur le savoir-faire de ses designers, Alpine a con\u00e7u une nouvelle gamme de livr\u00e9es appel\u00e9e \u00e0 s\u2019enrichir au fil du temps.<\/p>\n\n\n\n<figure class=\"wp-block-image size-large\"><img fetchpriority=\"high\" decoding=\"async\" width=\"1024\" height=\"576\" src=\"https:\/\/rrgsuisse.ch\/wp-content\/uploads\/2025\/11\/R-DAM_1710804-1024x576.jpg\" alt=\"\" class=\"wp-image-47115\" srcset=\"https:\/\/rrgsuisse.ch\/wp-content\/uploads\/2025\/11\/R-DAM_1710804-1024x576.jpg 1024w, https:\/\/rrgsuisse.ch\/wp-content\/uploads\/2025\/11\/R-DAM_1710804-300x169.jpg 300w, https:\/\/rrgsuisse.ch\/wp-content\/uploads\/2025\/11\/R-DAM_1710804-768x432.jpg 768w, https:\/\/rrgsuisse.ch\/wp-content\/uploads\/2025\/11\/R-DAM_1710804.jpg 1200w\" sizes=\"(max-width: 1024px) 100vw, 1024px\" \/><\/figure>\n\n\n\n<p><strong>LES SIGNATURES: UN DESIGN QUI VALORISE LES LIGNES DE L\u2019A290<\/strong><br>L\u2019offre Signature, disponible sur toutes les versions, comprend une animation de couleur rouge ou bleu, appliqu\u00e9e du jonc de toit jusqu\u2019aux parties basses des jupes et du diffuseur. Cette personnalisation s\u2019accompagne \u00e9galement de jantes Snowflakes 19 pouces Noir Brillant, rehauss\u00e9es d\u2019un liserai exclusif, ainsi que d\u2019\u00e9triers de frein assortis \u00e0 la couleur choisie (rouge ou bleu). Un tapis de sol sp\u00e9cifique, arborant le logo A fl\u00e9ch\u00e9 aux couleurs de la signature, compl\u00e8te cette offre.<\/p>\n\n\n\n<p>La livr\u00e9e Signature est propos\u00e9e au prix de CHF 900.- TTC pour les versions A290 GT, GT Premium &amp; GT Performance et CHF 500.- TTC pour la version A290 GTS.<\/p>\n\n\n\n<figure class=\"wp-block-image size-large\"><img decoding=\"async\" width=\"1024\" height=\"576\" src=\"https:\/\/rrgsuisse.ch\/wp-content\/uploads\/2025\/11\/R-DAM_1710813-1024x576.jpg\" alt=\"\" class=\"wp-image-47105\" srcset=\"https:\/\/rrgsuisse.ch\/wp-content\/uploads\/2025\/11\/R-DAM_1710813-1024x576.jpg 1024w, https:\/\/rrgsuisse.ch\/wp-content\/uploads\/2025\/11\/R-DAM_1710813-300x169.jpg 300w, https:\/\/rrgsuisse.ch\/wp-content\/uploads\/2025\/11\/R-DAM_1710813-768x432.jpg 768w, https:\/\/rrgsuisse.ch\/wp-content\/uploads\/2025\/11\/R-DAM_1710813.jpg 1200w\" sizes=\"(max-width: 1024px) 100vw, 1024px\" \/><\/figure>\n\n\n\n<p><strong>LA LIVR\u00c9E FRENCH SIGNATURE: UN DESIGN EXCLUSIF ENCR\u00c9 DANS L\u2019ADN D\u2019ALPINE<\/strong><br>La livr\u00e9e French Signature arbore une ligne tricolore qui s\u2019\u00e9tend du capot jusqu\u2019au toit, symbolisant fi\u00e8rement les origines fran\u00e7aises d\u2019Alpine. Ce design reprend le motif triangulaire \u00abSnowflakes\u00bb, embl\u00e9matique de la marque en Formule 1 et en endurance. Le toit de l\u2019A290 est \u00e9galement orn\u00e9 de l\u2019embl\u00e9matique logo A fl\u00e9ch\u00e9, signature distinctive d\u2019Alpine. La livr\u00e9e French Signature est propos\u00e9e au tarif de CHF 450.- TTC.<\/p>\n\n\n\n<p>Alpine propose d\u00e8s aujourd\u2019hui ces livr\u00e9es exclusives en France ainsi que dans la plupart des pays o\u00f9 la marque est commercialis\u00e9e (dont la Suisse), via son configurateur en ligne accessible sur l\u2019Atelier Alpine.<\/p>\n\n\n\n<p><strong>L\u2019A290: UNE MONT\u00c9E EN GAMME DE L\u2019A290 GT \u00c0 L\u2019A290 GTS<\/strong><br>L\u2019Alpine A290 est la toute premi\u00e8re citadine \u00e9lectrique d\u2019Alpine. Elle incarne l\u2019ADN sportif de la marque avec une motorisation d\u00e9velopp\u00e9e jusqu\u2019\u00e0 220 ch (160 kW), permettant un passage de 0 \u00e0 100 km\/h en 6,4 secondes. Elle repose sur une batterie d\u2019environ 52 kWh, lui assurant jusqu\u2019\u00e0 380 km d\u2019autonomie WLTP et une recharge rapide \u00e0 100 kW, passant de 15 % \u00e0 80 % en une trentaine de minutes. Avec ses 5 portes, ses 5 places, son coffre de 326 litres, et ses dimensions compactes (3 990 mm de long et 1 820 mm de large), elle combine praticit\u00e9 urbaine et sensations de conduite sportive.<\/p>\n\n\n\n<figure class=\"wp-block-image size-large\"><img decoding=\"async\" width=\"1024\" height=\"576\" src=\"https:\/\/rrgsuisse.ch\/wp-content\/uploads\/2025\/11\/R-DAM_1710756-1024x576.jpg\" alt=\"\" class=\"wp-image-47107\" srcset=\"https:\/\/rrgsuisse.ch\/wp-content\/uploads\/2025\/11\/R-DAM_1710756-1024x576.jpg 1024w, https:\/\/rrgsuisse.ch\/wp-content\/uploads\/2025\/11\/R-DAM_1710756-300x169.jpg 300w, https:\/\/rrgsuisse.ch\/wp-content\/uploads\/2025\/11\/R-DAM_1710756-768x432.jpg 768w, https:\/\/rrgsuisse.ch\/wp-content\/uploads\/2025\/11\/R-DAM_1710756.jpg 1200w\" sizes=\"(max-width: 1024px) 100vw, 1024px\" \/><\/figure>\n\n\n\n<p><strong>L\u2019ALPINE A290 SE DOTE DE LA FONCTION ONE PEDAL<\/strong><br>Depuis le 13 octobre 2025, toute nouvelle commande (hors v\u00e9hicules de stock) de l&#8217;A290 int\u00e8gre de s\u00e9rie la conduite \u00e0 une p\u00e9dale gr\u00e2ce \u00e0 la fonction One Pedal. Cette technologie permet de contr\u00f4ler \u00e0 la fois l&#8217;acc\u00e9l\u00e9ration et la d\u00e9c\u00e9l\u00e9ration du v\u00e9hicule \u00e0 l&#8217;aide d&#8217;une seule p\u00e9dale. En rel\u00e2chant l&#8217;acc\u00e9l\u00e9rateur, le v\u00e9hicule ralentit progressivement jusqu&#8217;\u00e0 l&#8217;arr\u00eat complet, garantissant une conduite plus fluide et s\u00e9curis\u00e9e, particuli\u00e8rement adapt\u00e9e en milieu urbain.<\/p>\n","protected":false},"excerpt":{"rendered":"<p>Alpine lance son Atelier Alpine sur l\u2019A290, offrant des options de personnalisation exclusives qui rendent chaque v\u00e9hicule unique.<br \/>\nCette premi\u00e8re offre comprend deux packs d\u2019animation nomm\u00e9s Signatures et une livr\u00e9e stripping French Signature, inspir\u00e9s de l\u2019ADN Alpine.<br \/>\nLes Signatures mettent en valeur les lignes de l\u2019A290 avec une animation rouge ou bleue, accompagn\u00e9e de jantes 19\u2019\u2019 Snowflakes noir brillant sp\u00e9cifiques. La livr\u00e9e French Signature c\u00e9l\u00e8bre quant \u00e0 elle les origines fran\u00e7aises de la marque, et son lien avec l\u2019A110.<br \/>\nRendez-vous sur le configurateur de l\u2019Atelier Alpine pour d\u00e9couvrir toutes les options de personnalisation disponibles sur l\u2019A290.<br \/>\nEn parall\u00e8le, l\u2019A290 se distingue par une \u00e9volution technologique: l&#8217;int\u00e9gration de s\u00e9rie sur toute la gamme de la conduite \u00e0 une p\u00e9dale gr\u00e2ce \u00e0 la fonction One Pedal.<\/p>\n","protected":false},"author":1,"featured_media":47103,"comment_status":"closed","ping_status":"open","sticky":false,"template":"","format":"standard","meta":{"_acf_changed":false,"footnotes":""},"categories":[18,125],"tags":[],"class_list":["post-47102","post","type-post","status-publish","format-standard","has-post-thumbnail","hentry","category-a-la-une","category-actualite-alpine"],"acf":[],"yoast_head":"<!-- This site is optimized with the Yoast SEO plugin v27.5 - https:\/\/yoast.com\/product\/yoast-seo-wordpress\/ -->\n<title>Alpine ouvre son Atelier de personnalisation sur A290 avec des livr\u00e9es exclusives - RRG Suisse<\/title>\n<meta name=\"robots\" content=\"index, follow, max-snippet:-1, max-image-preview:large, max-video-preview:-1\" \/>\n<link rel=\"canonical\" href=\"https:\/\/rrgsuisse.ch\/fr\/alpine-ouvre-son-atelier-de-personnalisation-sur-a290-avec-des-livrees-exclusives\" \/>\n<meta property=\"og:locale\" content=\"fr_FR\" \/>\n<meta property=\"og:type\" content=\"article\" \/>\n<meta property=\"og:title\" content=\"Alpine ouvre son Atelier de personnalisation sur A290 avec des livr\u00e9es exclusives - RRG Suisse\" \/>\n<meta property=\"og:description\" content=\"Alpine lance son Atelier Alpine sur l\u2019A290, offrant des options de personnalisation exclusives qui rendent chaque v\u00e9hicule unique. Cette premi\u00e8re offre comprend deux packs d\u2019animation nomm\u00e9s Signatures et une livr\u00e9e stripping French Signature, inspir\u00e9s de l\u2019ADN Alpine. Les Signatures mettent en valeur les lignes de l\u2019A290 avec une animation rouge ou bleue, accompagn\u00e9e de jantes 19\u2019\u2019 Snowflakes noir brillant sp\u00e9cifiques. La livr\u00e9e French Signature c\u00e9l\u00e8bre quant \u00e0 elle les origines fran\u00e7aises de la marque, et son lien avec l\u2019A110. Rendez-vous sur le configurateur de l\u2019Atelier Alpine pour d\u00e9couvrir toutes les options de personnalisation disponibles sur l\u2019A290. En parall\u00e8le, l\u2019A290 se distingue par une \u00e9volution technologique: l&#039;int\u00e9gration de s\u00e9rie sur toute la gamme de la conduite \u00e0 une p\u00e9dale gr\u00e2ce \u00e0 la fonction One Pedal.\" \/>\n<meta property=\"og:url\" content=\"https:\/\/rrgsuisse.ch\/fr\/alpine-ouvre-son-atelier-de-personnalisation-sur-a290-avec-des-livrees-exclusives\" \/>\n<meta property=\"og:site_name\" content=\"RRG Suisse\" \/>\n<meta property=\"article:published_time\" content=\"2025-11-25T14:32:33+00:00\" \/>\n<meta property=\"article:modified_time\" content=\"2025-11-25T14:32:38+00:00\" \/>\n<meta property=\"og:image\" content=\"https:\/\/rrgsuisse.ch\/wp-content\/uploads\/2025\/11\/R-DAM_1710849-scaled.jpg\" \/>\n\t<meta property=\"og:image:width\" content=\"2560\" \/>\n\t<meta property=\"og:image:height\" content=\"1440\" \/>\n\t<meta property=\"og:image:type\" content=\"image\/jpeg\" \/>\n<meta name=\"author\" content=\"rrgsuisse\" \/>\n<meta name=\"twitter:card\" content=\"summary_large_image\" \/>\n<meta name=\"twitter:label1\" content=\"Written by\" \/>\n\t<meta name=\"twitter:data1\" content=\"rrgsuisse\" \/>\n\t<meta name=\"twitter:label2\" content=\"Est. reading time\" \/>\n\t<meta name=\"twitter:data2\" content=\"4 minutes\" \/>\n<script type=\"application\/ld+json\" class=\"yoast-schema-graph\">{\"@context\":\"https:\\\/\\\/schema.org\",\"@graph\":[{\"@type\":\"Article\",\"@id\":\"https:\\\/\\\/rrgsuisse.ch\\\/fr\\\/alpine-ouvre-son-atelier-de-personnalisation-sur-a290-avec-des-livrees-exclusives#article\",\"isPartOf\":{\"@id\":\"https:\\\/\\\/rrgsuisse.ch\\\/fr\\\/alpine-ouvre-son-atelier-de-personnalisation-sur-a290-avec-des-livrees-exclusives\"},\"author\":{\"name\":\"rrgsuisse\",\"@id\":\"https:\\\/\\\/rrgsuisse.ch\\\/fr\\\/#\\\/schema\\\/person\\\/3fb0fceb9f1a5bcb4c674661a09ea4f7\"},\"headline\":\"Alpine ouvre son Atelier de personnalisation sur A290 avec des livr\u00e9es exclusives\",\"datePublished\":\"2025-11-25T14:32:33+00:00\",\"dateModified\":\"2025-11-25T14:32:38+00:00\",\"mainEntityOfPage\":{\"@id\":\"https:\\\/\\\/rrgsuisse.ch\\\/fr\\\/alpine-ouvre-son-atelier-de-personnalisation-sur-a290-avec-des-livrees-exclusives\"},\"wordCount\":595,\"image\":{\"@id\":\"https:\\\/\\\/rrgsuisse.ch\\\/fr\\\/alpine-ouvre-son-atelier-de-personnalisation-sur-a290-avec-des-livrees-exclusives#primaryimage\"},\"thumbnailUrl\":\"https:\\\/\\\/rrgsuisse.ch\\\/wp-content\\\/uploads\\\/2025\\\/11\\\/R-DAM_1710849-scaled.jpg\",\"articleSection\":[\"A la une\",\"Actualit\u00e9 Alpine\"],\"inLanguage\":\"fr-CH\"},{\"@type\":\"WebPage\",\"@id\":\"https:\\\/\\\/rrgsuisse.ch\\\/fr\\\/alpine-ouvre-son-atelier-de-personnalisation-sur-a290-avec-des-livrees-exclusives\",\"url\":\"https:\\\/\\\/rrgsuisse.ch\\\/fr\\\/alpine-ouvre-son-atelier-de-personnalisation-sur-a290-avec-des-livrees-exclusives\",\"name\":\"Alpine ouvre son Atelier de personnalisation sur A290 avec des livr\u00e9es exclusives - RRG Suisse\",\"isPartOf\":{\"@id\":\"https:\\\/\\\/rrgsuisse.ch\\\/fr\\\/#website\"},\"primaryImageOfPage\":{\"@id\":\"https:\\\/\\\/rrgsuisse.ch\\\/fr\\\/alpine-ouvre-son-atelier-de-personnalisation-sur-a290-avec-des-livrees-exclusives#primaryimage\"},\"image\":{\"@id\":\"https:\\\/\\\/rrgsuisse.ch\\\/fr\\\/alpine-ouvre-son-atelier-de-personnalisation-sur-a290-avec-des-livrees-exclusives#primaryimage\"},\"thumbnailUrl\":\"https:\\\/\\\/rrgsuisse.ch\\\/wp-content\\\/uploads\\\/2025\\\/11\\\/R-DAM_1710849-scaled.jpg\",\"datePublished\":\"2025-11-25T14:32:33+00:00\",\"dateModified\":\"2025-11-25T14:32:38+00:00\",\"author\":{\"@id\":\"https:\\\/\\\/rrgsuisse.ch\\\/fr\\\/#\\\/schema\\\/person\\\/3fb0fceb9f1a5bcb4c674661a09ea4f7\"},\"breadcrumb\":{\"@id\":\"https:\\\/\\\/rrgsuisse.ch\\\/fr\\\/alpine-ouvre-son-atelier-de-personnalisation-sur-a290-avec-des-livrees-exclusives#breadcrumb\"},\"inLanguage\":\"fr-CH\",\"potentialAction\":[{\"@type\":\"ReadAction\",\"target\":[\"https:\\\/\\\/rrgsuisse.ch\\\/fr\\\/alpine-ouvre-son-atelier-de-personnalisation-sur-a290-avec-des-livrees-exclusives\"]}]},{\"@type\":\"ImageObject\",\"inLanguage\":\"fr-CH\",\"@id\":\"https:\\\/\\\/rrgsuisse.ch\\\/fr\\\/alpine-ouvre-son-atelier-de-personnalisation-sur-a290-avec-des-livrees-exclusives#primaryimage\",\"url\":\"https:\\\/\\\/rrgsuisse.ch\\\/wp-content\\\/uploads\\\/2025\\\/11\\\/R-DAM_1710849-scaled.jpg\",\"contentUrl\":\"https:\\\/\\\/rrgsuisse.ch\\\/wp-content\\\/uploads\\\/2025\\\/11\\\/R-DAM_1710849-scaled.jpg\",\"width\":2560,\"height\":1440},{\"@type\":\"BreadcrumbList\",\"@id\":\"https:\\\/\\\/rrgsuisse.ch\\\/fr\\\/alpine-ouvre-son-atelier-de-personnalisation-sur-a290-avec-des-livrees-exclusives#breadcrumb\",\"itemListElement\":[{\"@type\":\"ListItem\",\"position\":1,\"name\":\"Home\",\"item\":\"https:\\\/\\\/rrgsuisse.ch\\\/fr\"},{\"@type\":\"ListItem\",\"position\":2,\"name\":\"Alpine ouvre son Atelier de personnalisation sur A290 avec des livr\u00e9es exclusives\"}]},{\"@type\":\"WebSite\",\"@id\":\"https:\\\/\\\/rrgsuisse.ch\\\/fr\\\/#website\",\"url\":\"https:\\\/\\\/rrgsuisse.ch\\\/fr\\\/\",\"name\":\"RRG Suisse\",\"description\":\"Retail Renault Group - Revendeur officiel Renault, Dacia, Nissan\",\"potentialAction\":[{\"@type\":\"SearchAction\",\"target\":{\"@type\":\"EntryPoint\",\"urlTemplate\":\"https:\\\/\\\/rrgsuisse.ch\\\/fr\\\/?s={search_term_string}\"},\"query-input\":{\"@type\":\"PropertyValueSpecification\",\"valueRequired\":true,\"valueName\":\"search_term_string\"}}],\"inLanguage\":\"fr-CH\"},{\"@type\":\"Person\",\"@id\":\"https:\\\/\\\/rrgsuisse.ch\\\/fr\\\/#\\\/schema\\\/person\\\/3fb0fceb9f1a5bcb4c674661a09ea4f7\",\"name\":\"rrgsuisse\",\"image\":{\"@type\":\"ImageObject\",\"inLanguage\":\"fr-CH\",\"@id\":\"https:\\\/\\\/secure.gravatar.com\\\/avatar\\\/5e8e0f3f10010a38feb43e707770c4c97735143a26d51396eb4f3ea6bb49ed57?s=96&d=mm&r=g\",\"url\":\"https:\\\/\\\/secure.gravatar.com\\\/avatar\\\/5e8e0f3f10010a38feb43e707770c4c97735143a26d51396eb4f3ea6bb49ed57?s=96&d=mm&r=g\",\"contentUrl\":\"https:\\\/\\\/secure.gravatar.com\\\/avatar\\\/5e8e0f3f10010a38feb43e707770c4c97735143a26d51396eb4f3ea6bb49ed57?s=96&d=mm&r=g\",\"caption\":\"rrgsuisse\"},\"sameAs\":[\"https:\\\/\\\/rrgsuisse.ch\"],\"url\":\"https:\\\/\\\/rrgsuisse.ch\\\/fr\\\/author\\\/rrgsuisse\"}]}<\/script>\n<!-- \/ Yoast SEO plugin. -->","yoast_head_json":{"title":"Alpine ouvre son Atelier de personnalisation sur A290 avec des livr\u00e9es exclusives - RRG Suisse","robots":{"index":"index","follow":"follow","max-snippet":"max-snippet:-1","max-image-preview":"max-image-preview:large","max-video-preview":"max-video-preview:-1"},"canonical":"https:\/\/rrgsuisse.ch\/fr\/alpine-ouvre-son-atelier-de-personnalisation-sur-a290-avec-des-livrees-exclusives","og_locale":"fr_FR","og_type":"article","og_title":"Alpine ouvre son Atelier de personnalisation sur A290 avec des livr\u00e9es exclusives - RRG Suisse","og_description":"Alpine lance son Atelier Alpine sur l\u2019A290, offrant des options de personnalisation exclusives qui rendent chaque v\u00e9hicule unique. Cette premi\u00e8re offre comprend deux packs d\u2019animation nomm\u00e9s Signatures et une livr\u00e9e stripping French Signature, inspir\u00e9s de l\u2019ADN Alpine. Les Signatures mettent en valeur les lignes de l\u2019A290 avec une animation rouge ou bleue, accompagn\u00e9e de jantes 19\u2019\u2019 Snowflakes noir brillant sp\u00e9cifiques. La livr\u00e9e French Signature c\u00e9l\u00e8bre quant \u00e0 elle les origines fran\u00e7aises de la marque, et son lien avec l\u2019A110. Rendez-vous sur le configurateur de l\u2019Atelier Alpine pour d\u00e9couvrir toutes les options de personnalisation disponibles sur l\u2019A290. En parall\u00e8le, l\u2019A290 se distingue par une \u00e9volution technologique: l'int\u00e9gration de s\u00e9rie sur toute la gamme de la conduite \u00e0 une p\u00e9dale gr\u00e2ce \u00e0 la fonction One Pedal.","og_url":"https:\/\/rrgsuisse.ch\/fr\/alpine-ouvre-son-atelier-de-personnalisation-sur-a290-avec-des-livrees-exclusives","og_site_name":"RRG Suisse","article_published_time":"2025-11-25T14:32:33+00:00","article_modified_time":"2025-11-25T14:32:38+00:00","og_image":[{"width":2560,"height":1440,"url":"https:\/\/rrgsuisse.ch\/wp-content\/uploads\/2025\/11\/R-DAM_1710849-scaled.jpg","type":"image\/jpeg"}],"author":"rrgsuisse","twitter_card":"summary_large_image","twitter_misc":{"Written by":"rrgsuisse","Est. reading time":"4 minutes"},"schema":{"@context":"https:\/\/schema.org","@graph":[{"@type":"Article","@id":"https:\/\/rrgsuisse.ch\/fr\/alpine-ouvre-son-atelier-de-personnalisation-sur-a290-avec-des-livrees-exclusives#article","isPartOf":{"@id":"https:\/\/rrgsuisse.ch\/fr\/alpine-ouvre-son-atelier-de-personnalisation-sur-a290-avec-des-livrees-exclusives"},"author":{"name":"rrgsuisse","@id":"https:\/\/rrgsuisse.ch\/fr\/#\/schema\/person\/3fb0fceb9f1a5bcb4c674661a09ea4f7"},"headline":"Alpine ouvre son Atelier de personnalisation sur A290 avec des livr\u00e9es exclusives","datePublished":"2025-11-25T14:32:33+00:00","dateModified":"2025-11-25T14:32:38+00:00","mainEntityOfPage":{"@id":"https:\/\/rrgsuisse.ch\/fr\/alpine-ouvre-son-atelier-de-personnalisation-sur-a290-avec-des-livrees-exclusives"},"wordCount":595,"image":{"@id":"https:\/\/rrgsuisse.ch\/fr\/alpine-ouvre-son-atelier-de-personnalisation-sur-a290-avec-des-livrees-exclusives#primaryimage"},"thumbnailUrl":"https:\/\/rrgsuisse.ch\/wp-content\/uploads\/2025\/11\/R-DAM_1710849-scaled.jpg","articleSection":["A la une","Actualit\u00e9 Alpine"],"inLanguage":"fr-CH"},{"@type":"WebPage","@id":"https:\/\/rrgsuisse.ch\/fr\/alpine-ouvre-son-atelier-de-personnalisation-sur-a290-avec-des-livrees-exclusives","url":"https:\/\/rrgsuisse.ch\/fr\/alpine-ouvre-son-atelier-de-personnalisation-sur-a290-avec-des-livrees-exclusives","name":"Alpine ouvre son Atelier de personnalisation sur A290 avec des livr\u00e9es exclusives - RRG Suisse","isPartOf":{"@id":"https:\/\/rrgsuisse.ch\/fr\/#website"},"primaryImageOfPage":{"@id":"https:\/\/rrgsuisse.ch\/fr\/alpine-ouvre-son-atelier-de-personnalisation-sur-a290-avec-des-livrees-exclusives#primaryimage"},"image":{"@id":"https:\/\/rrgsuisse.ch\/fr\/alpine-ouvre-son-atelier-de-personnalisation-sur-a290-avec-des-livrees-exclusives#primaryimage"},"thumbnailUrl":"https:\/\/rrgsuisse.ch\/wp-content\/uploads\/2025\/11\/R-DAM_1710849-scaled.jpg","datePublished":"2025-11-25T14:32:33+00:00","dateModified":"2025-11-25T14:32:38+00:00","author":{"@id":"https:\/\/rrgsuisse.ch\/fr\/#\/schema\/person\/3fb0fceb9f1a5bcb4c674661a09ea4f7"},"breadcrumb":{"@id":"https:\/\/rrgsuisse.ch\/fr\/alpine-ouvre-son-atelier-de-personnalisation-sur-a290-avec-des-livrees-exclusives#breadcrumb"},"inLanguage":"fr-CH","potentialAction":[{"@type":"ReadAction","target":["https:\/\/rrgsuisse.ch\/fr\/alpine-ouvre-son-atelier-de-personnalisation-sur-a290-avec-des-livrees-exclusives"]}]},{"@type":"ImageObject","inLanguage":"fr-CH","@id":"https:\/\/rrgsuisse.ch\/fr\/alpine-ouvre-son-atelier-de-personnalisation-sur-a290-avec-des-livrees-exclusives#primaryimage","url":"https:\/\/rrgsuisse.ch\/wp-content\/uploads\/2025\/11\/R-DAM_1710849-scaled.jpg","contentUrl":"https:\/\/rrgsuisse.ch\/wp-content\/uploads\/2025\/11\/R-DAM_1710849-scaled.jpg","width":2560,"height":1440},{"@type":"BreadcrumbList","@id":"https:\/\/rrgsuisse.ch\/fr\/alpine-ouvre-son-atelier-de-personnalisation-sur-a290-avec-des-livrees-exclusives#breadcrumb","itemListElement":[{"@type":"ListItem","position":1,"name":"Home","item":"https:\/\/rrgsuisse.ch\/fr"},{"@type":"ListItem","position":2,"name":"Alpine ouvre son Atelier de personnalisation sur A290 avec des livr\u00e9es exclusives"}]},{"@type":"WebSite","@id":"https:\/\/rrgsuisse.ch\/fr\/#website","url":"https:\/\/rrgsuisse.ch\/fr\/","name":"RRG Suisse","description":"Retail Renault Group - Revendeur officiel Renault, Dacia, Nissan","potentialAction":[{"@type":"SearchAction","target":{"@type":"EntryPoint","urlTemplate":"https:\/\/rrgsuisse.ch\/fr\/?s={search_term_string}"},"query-input":{"@type":"PropertyValueSpecification","valueRequired":true,"valueName":"search_term_string"}}],"inLanguage":"fr-CH"},{"@type":"Person","@id":"https:\/\/rrgsuisse.ch\/fr\/#\/schema\/person\/3fb0fceb9f1a5bcb4c674661a09ea4f7","name":"rrgsuisse","image":{"@type":"ImageObject","inLanguage":"fr-CH","@id":"https:\/\/secure.gravatar.com\/avatar\/5e8e0f3f10010a38feb43e707770c4c97735143a26d51396eb4f3ea6bb49ed57?s=96&d=mm&r=g","url":"https:\/\/secure.gravatar.com\/avatar\/5e8e0f3f10010a38feb43e707770c4c97735143a26d51396eb4f3ea6bb49ed57?s=96&d=mm&r=g","contentUrl":"https:\/\/secure.gravatar.com\/avatar\/5e8e0f3f10010a38feb43e707770c4c97735143a26d51396eb4f3ea6bb49ed57?s=96&d=mm&r=g","caption":"rrgsuisse"},"sameAs":["https:\/\/rrgsuisse.ch"],"url":"https:\/\/rrgsuisse.ch\/fr\/author\/rrgsuisse"}]}},"wpml_current_locale":"fr_CH","wpml_translations":{"de_CH":{"locale":"de_CH","id":47118,"slug":"neue-atelier-alpine-optionen-fur-die-a290","post_title":"Neue Atelier Alpine Optionen f\u00fcr die A290","href":"https:\/\/rrgsuisse.ch\/de\/neue-atelier-alpine-optionen-fur-die-a290"}},"_links":{"self":[{"href":"https:\/\/rrgsuisse.ch\/fr\/wp-json\/wp\/v2\/posts\/47102","targetHints":{"allow":["GET"]}}],"collection":[{"href":"https:\/\/rrgsuisse.ch\/fr\/wp-json\/wp\/v2\/posts"}],"about":[{"href":"https:\/\/rrgsuisse.ch\/fr\/wp-json\/wp\/v2\/types\/post"}],"author":[{"embeddable":true,"href":"https:\/\/rrgsuisse.ch\/fr\/wp-json\/wp\/v2\/users\/1"}],"replies":[{"embeddable":true,"href":"https:\/\/rrgsuisse.ch\/fr\/wp-json\/wp\/v2\/comments?post=47102"}],"version-history":[{"count":1,"href":"https:\/\/rrgsuisse.ch\/fr\/wp-json\/wp\/v2\/posts\/47102\/revisions"}],"predecessor-version":[{"id":47117,"href":"https:\/\/rrgsuisse.ch\/fr\/wp-json\/wp\/v2\/posts\/47102\/revisions\/47117"}],"wp:featuredmedia":[{"embeddable":true,"href":"https:\/\/rrgsuisse.ch\/fr\/wp-json\/wp\/v2\/media\/47103"}],"wp:attachment":[{"href":"https:\/\/rrgsuisse.ch\/fr\/wp-json\/wp\/v2\/media?parent=47102"}],"wp:term":[{"taxonomy":"category","embeddable":true,"href":"https:\/\/rrgsuisse.ch\/fr\/wp-json\/wp\/v2\/categories?post=47102"},{"taxonomy":"post_tag","embeddable":true,"href":"https:\/\/rrgsuisse.ch\/fr\/wp-json\/wp\/v2\/tags?post=47102"}],"curies":[{"name":"wp","href":"https:\/\/api.w.org\/{rel}","templated":true}]}}