{"id":47148,"date":"2025-12-03T08:40:37","date_gmt":"2025-12-03T07:40:37","guid":{"rendered":"https:\/\/rrgsuisse.ch\/?p=47148"},"modified":"2025-12-03T08:40:40","modified_gmt":"2025-12-03T07:40:40","slug":"nouvelle-clio-a-lessai-la-nouvelle-reference-de-sa-categorie","status":"publish","type":"post","link":"https:\/\/rrgsuisse.ch\/fr\/nouvelle-clio-a-lessai-la-nouvelle-reference-de-sa-categorie","title":{"rendered":"Nouvelle Clio \u00e0 l\u2019essai \u2013 La nouvelle r\u00e9f\u00e9rence de sa cat\u00e9gorie"},"content":{"rendered":"\n<p><strong>L\u2019art de se r\u00e9inventer<\/strong><br>Best-seller de Renault tout au long de ses cinq premi\u00e8res g\u00e9n\u00e9rations, dont la premi\u00e8re remonte \u00e0 1990, Clio poss\u00e8de les codes du succ\u00e8s inscrits dans son ADN.<\/p>\n\n\n\n<p>Pourtant, chaque g\u00e9n\u00e9ration de Clio a fait sa r\u00e9volution pour conserver syst\u00e9matiquement son leadership au fil des diff\u00e9rentes \u00e9poques.<\/p>\n\n\n\n<figure class=\"wp-block-image size-large\"><img fetchpriority=\"high\" decoding=\"async\" width=\"1024\" height=\"683\" src=\"https:\/\/rrgsuisse.ch\/wp-content\/uploads\/2025\/12\/R-DAM_1721301-1024x683.jpg\" alt=\"\" class=\"wp-image-47155\" srcset=\"https:\/\/rrgsuisse.ch\/wp-content\/uploads\/2025\/12\/R-DAM_1721301-1024x683.jpg 1024w, https:\/\/rrgsuisse.ch\/wp-content\/uploads\/2025\/12\/R-DAM_1721301-300x200.jpg 300w, https:\/\/rrgsuisse.ch\/wp-content\/uploads\/2025\/12\/R-DAM_1721301-768x512.jpg 768w, https:\/\/rrgsuisse.ch\/wp-content\/uploads\/2025\/12\/R-DAM_1721301.jpg 1200w\" sizes=\"(max-width: 1024px) 100vw, 1024px\" \/><figcaption class=\"wp-element-caption\">Test-Drive Renault Clio 6, November 10th 2025 at Lisbonne, Portugal &#8211; Photo Cl\u00e9ment Choulot \/ DPPI<\/figcaption><\/figure>\n\n\n\n<p>Premi\u00e8re citadine \u00e0 r\u00e9pondre aux standards du segment sup\u00e9rieur, Clio I avait \u00ab tout d\u2019une grande \u00bb. Un slogan aussi l\u00e9gendaire qu\u2019inalt\u00e9rable : il continuera \u00e0 s\u2019appliquer \u00e0 toutes les g\u00e9n\u00e9rations, m\u00eame si chacune d\u2019entre elles a affirm\u00e9 sa propre personnalit\u00e9.<\/p>\n\n\n\n<p>Clio II a d\u00e9velopp\u00e9 les valeurs du \u00ab cocon \u00bb, tant en termes de design que de confort. Clio III a \u00e9lev\u00e9 la qualit\u00e9 per\u00e7ue \u00e0 un niveau in\u00e9gal\u00e9 sur le segment B, tout en poursuivant son ouverture aux \u00e9quipements de pointe comme Carminat Tom Tom. Clio IV a fait sa r\u00e9volution design avec ses lignes sensuelles et chaleureuses, lesquelles ont trouv\u00e9 leur aboutissement sur Clio V pour laquelle la rupture design se trouvait dans l\u2019habitacle construit autour d\u2019un grand \u00e9cran central, en phase avec la mont\u00e9e des prestations multim\u00e9dias. Aujourd\u2019hui, Clio VI refait sa r\u00e9volution tant \u00e0 l\u2019ext\u00e9rieur qu\u2019\u00e0 l\u2019int\u00e9rieur.<\/p>\n\n\n\n<p>Ses 35 ans de succ\u00e8s, Clio les doit \u00e9galement \u00e0 ses motorisations de pointe en parfaite ad\u00e9quation \u00e0 chacune des \u00e9poques. Le 1.5 dCi apparu sur Clio II fait encore figure de r\u00e9f\u00e9rence aujourd\u2019hui en mati\u00e8re de diesel. Et la motorisation full hybrid E-Tech a rencontr\u00e9 un v\u00e9ritable succ\u00e8s sur la cinqui\u00e8me g\u00e9n\u00e9ration avec une proportion de 30% des ventes en Europe.<\/p>\n\n\n\n<p>Au total, pr\u00e8s de 17 millions de Clio ont \u00e9t\u00e9 vendues dans 120 pays \u00e0 travers le monde, ce qui en fait, toutes g\u00e9n\u00e9rations confondues, la voiture fran\u00e7aise la plus vendue de tous les temps.<\/p>\n\n\n\n<figure class=\"wp-block-image size-large\"><img decoding=\"async\" width=\"1024\" height=\"683\" src=\"https:\/\/rrgsuisse.ch\/wp-content\/uploads\/2025\/12\/R-DAM_1721184-1024x683.jpg\" alt=\"\" class=\"wp-image-47151\" srcset=\"https:\/\/rrgsuisse.ch\/wp-content\/uploads\/2025\/12\/R-DAM_1721184-1024x683.jpg 1024w, https:\/\/rrgsuisse.ch\/wp-content\/uploads\/2025\/12\/R-DAM_1721184-300x200.jpg 300w, https:\/\/rrgsuisse.ch\/wp-content\/uploads\/2025\/12\/R-DAM_1721184-768x512.jpg 768w, https:\/\/rrgsuisse.ch\/wp-content\/uploads\/2025\/12\/R-DAM_1721184.jpg 1200w\" sizes=\"(max-width: 1024px) 100vw, 1024px\" \/><figcaption class=\"wp-element-caption\">Test-Drive Renault Clio 6, November 10th 2025 at Lisbonne, Portugal &#8211; Photo Cl\u00e9ment Choulot \/ DPPI<\/figcaption><\/figure>\n\n\n\n<p><strong>Une nouvelle g\u00e9n\u00e9ration survitamin\u00e9e<\/strong><br>Avec son design expressif, ses proportions plus statutaires, ses nouvelles motorisations de pointe et ses \u00e9quipements technologiques dernier cri, nouvelle Renault Clio affiche clairement ses ambitions.<\/p>\n\n\n\n<p>Enti\u00e8rement repens\u00e9e, la sixi\u00e8me g\u00e9n\u00e9ration de Clio appara\u00eet survitamin\u00e9e gr\u00e2ce \u00e0 son design disruptif b\u00e2ti sur de nouvelles proportions avec des dimensions \u00e0 la hausse qui la placent clairement au sommet de de son segment.<\/p>\n\n\n\n<p>Aux vitamines du design r\u00e9pondent les performances d\u2019une nouvelle gamme de motorisations parmi les plus efficientes du march\u00e9. Au sommet de celle-ci tr\u00f4ne la nouvelle motorisation full hybrid E-Tech 160 ch. Plus sobre et plus performante que sa devanci\u00e8re, elle peut revendiquer jusqu\u2019\u00e0 40 % de r\u00e9duction de consommation en comparaison avec un moteur essence, et elle est<br>capable de rouler jusqu\u2019\u00e0 80 % du temps en \u00e9lectrique en ville, mais aussi en p\u00e9riph\u00e9rie, s\u2019imposant ainsi comme une offre parfaitement compl\u00e9mentaire de la gamme \u00e9lectrique.<\/p>\n\n\n\n<p>En entr\u00e9e de gamme, Renault propose un nouveau groupe motopropulseur essence de 115 ch. A la pointe de la technologie, cette version marque un progr\u00e8s remarquable sur l\u2019entr\u00e9e de gamme, tant en performance qu\u2019en efficience. La motorisation essence 115 ch est disponible avec une bo\u00eete manuelle ou automatique EDC.<\/p>\n\n\n\n<p>Dans l\u2019habitacle, le double \u00e9cran OpenR en forme de V, le syst\u00e8me multim\u00e9dia OpenR Link avec Google int\u00e9gr\u00e9 &#8211; une premi\u00e8re dans cette cat\u00e9gorie de v\u00e9hicule -, ainsi que de nombreux \u00e9quipements technologiques et aides \u00e0 la conduite de derni\u00e8re g\u00e9n\u00e9ration assurent une belle mont\u00e9e en gamme, \u00e0 la fronti\u00e8re du segment sup\u00e9rieur. Nouvelle Renault Clio re\u00e7oit jusqu\u2019\u00e0 29 syst\u00e8mes d\u2019aides \u00e0 la conduite (ADAS) de derni\u00e8re g\u00e9n\u00e9ration.<\/p>\n\n\n\n<p><em>\u00ab Nouvelle Clio combine la compacit\u00e9 d\u2019une voiture de segment B avec les performances, la technologie et le confort d\u2019un mod\u00e8le de segment sup\u00e9rieur. Notre berline au design survitamin\u00e9 red\u00e9finit les standards de sa cat\u00e9gorie en offrant une exp\u00e9rience de conduite dynamique et confortable. Notre motorisation full hybrid E-Tech 160 impressionne par ses performances et sa frugalit\u00e9 avec une consommation record. Sur\u00e9quip\u00e9e, \u00e0 l\u2019instar d\u2019OpenR Link avec Google int\u00e9gr\u00e9, elle a vraiment tout d\u2019une grande ! \u00bb<\/em><strong>Bruno Vanel, VP produit marque Renault<\/strong><\/p>\n\n\n\n<figure class=\"wp-block-image size-large\"><img decoding=\"async\" width=\"1024\" height=\"683\" src=\"https:\/\/rrgsuisse.ch\/wp-content\/uploads\/2025\/12\/R-DAM_1721316-1024x683.jpg\" alt=\"\" class=\"wp-image-47153\" srcset=\"https:\/\/rrgsuisse.ch\/wp-content\/uploads\/2025\/12\/R-DAM_1721316-1024x683.jpg 1024w, https:\/\/rrgsuisse.ch\/wp-content\/uploads\/2025\/12\/R-DAM_1721316-300x200.jpg 300w, https:\/\/rrgsuisse.ch\/wp-content\/uploads\/2025\/12\/R-DAM_1721316-768x512.jpg 768w, https:\/\/rrgsuisse.ch\/wp-content\/uploads\/2025\/12\/R-DAM_1721316.jpg 1200w\" sizes=\"(max-width: 1024px) 100vw, 1024px\" \/><figcaption class=\"wp-element-caption\">Test-Drive Renault Clio 6, November 10th 2025 at Lisbonne, Portugal &#8211; Photo Cl\u00e9ment Choulot \/ DPPI<\/figcaption><\/figure>\n","protected":false},"excerpt":{"rendered":"<p>Au fil des g\u00e9n\u00e9rations, Clio a sans cesse red\u00e9fini les standards de son segment pour toujours mieux r\u00e9pondre aux nouveaux besoins des clients. Nouvelle Renault Clio dont les commandes ont ouvert au mois d\u2019octobre poursuit avec force sur la m\u00eame voie.<\/p>\n","protected":false},"author":1,"featured_media":47149,"comment_status":"closed","ping_status":"open","sticky":false,"template":"","format":"standard","meta":{"_acf_changed":false,"footnotes":""},"categories":[18,104],"tags":[],"class_list":["post-47148","post","type-post","status-publish","format-standard","has-post-thumbnail","hentry","category-a-la-une","category-actualite-renault"],"acf":[],"yoast_head":"<!-- This site is optimized with the Yoast SEO plugin v27.5 - https:\/\/yoast.com\/product\/yoast-seo-wordpress\/ -->\n<title>Nouvelle Clio \u00e0 l\u2019essai \u2013 La nouvelle r\u00e9f\u00e9rence de sa cat\u00e9gorie - RRG Suisse<\/title>\n<meta name=\"robots\" content=\"index, follow, max-snippet:-1, max-image-preview:large, max-video-preview:-1\" \/>\n<link rel=\"canonical\" href=\"https:\/\/rrgsuisse.ch\/fr\/nouvelle-clio-a-lessai-la-nouvelle-reference-de-sa-categorie\" \/>\n<meta property=\"og:locale\" content=\"fr_FR\" \/>\n<meta property=\"og:type\" content=\"article\" \/>\n<meta property=\"og:title\" content=\"Nouvelle Clio \u00e0 l\u2019essai \u2013 La nouvelle r\u00e9f\u00e9rence de sa cat\u00e9gorie - RRG Suisse\" \/>\n<meta property=\"og:description\" content=\"Au fil des g\u00e9n\u00e9rations, Clio a sans cesse red\u00e9fini les standards de son segment pour toujours mieux r\u00e9pondre aux nouveaux besoins des clients. Nouvelle Renault Clio dont les commandes ont ouvert au mois d\u2019octobre poursuit avec force sur la m\u00eame voie.\" \/>\n<meta property=\"og:url\" content=\"https:\/\/rrgsuisse.ch\/fr\/nouvelle-clio-a-lessai-la-nouvelle-reference-de-sa-categorie\" \/>\n<meta property=\"og:site_name\" content=\"RRG Suisse\" \/>\n<meta property=\"article:published_time\" content=\"2025-12-03T07:40:37+00:00\" \/>\n<meta property=\"article:modified_time\" content=\"2025-12-03T07:40:40+00:00\" \/>\n<meta property=\"og:image\" content=\"https:\/\/rrgsuisse.ch\/wp-content\/uploads\/2025\/12\/R-DAM_1720953-scaled.jpg\" \/>\n\t<meta property=\"og:image:width\" content=\"2560\" \/>\n\t<meta property=\"og:image:height\" content=\"1708\" \/>\n\t<meta property=\"og:image:type\" content=\"image\/jpeg\" \/>\n<meta name=\"author\" content=\"rrgsuisse\" \/>\n<meta name=\"twitter:card\" content=\"summary_large_image\" \/>\n<meta name=\"twitter:label1\" content=\"Written by\" \/>\n\t<meta name=\"twitter:data1\" content=\"rrgsuisse\" \/>\n\t<meta name=\"twitter:label2\" content=\"Est. reading time\" \/>\n\t<meta name=\"twitter:data2\" content=\"5 minutes\" \/>\n<script type=\"application\/ld+json\" class=\"yoast-schema-graph\">{\"@context\":\"https:\\\/\\\/schema.org\",\"@graph\":[{\"@type\":\"Article\",\"@id\":\"https:\\\/\\\/rrgsuisse.ch\\\/fr\\\/nouvelle-clio-a-lessai-la-nouvelle-reference-de-sa-categorie#article\",\"isPartOf\":{\"@id\":\"https:\\\/\\\/rrgsuisse.ch\\\/fr\\\/nouvelle-clio-a-lessai-la-nouvelle-reference-de-sa-categorie\"},\"author\":{\"name\":\"rrgsuisse\",\"@id\":\"https:\\\/\\\/rrgsuisse.ch\\\/fr\\\/#\\\/schema\\\/person\\\/3fb0fceb9f1a5bcb4c674661a09ea4f7\"},\"headline\":\"Nouvelle Clio \u00e0 l\u2019essai \u2013 La nouvelle r\u00e9f\u00e9rence de sa cat\u00e9gorie\",\"datePublished\":\"2025-12-03T07:40:37+00:00\",\"dateModified\":\"2025-12-03T07:40:40+00:00\",\"mainEntityOfPage\":{\"@id\":\"https:\\\/\\\/rrgsuisse.ch\\\/fr\\\/nouvelle-clio-a-lessai-la-nouvelle-reference-de-sa-categorie\"},\"wordCount\":768,\"image\":{\"@id\":\"https:\\\/\\\/rrgsuisse.ch\\\/fr\\\/nouvelle-clio-a-lessai-la-nouvelle-reference-de-sa-categorie#primaryimage\"},\"thumbnailUrl\":\"https:\\\/\\\/rrgsuisse.ch\\\/wp-content\\\/uploads\\\/2025\\\/12\\\/R-DAM_1720953-scaled.jpg\",\"articleSection\":[\"A la une\",\"Actualit\u00e9 Renault\"],\"inLanguage\":\"fr-CH\"},{\"@type\":\"WebPage\",\"@id\":\"https:\\\/\\\/rrgsuisse.ch\\\/fr\\\/nouvelle-clio-a-lessai-la-nouvelle-reference-de-sa-categorie\",\"url\":\"https:\\\/\\\/rrgsuisse.ch\\\/fr\\\/nouvelle-clio-a-lessai-la-nouvelle-reference-de-sa-categorie\",\"name\":\"Nouvelle Clio \u00e0 l\u2019essai \u2013 La nouvelle r\u00e9f\u00e9rence de sa cat\u00e9gorie - RRG Suisse\",\"isPartOf\":{\"@id\":\"https:\\\/\\\/rrgsuisse.ch\\\/fr\\\/#website\"},\"primaryImageOfPage\":{\"@id\":\"https:\\\/\\\/rrgsuisse.ch\\\/fr\\\/nouvelle-clio-a-lessai-la-nouvelle-reference-de-sa-categorie#primaryimage\"},\"image\":{\"@id\":\"https:\\\/\\\/rrgsuisse.ch\\\/fr\\\/nouvelle-clio-a-lessai-la-nouvelle-reference-de-sa-categorie#primaryimage\"},\"thumbnailUrl\":\"https:\\\/\\\/rrgsuisse.ch\\\/wp-content\\\/uploads\\\/2025\\\/12\\\/R-DAM_1720953-scaled.jpg\",\"datePublished\":\"2025-12-03T07:40:37+00:00\",\"dateModified\":\"2025-12-03T07:40:40+00:00\",\"author\":{\"@id\":\"https:\\\/\\\/rrgsuisse.ch\\\/fr\\\/#\\\/schema\\\/person\\\/3fb0fceb9f1a5bcb4c674661a09ea4f7\"},\"breadcrumb\":{\"@id\":\"https:\\\/\\\/rrgsuisse.ch\\\/fr\\\/nouvelle-clio-a-lessai-la-nouvelle-reference-de-sa-categorie#breadcrumb\"},\"inLanguage\":\"fr-CH\",\"potentialAction\":[{\"@type\":\"ReadAction\",\"target\":[\"https:\\\/\\\/rrgsuisse.ch\\\/fr\\\/nouvelle-clio-a-lessai-la-nouvelle-reference-de-sa-categorie\"]}]},{\"@type\":\"ImageObject\",\"inLanguage\":\"fr-CH\",\"@id\":\"https:\\\/\\\/rrgsuisse.ch\\\/fr\\\/nouvelle-clio-a-lessai-la-nouvelle-reference-de-sa-categorie#primaryimage\",\"url\":\"https:\\\/\\\/rrgsuisse.ch\\\/wp-content\\\/uploads\\\/2025\\\/12\\\/R-DAM_1720953-scaled.jpg\",\"contentUrl\":\"https:\\\/\\\/rrgsuisse.ch\\\/wp-content\\\/uploads\\\/2025\\\/12\\\/R-DAM_1720953-scaled.jpg\",\"width\":2560,\"height\":1708,\"caption\":\"Test-Drive Renault Clio 6, November 10th 2025 at Lisbonne, Portugal - Photo Cl\u00e9ment Choulot \\\/ DPPI\"},{\"@type\":\"BreadcrumbList\",\"@id\":\"https:\\\/\\\/rrgsuisse.ch\\\/fr\\\/nouvelle-clio-a-lessai-la-nouvelle-reference-de-sa-categorie#breadcrumb\",\"itemListElement\":[{\"@type\":\"ListItem\",\"position\":1,\"name\":\"Home\",\"item\":\"https:\\\/\\\/rrgsuisse.ch\\\/fr\"},{\"@type\":\"ListItem\",\"position\":2,\"name\":\"Nouvelle Clio \u00e0 l\u2019essai \u2013 La nouvelle r\u00e9f\u00e9rence de sa cat\u00e9gorie\"}]},{\"@type\":\"WebSite\",\"@id\":\"https:\\\/\\\/rrgsuisse.ch\\\/fr\\\/#website\",\"url\":\"https:\\\/\\\/rrgsuisse.ch\\\/fr\\\/\",\"name\":\"RRG Suisse\",\"description\":\"Retail Renault Group - Revendeur officiel Renault, Dacia, Nissan\",\"potentialAction\":[{\"@type\":\"SearchAction\",\"target\":{\"@type\":\"EntryPoint\",\"urlTemplate\":\"https:\\\/\\\/rrgsuisse.ch\\\/fr\\\/?s={search_term_string}\"},\"query-input\":{\"@type\":\"PropertyValueSpecification\",\"valueRequired\":true,\"valueName\":\"search_term_string\"}}],\"inLanguage\":\"fr-CH\"},{\"@type\":\"Person\",\"@id\":\"https:\\\/\\\/rrgsuisse.ch\\\/fr\\\/#\\\/schema\\\/person\\\/3fb0fceb9f1a5bcb4c674661a09ea4f7\",\"name\":\"rrgsuisse\",\"image\":{\"@type\":\"ImageObject\",\"inLanguage\":\"fr-CH\",\"@id\":\"https:\\\/\\\/secure.gravatar.com\\\/avatar\\\/5e8e0f3f10010a38feb43e707770c4c97735143a26d51396eb4f3ea6bb49ed57?s=96&d=mm&r=g\",\"url\":\"https:\\\/\\\/secure.gravatar.com\\\/avatar\\\/5e8e0f3f10010a38feb43e707770c4c97735143a26d51396eb4f3ea6bb49ed57?s=96&d=mm&r=g\",\"contentUrl\":\"https:\\\/\\\/secure.gravatar.com\\\/avatar\\\/5e8e0f3f10010a38feb43e707770c4c97735143a26d51396eb4f3ea6bb49ed57?s=96&d=mm&r=g\",\"caption\":\"rrgsuisse\"},\"sameAs\":[\"https:\\\/\\\/rrgsuisse.ch\"],\"url\":\"https:\\\/\\\/rrgsuisse.ch\\\/fr\\\/author\\\/rrgsuisse\"}]}<\/script>\n<!-- \/ Yoast SEO plugin. -->","yoast_head_json":{"title":"Nouvelle Clio \u00e0 l\u2019essai \u2013 La nouvelle r\u00e9f\u00e9rence de sa cat\u00e9gorie - RRG Suisse","robots":{"index":"index","follow":"follow","max-snippet":"max-snippet:-1","max-image-preview":"max-image-preview:large","max-video-preview":"max-video-preview:-1"},"canonical":"https:\/\/rrgsuisse.ch\/fr\/nouvelle-clio-a-lessai-la-nouvelle-reference-de-sa-categorie","og_locale":"fr_FR","og_type":"article","og_title":"Nouvelle Clio \u00e0 l\u2019essai \u2013 La nouvelle r\u00e9f\u00e9rence de sa cat\u00e9gorie - RRG Suisse","og_description":"Au fil des g\u00e9n\u00e9rations, Clio a sans cesse red\u00e9fini les standards de son segment pour toujours mieux r\u00e9pondre aux nouveaux besoins des clients. Nouvelle Renault Clio dont les commandes ont ouvert au mois d\u2019octobre poursuit avec force sur la m\u00eame voie.","og_url":"https:\/\/rrgsuisse.ch\/fr\/nouvelle-clio-a-lessai-la-nouvelle-reference-de-sa-categorie","og_site_name":"RRG Suisse","article_published_time":"2025-12-03T07:40:37+00:00","article_modified_time":"2025-12-03T07:40:40+00:00","og_image":[{"width":2560,"height":1708,"url":"https:\/\/rrgsuisse.ch\/wp-content\/uploads\/2025\/12\/R-DAM_1720953-scaled.jpg","type":"image\/jpeg"}],"author":"rrgsuisse","twitter_card":"summary_large_image","twitter_misc":{"Written by":"rrgsuisse","Est. reading time":"5 minutes"},"schema":{"@context":"https:\/\/schema.org","@graph":[{"@type":"Article","@id":"https:\/\/rrgsuisse.ch\/fr\/nouvelle-clio-a-lessai-la-nouvelle-reference-de-sa-categorie#article","isPartOf":{"@id":"https:\/\/rrgsuisse.ch\/fr\/nouvelle-clio-a-lessai-la-nouvelle-reference-de-sa-categorie"},"author":{"name":"rrgsuisse","@id":"https:\/\/rrgsuisse.ch\/fr\/#\/schema\/person\/3fb0fceb9f1a5bcb4c674661a09ea4f7"},"headline":"Nouvelle Clio \u00e0 l\u2019essai \u2013 La nouvelle r\u00e9f\u00e9rence de sa cat\u00e9gorie","datePublished":"2025-12-03T07:40:37+00:00","dateModified":"2025-12-03T07:40:40+00:00","mainEntityOfPage":{"@id":"https:\/\/rrgsuisse.ch\/fr\/nouvelle-clio-a-lessai-la-nouvelle-reference-de-sa-categorie"},"wordCount":768,"image":{"@id":"https:\/\/rrgsuisse.ch\/fr\/nouvelle-clio-a-lessai-la-nouvelle-reference-de-sa-categorie#primaryimage"},"thumbnailUrl":"https:\/\/rrgsuisse.ch\/wp-content\/uploads\/2025\/12\/R-DAM_1720953-scaled.jpg","articleSection":["A la une","Actualit\u00e9 Renault"],"inLanguage":"fr-CH"},{"@type":"WebPage","@id":"https:\/\/rrgsuisse.ch\/fr\/nouvelle-clio-a-lessai-la-nouvelle-reference-de-sa-categorie","url":"https:\/\/rrgsuisse.ch\/fr\/nouvelle-clio-a-lessai-la-nouvelle-reference-de-sa-categorie","name":"Nouvelle Clio \u00e0 l\u2019essai \u2013 La nouvelle r\u00e9f\u00e9rence de sa cat\u00e9gorie - RRG Suisse","isPartOf":{"@id":"https:\/\/rrgsuisse.ch\/fr\/#website"},"primaryImageOfPage":{"@id":"https:\/\/rrgsuisse.ch\/fr\/nouvelle-clio-a-lessai-la-nouvelle-reference-de-sa-categorie#primaryimage"},"image":{"@id":"https:\/\/rrgsuisse.ch\/fr\/nouvelle-clio-a-lessai-la-nouvelle-reference-de-sa-categorie#primaryimage"},"thumbnailUrl":"https:\/\/rrgsuisse.ch\/wp-content\/uploads\/2025\/12\/R-DAM_1720953-scaled.jpg","datePublished":"2025-12-03T07:40:37+00:00","dateModified":"2025-12-03T07:40:40+00:00","author":{"@id":"https:\/\/rrgsuisse.ch\/fr\/#\/schema\/person\/3fb0fceb9f1a5bcb4c674661a09ea4f7"},"breadcrumb":{"@id":"https:\/\/rrgsuisse.ch\/fr\/nouvelle-clio-a-lessai-la-nouvelle-reference-de-sa-categorie#breadcrumb"},"inLanguage":"fr-CH","potentialAction":[{"@type":"ReadAction","target":["https:\/\/rrgsuisse.ch\/fr\/nouvelle-clio-a-lessai-la-nouvelle-reference-de-sa-categorie"]}]},{"@type":"ImageObject","inLanguage":"fr-CH","@id":"https:\/\/rrgsuisse.ch\/fr\/nouvelle-clio-a-lessai-la-nouvelle-reference-de-sa-categorie#primaryimage","url":"https:\/\/rrgsuisse.ch\/wp-content\/uploads\/2025\/12\/R-DAM_1720953-scaled.jpg","contentUrl":"https:\/\/rrgsuisse.ch\/wp-content\/uploads\/2025\/12\/R-DAM_1720953-scaled.jpg","width":2560,"height":1708,"caption":"Test-Drive Renault Clio 6, November 10th 2025 at Lisbonne, Portugal - Photo Cl\u00e9ment Choulot \/ DPPI"},{"@type":"BreadcrumbList","@id":"https:\/\/rrgsuisse.ch\/fr\/nouvelle-clio-a-lessai-la-nouvelle-reference-de-sa-categorie#breadcrumb","itemListElement":[{"@type":"ListItem","position":1,"name":"Home","item":"https:\/\/rrgsuisse.ch\/fr"},{"@type":"ListItem","position":2,"name":"Nouvelle Clio \u00e0 l\u2019essai \u2013 La nouvelle r\u00e9f\u00e9rence de sa cat\u00e9gorie"}]},{"@type":"WebSite","@id":"https:\/\/rrgsuisse.ch\/fr\/#website","url":"https:\/\/rrgsuisse.ch\/fr\/","name":"RRG Suisse","description":"Retail Renault Group - Revendeur officiel Renault, Dacia, Nissan","potentialAction":[{"@type":"SearchAction","target":{"@type":"EntryPoint","urlTemplate":"https:\/\/rrgsuisse.ch\/fr\/?s={search_term_string}"},"query-input":{"@type":"PropertyValueSpecification","valueRequired":true,"valueName":"search_term_string"}}],"inLanguage":"fr-CH"},{"@type":"Person","@id":"https:\/\/rrgsuisse.ch\/fr\/#\/schema\/person\/3fb0fceb9f1a5bcb4c674661a09ea4f7","name":"rrgsuisse","image":{"@type":"ImageObject","inLanguage":"fr-CH","@id":"https:\/\/secure.gravatar.com\/avatar\/5e8e0f3f10010a38feb43e707770c4c97735143a26d51396eb4f3ea6bb49ed57?s=96&d=mm&r=g","url":"https:\/\/secure.gravatar.com\/avatar\/5e8e0f3f10010a38feb43e707770c4c97735143a26d51396eb4f3ea6bb49ed57?s=96&d=mm&r=g","contentUrl":"https:\/\/secure.gravatar.com\/avatar\/5e8e0f3f10010a38feb43e707770c4c97735143a26d51396eb4f3ea6bb49ed57?s=96&d=mm&r=g","caption":"rrgsuisse"},"sameAs":["https:\/\/rrgsuisse.ch"],"url":"https:\/\/rrgsuisse.ch\/fr\/author\/rrgsuisse"}]}},"wpml_current_locale":"fr_CH","wpml_translations":{"de_CH":{"locale":"de_CH","id":47158,"slug":"der-neue-renault-clio-ein-fahrzeug-fuer-gehobene-ansprueche","post_title":"Der neue Renault Clio \u2013 ein Fahrzeug f\u00fcr gehobene Anspr\u00fcche","href":"https:\/\/rrgsuisse.ch\/de\/der-neue-renault-clio-ein-fahrzeug-fuer-gehobene-ansprueche"}},"_links":{"self":[{"href":"https:\/\/rrgsuisse.ch\/fr\/wp-json\/wp\/v2\/posts\/47148","targetHints":{"allow":["GET"]}}],"collection":[{"href":"https:\/\/rrgsuisse.ch\/fr\/wp-json\/wp\/v2\/posts"}],"about":[{"href":"https:\/\/rrgsuisse.ch\/fr\/wp-json\/wp\/v2\/types\/post"}],"author":[{"embeddable":true,"href":"https:\/\/rrgsuisse.ch\/fr\/wp-json\/wp\/v2\/users\/1"}],"replies":[{"embeddable":true,"href":"https:\/\/rrgsuisse.ch\/fr\/wp-json\/wp\/v2\/comments?post=47148"}],"version-history":[{"count":1,"href":"https:\/\/rrgsuisse.ch\/fr\/wp-json\/wp\/v2\/posts\/47148\/revisions"}],"predecessor-version":[{"id":47157,"href":"https:\/\/rrgsuisse.ch\/fr\/wp-json\/wp\/v2\/posts\/47148\/revisions\/47157"}],"wp:featuredmedia":[{"embeddable":true,"href":"https:\/\/rrgsuisse.ch\/fr\/wp-json\/wp\/v2\/media\/47149"}],"wp:attachment":[{"href":"https:\/\/rrgsuisse.ch\/fr\/wp-json\/wp\/v2\/media?parent=47148"}],"wp:term":[{"taxonomy":"category","embeddable":true,"href":"https:\/\/rrgsuisse.ch\/fr\/wp-json\/wp\/v2\/categories?post=47148"},{"taxonomy":"post_tag","embeddable":true,"href":"https:\/\/rrgsuisse.ch\/fr\/wp-json\/wp\/v2\/tags?post=47148"}],"curies":[{"name":"wp","href":"https:\/\/api.w.org\/{rel}","templated":true}]}}