{"id":47772,"date":"2026-01-23T15:48:10","date_gmt":"2026-01-23T14:48:10","guid":{"rendered":"https:\/\/rrgsuisse.ch\/bwt-alpine-formula-one-team-hisse-les-voiles-vers-une-saison-historique-et-marquee-par-une-nouvelle-reglementation-en-2026"},"modified":"2026-01-23T15:48:18","modified_gmt":"2026-01-23T14:48:18","slug":"bwt-alpine-formula-one-team-hisse-les-voiles-vers-une-saison-historique-et-marquee-par-une-nouvelle-reglementation-en-2026","status":"publish","type":"post","link":"https:\/\/rrgsuisse.ch\/fr\/bwt-alpine-formula-one-team-hisse-les-voiles-vers-une-saison-historique-et-marquee-par-une-nouvelle-reglementation-en-2026","title":{"rendered":"BWT Alpine Formula One Team hisse les voiles vers une saison historique et marqu\u00e9e par une nouvelle r\u00e8glementation en 2026"},"content":{"rendered":"<div class=\"description\">\n\t\t\t\t\t\t\t\t\t<b>BWT Alpine Formula One Team a mis le cap sur la saison 2026 au c\u0153ur du MSC World Europa lors de son lancement officiel \u00e0 Barcelone (Espagne).<\/b><\/p>\n<figure class=\"wp-block-image\"><img decoding=\"async\" src=\"https:\/\/media.renault.ch\/__\/162713.b687db58.jpg\" alt=\"\" \/><\/figure>\n<p>\n<i>\u00ab Aujourd\u2019hui marque le d\u00e9but d\u2019un nouveau chapitre pour BWT Alpine Formula One Team \u00bb<\/i>, a d\u00e9clar\u00e9 Flavio Briatore. <i>\u00ab C\u2019est avec un immense plaisir que nous lan\u00e7ons notre campagne \u00e0 Barcelone, avec notre Partenaire MSC Croisi\u00e8res, \u00e0 bord du MSC World Europa. Nous nous pr\u00e9parons \u00e0 vivre une saison sans doute unique dans l\u2019histoire de la Formule 1. Elle le sera notamment pour notre \u00e9quipe puisque le nouveau r\u00e8glement offre une v\u00e9ritable page blanche et une formidable opportunit\u00e9 d\u2019\u00eatre plus comp\u00e9titifs que ces derni\u00e8res ann\u00e9es. \u00bb<\/p>\n<p>\u00ab Ces derniers mois ont \u00e9t\u00e9 particuli\u00e8rement intenses \u00e0 l\u2019usine d\u2019Enstone pour pr\u00e9parer la saison, concevoir et d\u00e9velopper l\u2019A526 en collaboration avec Mercedes-AMG, qui fournit \u00e0 compter de cette ann\u00e9e le nouveau groupe propulseur et la bo\u00eete de vitesses. Ce partenariat nous enthousiasme vraiment. \u00bb<\/p>\n<p>\u00ab C\u2019est tout simplement fantastique d\u2019\u00eatre entour\u00e9s de tant de partenaires, dont notre Partenaire Titre BWT, nos h\u00f4tes MSC Croisi\u00e8res et notre Partenaire Premium Eni, pour d\u00e9voiler notre livr\u00e9e. Je les remercie tous, partenaires historiques comme nouveaux, pour leur engagement envers l\u2019\u00e9quipe, notamment apr\u00e8s nos d\u00e9fis en piste l\u2019an pass\u00e9. \u00bb<\/i><\/p>\n<p><b>ALL ABOARD!<\/b><br \/>\nL\u2019\u00e9v\u00e9nement organis\u00e9 au sein du MSC World Europa \u00e9tait v\u00e9ritablement unique en son genre. Lundi, le navire a quitt\u00e9 Civitavecchia, pr\u00e8s de Rome (Italie) et, comme toutes les \u00e9curies, a mis le cap sur Barcelone, o\u00f9 le shakedown officiel de la Formule 1 d\u00e9butera ce lundi 26 janvier. Il s\u2019agira de la premi\u00e8re v\u00e9ritable occasion de voir l\u2019A526 en action.<\/p>\n<p>L\u2019\u00e9quipe a d\u00e9voil\u00e9 ses couleurs et l\u2019ensemble de ses partenaires pour la saison dans l\u2019impressionnant Panorama Lounge, un espace th\u00e9\u00e2tral aux baies vitr\u00e9es offrant une vue imprenable sur un somptueux paysage naturel. Les partenaires, fid\u00e8les comme nouveaux, y \u00e9taient r\u00e9unis avec les m\u00e9dias internationaux pour lancer cette campagne avec une forte part d\u2019inconnu induite par la nouvelle r\u00e8glementation des ch\u00e2ssis et groupes propulseurs.<\/p>\n<p><b>LE PROJET<\/b><br \/>\nL\u2019A526 est une monoplace enti\u00e8rement nouvelle, de l\u2019avant \u00e0 l\u2019arri\u00e8re en passant par le ch\u00e2ssis et le groupe propulseur. Ses dimensions et son poids ont \u00e9t\u00e9 significativement r\u00e9duits : 200 mm de moins en longueur, 100 mm de moins en largeur et un all\u00e8gement total de 30 kg.<\/p>\n<p><i>\u00ab L\u2019ann\u00e9e qui vient de s\u2019\u00e9couler en Formule 1 a \u00e9t\u00e9 absolument exceptionnelle \u00bb<\/i>, explique <b>David Sanchez, Directeur Technique Ex\u00e9cutif<\/b>. <i>\u00ab Avec cette r\u00e9volution r\u00e8glementaire, ce projet a repr\u00e9sent\u00e9 un d\u00e9fi passionnant, auquel nous nous sommes pleinement consacr\u00e9s. \u00bb<\/p>\n<p>\u00ab La voiture est plus courte et plus \u00e9troite que celles des derni\u00e8res ann\u00e9es, avec plus de libert\u00e9s a\u00e9rodynamiques. Nous retrouvons de l\u2019a\u00e9rodynamique active, ce qui nous permet d\u2019avoir des ailerons mobiles \u00e0 l\u2019avant et \u00e0 l\u2019arri\u00e8re, une nouveaut\u00e9 pour la grande majorit\u00e9 des pilotes actuels. La r\u00e9duction de l\u2019appui et de la tra\u00een\u00e9e devrait rendre les courses encore plus disput\u00e9es, ce qui ne devrait pas manquer de captiver les fans. \u00bb<\/p>\n<figure class=\"wp-block-image\"><img decoding=\"async\" src=\"https:\/\/media.renault.ch\/__\/162723.5cd1ffc1.jpg\" alt=\"\" \/><\/figure>\n<p>\u00ab Nous disposons aussi de plus de puissance \u00e9lectrique dans les groupes propulseurs avec notre partenariat avec Mercedes-AMG pour 2026. C\u2019\u00e9tait fantastique de travailler en \u00e9troite collaboration avec nos nouveaux coll\u00e8gues de Brixworth ces derniers mois et semaines afin de comprendre ensemble la meilleure mani\u00e8re d\u2019optimiser l\u2019ensemble. \u00bb<\/p>\n<p>\u00ab En plus du d\u00e9fi repr\u00e9sent\u00e9 par le groupe propulseur et les carburants 100 % durables, nous devrons nous familiariser avec une nouvelle terminologie puisque les modes d\u00e9passement, boost et recharge feront tous partie de notre vocabulaire d\u00e8s cette ann\u00e9e. \u00bb<\/p>\n<p>\u00ab Toute l\u2019\u00e9quipe d\u2019Enstone a h\u00e2te d\u2019\u00eatre la semaine prochaine \u00e0 Barcelone, o\u00f9 nous aurons beaucoup \u00e0 apprendre et \u00e0 comprendre sur l\u2019A526. \u00bb<\/i><\/p>\n<p><b>TOUT RESTE \u00c0 JOUER<\/b><br \/>\n<b>Pierre Gasly<\/b> entame sa dixi\u00e8me saison en Formule 1, la quatri\u00e8me avec Alpine. Le Fran\u00e7ais a inscrit 100 % des points de l\u2019\u00e9curie en 2025, atteint la Q3 \u00e0 dix reprises et aborde cette nouvelle campagne avec optimisme.<\/p>\n<p><i>\u00ab C\u2019est la premi\u00e8re fois de ma carri\u00e8re que l\u2019ensemble de la voiture conna\u00eet des changements aussi profonds \u00bb<\/i>, confie <b>Pierre<\/b>. <i>\u00ab Bien s\u00fbr, tout le monde est en terrain inconnu, mais je trouve cela extr\u00eamement stimulant en tant que pilote. Pour l\u2019\u00e9quipe, le chemin a \u00e9t\u00e9 long pour en arriver l\u00e0. Nous avons \u00e9norm\u00e9ment travaill\u00e9 au simulateur l\u2019an pass\u00e9 pour nous pr\u00e9parer \u00e0 ce nouveau r\u00e8glement et je sais que toute l\u2019\u00e9quipe d\u2019Enstone a fourni des efforts consid\u00e9rables pour d\u00e9velopper le meilleur package possible. \u00bb<\/i><\/p>\n<p><i>\u00ab Ce que nous verrons \u00e0 partir du shakedown la semaine prochaine sera int\u00e9ressant, mais ce ne seront pas les voitures d\u00e9finitives. Nous continuerons \u00e0 apprendre pour d\u00e9velopper le package chaque fois que nous prendrons la piste. \u00bb<\/p>\n<p>\u00ab Je ne me fixe pas d\u2019objectif pr\u00e9cis. Il faudra travailler d\u2019arrache-pied avec l\u2019\u00e9quipe pour identifier les axes de progr\u00e8s. Nous avancerons jour apr\u00e8s jour, en essayant d\u2019\u00eatre aussi comp\u00e9titifs que possible tout au long de l\u2019ann\u00e9e. Je suis \u00e9videmment enthousiaste et optimiste, mais \u00e9galement r\u00e9aliste sur mes ambitions. Aujourd\u2019hui, je ressens surtout une immense fiert\u00e9 de voir l\u2019\u00e9quipe atteindre tous ses jalons dans la pr\u00e9paration de l\u2019A526. \u00bb<\/i><\/p>\n<p><b>Franco Colapinto<\/b> aborde lui aussi l\u2019ann\u00e9e 2026 avec positivit\u00e9 et s\u2019appr\u00eate \u00e0 poursuivre sa progression au sommet du sport automobile en disputant sa premi\u00e8re saison compl\u00e8te en Formule 1.<\/p>\n<p><i>\u00ab Je suis avant tout extr\u00eamement enthousiaste \u00bb<\/i>, ajoute <b>Franco<\/b>. <i>\u00ab Pour la premi\u00e8re fois de ma carri\u00e8re, j\u2019ai pu b\u00e9n\u00e9ficier d\u2019une v\u00e9ritable intersaison afin de me pr\u00e9parer au mieux pour une saison compl\u00e8te, et ce d\u00e8s les premiers essais et la premi\u00e8re course. C\u2019est tr\u00e8s important pour moi, car je me sens vraiment impliqu\u00e9 dans le projet et cela me permet de travailler dur d\u2019entr\u00e9e de jeu avec toute l\u2019\u00e9quipe. \u00bb<\/p>\n<p>\u00ab Nous avons eu l\u2019occasion de d\u00e9couvrir la voiture et de nous pr\u00e9parer au simulateur. Bien s\u00fbr, c\u2019est tr\u00e8s diff\u00e9rent de tout ce que j\u2019ai connu auparavant, et je pense que c\u2019est le cas pour la plupart des pilotes sur la grille. Il y a de nouvelles subtilit\u00e9s \u00e0 ma\u00eetriser et des d\u00e9fis in\u00e9dits \u00e0 relever pour extraire le maximum du package, et je trouve cela passionnant. \u00bb<\/p>\n<p>\u00ab Je sais que toute l\u2019\u00e9quipe est extr\u00eamement motiv\u00e9e pour r\u00e9aliser une bonne saison. Je vais essayer d\u2019en apprendre le plus possible lors des premi\u00e8res courses et de continuer \u00e0 progresser. J\u2019esp\u00e8re que cela nous permettra d\u2019\u00eatre comp\u00e9titifs en tant qu\u2019\u00e9quipe. \u00bb<\/i><\/p>\n<p><b>Paul Aron<\/b> compl\u00e8te l\u2019effectif aux c\u00f4t\u00e9s de Pierre et Franco pour sa deuxi\u00e8me saison en tant que pilote de r\u00e9serve.<\/p>\n<p><i>\u00ab Je suis ravi de faire partie de cette nouvelle \u00e8re de la Formule 1 et j\u2019ai h\u00e2te d\u2019en apprendre un maximum \u00bb<\/i>, confie l\u2019Estonien. <i>\u00ab Dans mon r\u00f4le de pilote de r\u00e9serve, il sera crucial d\u2019assimiler rapidement les nouveaux syst\u00e8mes et de passer beaucoup de temps au simulateur pour aider l\u2019\u00e9quipe \u00e0 progresser vite. C\u2019est une opportunit\u00e9 passionnante et je suis impatient que la saison commence. \u00bb<\/i><\/p>\n<p>Fort de ses premiers essais officiels avec l\u2019A525 en d\u00e9cembre dernier \u00e0 Abu Dhabi, Kush Maini sera toujours membre de l\u2019Alpine Academy, engag\u00e9 en Championnat FIA de Formule 2 et pilote de r\u00e9serve au sein du vivier de l\u2019\u00e9quipe.<\/p>\n<p><b>\u00c9TAPE PAR \u00c9TAPE<\/b><br \/>\nPlus t\u00f4t cette semaine, l\u2019\u00e9quipe a r\u00e9alis\u00e9 un d\u00e9verminage lui ayant permis de v\u00e9rifier pour la premi\u00e8re fois les nouveaux syst\u00e8mes et de valider la nouvelle monoplace \u00e0 Silverstone. L\u2019\u00e9curie s\u2019est rendue directement \u00e0 Barcelone pour le shakedown officiel de la Formule 1 \u00e0 compter de lundi, puis prendra la direction de Bahre\u00efn pour deux s\u00e9ances d\u2019essais de trois jours en f\u00e9vrier. Tous les regards se tourneront ensuite vers le coup d\u2019envoi de cette saison tant attendue le 8 mars \u00e0 Melbourne (Australie).<\/p>\n<p><i>\u00ab Il est assez rare de voir des changements d\u2019une telle ampleur, susceptibles de bouleverser la hi\u00e9rarchie de notre sport \u00bb<\/i>, conclut <b>Flavio Briatore<\/b>. <i>\u00ab Nous avan\u00e7ons \u00e9tape par \u00e9tape. Nous ne savons pas o\u00f9 nous nous situerons lors de la premi\u00e8re course, et encore moins \u00e0 la derni\u00e8re. \u00bb<\/p>\n<p>\u00ab Le d\u00e9veloppement sera crucial, et la capacit\u00e9 \u00e0 comprendre et apprendre comment exploiter au mieux le package sur chaque circuit fera toute la diff\u00e9rence. Nous savons que le chemin est long, mais nous avons h\u00e2te d\u2019y \u00eatre. \u00bb <\/p>\n<p>\u00ab La soif de succ\u00e8s de Pierre et de Franco est palpable. L\u2019ann\u00e9e derni\u00e8re n\u2019a \u00e9t\u00e9 facile pour personne, encore moins pour eux, et il est de notre devoir de leur fournir la voiture qui leur permettra d\u2019exprimer pleinement leur talent aux avant-postes. \u00bb<\/i>\n\t\t\t\t\t\t\t\t<\/div>\n","protected":false},"excerpt":{"rendered":"<p>BWT Alpine Formula One Team entame aujourd\u2019hui un nouveau voyage alors que la Formule 1 a rendez-vous en terres inconnues avec un r\u00e8glement technique in\u00e9dit.L\u2019\u00e9quipe a officiellement lanc\u00e9 sa campagne 2026 en Championnat du Monde FIA de Formule 1 \u00e0 l\u2019occasion d\u2019une pr\u00e9sentation organis\u00e9e en collaboration avec son Partenaire Premium MSC Croisi\u00e8res \u00e0 Barcelone (Espagne).\u00c0 bord du MSC World Europa, de retour de sa travers\u00e9e de la M\u00e9diterran\u00e9e, l\u2019\u00e9curie a d\u00e9voil\u00e9 les couleurs de l\u2019A526, sa monoplace pour 2026, avec le bleu traditionnel d\u2019Alpine m\u00eal\u00e9 au rose embl\u00e9matique de son Partenaire Titre BWT.Les pilotes Pierre Gasly et Franco Colapinto ont lev\u00e9 le voile sur la livr\u00e9e devant un public captiv\u00e9 et r\u00e9uni dans le Panorama Lounge du navire amarr\u00e9 au port de Barcelone.David Sanchez, Directeur Technique Ex\u00e9cutif, a d\u00e9taill\u00e9 la mobilisation totale des \u00e9quipes d\u2019Enstone et le travail men\u00e9 avec Mercedes-AMG High Performance Powertrains sur le groupe propulseur tandis que Flavio Briatore et le Directeur G\u00e9n\u00e9ral Steve Nielsen ont pr\u00e9sent\u00e9 le plan de navigation pour 2026.<\/p>\n","protected":false},"author":1,"featured_media":47773,"comment_status":"closed","ping_status":"open","sticky":false,"template":"","format":"standard","meta":{"_acf_changed":false,"footnotes":""},"categories":[18,125],"tags":[],"class_list":["post-47772","post","type-post","status-publish","format-standard","has-post-thumbnail","hentry","category-a-la-une","category-actualite-alpine"],"acf":[],"yoast_head":"<!-- This site is optimized with the Yoast SEO plugin v27.5 - https:\/\/yoast.com\/product\/yoast-seo-wordpress\/ -->\n<title>BWT Alpine Formula One Team hisse les voiles vers une saison historique et marqu\u00e9e par une nouvelle r\u00e8glementation en 2026 - RRG Suisse<\/title>\n<meta name=\"robots\" content=\"index, follow, max-snippet:-1, max-image-preview:large, max-video-preview:-1\" \/>\n<link rel=\"canonical\" href=\"https:\/\/rrgsuisse.ch\/fr\/bwt-alpine-formula-one-team-hisse-les-voiles-vers-une-saison-historique-et-marquee-par-une-nouvelle-reglementation-en-2026\" \/>\n<meta property=\"og:locale\" content=\"fr_FR\" \/>\n<meta property=\"og:type\" content=\"article\" \/>\n<meta property=\"og:title\" content=\"BWT Alpine Formula One Team hisse les voiles vers une saison historique et marqu\u00e9e par une nouvelle r\u00e8glementation en 2026 - RRG Suisse\" \/>\n<meta property=\"og:description\" content=\"BWT Alpine Formula One Team entame aujourd\u2019hui un nouveau voyage alors que la Formule 1 a rendez-vous en terres inconnues avec un r\u00e8glement technique in\u00e9dit.L\u2019\u00e9quipe a officiellement lanc\u00e9 sa campagne 2026 en Championnat du Monde FIA de Formule 1 \u00e0 l\u2019occasion d\u2019une pr\u00e9sentation organis\u00e9e en collaboration avec son Partenaire Premium MSC Croisi\u00e8res \u00e0 Barcelone (Espagne).\u00c0 bord du MSC World Europa, de retour de sa travers\u00e9e de la M\u00e9diterran\u00e9e, l\u2019\u00e9curie a d\u00e9voil\u00e9 les couleurs de l\u2019A526, sa monoplace pour 2026, avec le bleu traditionnel d\u2019Alpine m\u00eal\u00e9 au rose embl\u00e9matique de son Partenaire Titre BWT.Les pilotes Pierre Gasly et Franco Colapinto ont lev\u00e9 le voile sur la livr\u00e9e devant un public captiv\u00e9 et r\u00e9uni dans le Panorama Lounge du navire amarr\u00e9 au port de Barcelone.David Sanchez, Directeur Technique Ex\u00e9cutif, a d\u00e9taill\u00e9 la mobilisation totale des \u00e9quipes d\u2019Enstone et le travail men\u00e9 avec Mercedes-AMG High Performance Powertrains sur le groupe propulseur tandis que Flavio Briatore et le Directeur G\u00e9n\u00e9ral Steve Nielsen ont pr\u00e9sent\u00e9 le plan de navigation pour 2026.\" \/>\n<meta property=\"og:url\" content=\"https:\/\/rrgsuisse.ch\/fr\/bwt-alpine-formula-one-team-hisse-les-voiles-vers-une-saison-historique-et-marquee-par-une-nouvelle-reglementation-en-2026\" \/>\n<meta property=\"og:site_name\" content=\"RRG Suisse\" \/>\n<meta property=\"article:published_time\" content=\"2026-01-23T14:48:10+00:00\" \/>\n<meta property=\"article:modified_time\" content=\"2026-01-23T14:48:18+00:00\" \/>\n<meta property=\"og:image\" content=\"https:\/\/media.renault.ch\/__\/162713.b687db58.jpg\" \/>\n<meta name=\"author\" content=\"rrgsuisse\" \/>\n<meta name=\"twitter:card\" content=\"summary_large_image\" \/>\n<meta name=\"twitter:label1\" content=\"Written by\" \/>\n\t<meta name=\"twitter:data1\" content=\"rrgsuisse\" \/>\n\t<meta name=\"twitter:label2\" content=\"Est. reading time\" \/>\n\t<meta name=\"twitter:data2\" content=\"8 minutes\" \/>\n<script type=\"application\/ld+json\" class=\"yoast-schema-graph\">{\"@context\":\"https:\\\/\\\/schema.org\",\"@graph\":[{\"@type\":\"Article\",\"@id\":\"https:\\\/\\\/rrgsuisse.ch\\\/fr\\\/bwt-alpine-formula-one-team-hisse-les-voiles-vers-une-saison-historique-et-marquee-par-une-nouvelle-reglementation-en-2026#article\",\"isPartOf\":{\"@id\":\"https:\\\/\\\/rrgsuisse.ch\\\/fr\\\/bwt-alpine-formula-one-team-hisse-les-voiles-vers-une-saison-historique-et-marquee-par-une-nouvelle-reglementation-en-2026\"},\"author\":{\"name\":\"rrgsuisse\",\"@id\":\"https:\\\/\\\/rrgsuisse.ch\\\/fr\\\/#\\\/schema\\\/person\\\/3fb0fceb9f1a5bcb4c674661a09ea4f7\"},\"headline\":\"BWT Alpine Formula One Team hisse les voiles vers une saison historique et marqu\u00e9e par une nouvelle r\u00e8glementation en 2026\",\"datePublished\":\"2026-01-23T14:48:10+00:00\",\"dateModified\":\"2026-01-23T14:48:18+00:00\",\"mainEntityOfPage\":{\"@id\":\"https:\\\/\\\/rrgsuisse.ch\\\/fr\\\/bwt-alpine-formula-one-team-hisse-les-voiles-vers-une-saison-historique-et-marquee-par-une-nouvelle-reglementation-en-2026\"},\"wordCount\":1561,\"image\":{\"@id\":\"https:\\\/\\\/rrgsuisse.ch\\\/fr\\\/bwt-alpine-formula-one-team-hisse-les-voiles-vers-une-saison-historique-et-marquee-par-une-nouvelle-reglementation-en-2026#primaryimage\"},\"thumbnailUrl\":\"https:\\\/\\\/rrgsuisse.ch\\\/wp-content\\\/uploads\\\/2026\\\/01\\\/162718.2cf4f26b.jpg\",\"articleSection\":[\"A la une\",\"Actualit\u00e9 Alpine\"],\"inLanguage\":\"fr-CH\"},{\"@type\":\"WebPage\",\"@id\":\"https:\\\/\\\/rrgsuisse.ch\\\/fr\\\/bwt-alpine-formula-one-team-hisse-les-voiles-vers-une-saison-historique-et-marquee-par-une-nouvelle-reglementation-en-2026\",\"url\":\"https:\\\/\\\/rrgsuisse.ch\\\/fr\\\/bwt-alpine-formula-one-team-hisse-les-voiles-vers-une-saison-historique-et-marquee-par-une-nouvelle-reglementation-en-2026\",\"name\":\"BWT Alpine Formula One Team hisse les voiles vers une saison historique et marqu\u00e9e par une nouvelle r\u00e8glementation en 2026 - RRG Suisse\",\"isPartOf\":{\"@id\":\"https:\\\/\\\/rrgsuisse.ch\\\/fr\\\/#website\"},\"primaryImageOfPage\":{\"@id\":\"https:\\\/\\\/rrgsuisse.ch\\\/fr\\\/bwt-alpine-formula-one-team-hisse-les-voiles-vers-une-saison-historique-et-marquee-par-une-nouvelle-reglementation-en-2026#primaryimage\"},\"image\":{\"@id\":\"https:\\\/\\\/rrgsuisse.ch\\\/fr\\\/bwt-alpine-formula-one-team-hisse-les-voiles-vers-une-saison-historique-et-marquee-par-une-nouvelle-reglementation-en-2026#primaryimage\"},\"thumbnailUrl\":\"https:\\\/\\\/rrgsuisse.ch\\\/wp-content\\\/uploads\\\/2026\\\/01\\\/162718.2cf4f26b.jpg\",\"datePublished\":\"2026-01-23T14:48:10+00:00\",\"dateModified\":\"2026-01-23T14:48:18+00:00\",\"author\":{\"@id\":\"https:\\\/\\\/rrgsuisse.ch\\\/fr\\\/#\\\/schema\\\/person\\\/3fb0fceb9f1a5bcb4c674661a09ea4f7\"},\"breadcrumb\":{\"@id\":\"https:\\\/\\\/rrgsuisse.ch\\\/fr\\\/bwt-alpine-formula-one-team-hisse-les-voiles-vers-une-saison-historique-et-marquee-par-une-nouvelle-reglementation-en-2026#breadcrumb\"},\"inLanguage\":\"fr-CH\",\"potentialAction\":[{\"@type\":\"ReadAction\",\"target\":[\"https:\\\/\\\/rrgsuisse.ch\\\/fr\\\/bwt-alpine-formula-one-team-hisse-les-voiles-vers-une-saison-historique-et-marquee-par-une-nouvelle-reglementation-en-2026\"]}]},{\"@type\":\"ImageObject\",\"inLanguage\":\"fr-CH\",\"@id\":\"https:\\\/\\\/rrgsuisse.ch\\\/fr\\\/bwt-alpine-formula-one-team-hisse-les-voiles-vers-une-saison-historique-et-marquee-par-une-nouvelle-reglementation-en-2026#primaryimage\",\"url\":\"https:\\\/\\\/rrgsuisse.ch\\\/wp-content\\\/uploads\\\/2026\\\/01\\\/162718.2cf4f26b.jpg\",\"contentUrl\":\"https:\\\/\\\/rrgsuisse.ch\\\/wp-content\\\/uploads\\\/2026\\\/01\\\/162718.2cf4f26b.jpg\",\"width\":1200,\"height\":800},{\"@type\":\"BreadcrumbList\",\"@id\":\"https:\\\/\\\/rrgsuisse.ch\\\/fr\\\/bwt-alpine-formula-one-team-hisse-les-voiles-vers-une-saison-historique-et-marquee-par-une-nouvelle-reglementation-en-2026#breadcrumb\",\"itemListElement\":[{\"@type\":\"ListItem\",\"position\":1,\"name\":\"Home\",\"item\":\"https:\\\/\\\/rrgsuisse.ch\\\/fr\"},{\"@type\":\"ListItem\",\"position\":2,\"name\":\"BWT Alpine Formula One Team hisse les voiles vers une saison historique et marqu\u00e9e par une nouvelle r\u00e8glementation en 2026\"}]},{\"@type\":\"WebSite\",\"@id\":\"https:\\\/\\\/rrgsuisse.ch\\\/fr\\\/#website\",\"url\":\"https:\\\/\\\/rrgsuisse.ch\\\/fr\\\/\",\"name\":\"RRG Suisse\",\"description\":\"Retail Renault Group - Revendeur officiel Renault, Dacia, Nissan\",\"potentialAction\":[{\"@type\":\"SearchAction\",\"target\":{\"@type\":\"EntryPoint\",\"urlTemplate\":\"https:\\\/\\\/rrgsuisse.ch\\\/fr\\\/?s={search_term_string}\"},\"query-input\":{\"@type\":\"PropertyValueSpecification\",\"valueRequired\":true,\"valueName\":\"search_term_string\"}}],\"inLanguage\":\"fr-CH\"},{\"@type\":\"Person\",\"@id\":\"https:\\\/\\\/rrgsuisse.ch\\\/fr\\\/#\\\/schema\\\/person\\\/3fb0fceb9f1a5bcb4c674661a09ea4f7\",\"name\":\"rrgsuisse\",\"image\":{\"@type\":\"ImageObject\",\"inLanguage\":\"fr-CH\",\"@id\":\"https:\\\/\\\/secure.gravatar.com\\\/avatar\\\/5e8e0f3f10010a38feb43e707770c4c97735143a26d51396eb4f3ea6bb49ed57?s=96&d=mm&r=g\",\"url\":\"https:\\\/\\\/secure.gravatar.com\\\/avatar\\\/5e8e0f3f10010a38feb43e707770c4c97735143a26d51396eb4f3ea6bb49ed57?s=96&d=mm&r=g\",\"contentUrl\":\"https:\\\/\\\/secure.gravatar.com\\\/avatar\\\/5e8e0f3f10010a38feb43e707770c4c97735143a26d51396eb4f3ea6bb49ed57?s=96&d=mm&r=g\",\"caption\":\"rrgsuisse\"},\"sameAs\":[\"https:\\\/\\\/rrgsuisse.ch\"],\"url\":\"https:\\\/\\\/rrgsuisse.ch\\\/fr\\\/author\\\/rrgsuisse\"}]}<\/script>\n<!-- \/ Yoast SEO plugin. -->","yoast_head_json":{"title":"BWT Alpine Formula One Team hisse les voiles vers une saison historique et marqu\u00e9e par une nouvelle r\u00e8glementation en 2026 - RRG Suisse","robots":{"index":"index","follow":"follow","max-snippet":"max-snippet:-1","max-image-preview":"max-image-preview:large","max-video-preview":"max-video-preview:-1"},"canonical":"https:\/\/rrgsuisse.ch\/fr\/bwt-alpine-formula-one-team-hisse-les-voiles-vers-une-saison-historique-et-marquee-par-une-nouvelle-reglementation-en-2026","og_locale":"fr_FR","og_type":"article","og_title":"BWT Alpine Formula One Team hisse les voiles vers une saison historique et marqu\u00e9e par une nouvelle r\u00e8glementation en 2026 - RRG Suisse","og_description":"BWT Alpine Formula One Team entame aujourd\u2019hui un nouveau voyage alors que la Formule 1 a rendez-vous en terres inconnues avec un r\u00e8glement technique in\u00e9dit.L\u2019\u00e9quipe a officiellement lanc\u00e9 sa campagne 2026 en Championnat du Monde FIA de Formule 1 \u00e0 l\u2019occasion d\u2019une pr\u00e9sentation organis\u00e9e en collaboration avec son Partenaire Premium MSC Croisi\u00e8res \u00e0 Barcelone (Espagne).\u00c0 bord du MSC World Europa, de retour de sa travers\u00e9e de la M\u00e9diterran\u00e9e, l\u2019\u00e9curie a d\u00e9voil\u00e9 les couleurs de l\u2019A526, sa monoplace pour 2026, avec le bleu traditionnel d\u2019Alpine m\u00eal\u00e9 au rose embl\u00e9matique de son Partenaire Titre BWT.Les pilotes Pierre Gasly et Franco Colapinto ont lev\u00e9 le voile sur la livr\u00e9e devant un public captiv\u00e9 et r\u00e9uni dans le Panorama Lounge du navire amarr\u00e9 au port de Barcelone.David Sanchez, Directeur Technique Ex\u00e9cutif, a d\u00e9taill\u00e9 la mobilisation totale des \u00e9quipes d\u2019Enstone et le travail men\u00e9 avec Mercedes-AMG High Performance Powertrains sur le groupe propulseur tandis que Flavio Briatore et le Directeur G\u00e9n\u00e9ral Steve Nielsen ont pr\u00e9sent\u00e9 le plan de navigation pour 2026.","og_url":"https:\/\/rrgsuisse.ch\/fr\/bwt-alpine-formula-one-team-hisse-les-voiles-vers-une-saison-historique-et-marquee-par-une-nouvelle-reglementation-en-2026","og_site_name":"RRG Suisse","article_published_time":"2026-01-23T14:48:10+00:00","article_modified_time":"2026-01-23T14:48:18+00:00","og_image":[{"url":"https:\/\/media.renault.ch\/__\/162713.b687db58.jpg","type":"","width":"","height":""}],"author":"rrgsuisse","twitter_card":"summary_large_image","twitter_misc":{"Written by":"rrgsuisse","Est. reading time":"8 minutes"},"schema":{"@context":"https:\/\/schema.org","@graph":[{"@type":"Article","@id":"https:\/\/rrgsuisse.ch\/fr\/bwt-alpine-formula-one-team-hisse-les-voiles-vers-une-saison-historique-et-marquee-par-une-nouvelle-reglementation-en-2026#article","isPartOf":{"@id":"https:\/\/rrgsuisse.ch\/fr\/bwt-alpine-formula-one-team-hisse-les-voiles-vers-une-saison-historique-et-marquee-par-une-nouvelle-reglementation-en-2026"},"author":{"name":"rrgsuisse","@id":"https:\/\/rrgsuisse.ch\/fr\/#\/schema\/person\/3fb0fceb9f1a5bcb4c674661a09ea4f7"},"headline":"BWT Alpine Formula One Team hisse les voiles vers une saison historique et marqu\u00e9e par une nouvelle r\u00e8glementation en 2026","datePublished":"2026-01-23T14:48:10+00:00","dateModified":"2026-01-23T14:48:18+00:00","mainEntityOfPage":{"@id":"https:\/\/rrgsuisse.ch\/fr\/bwt-alpine-formula-one-team-hisse-les-voiles-vers-une-saison-historique-et-marquee-par-une-nouvelle-reglementation-en-2026"},"wordCount":1561,"image":{"@id":"https:\/\/rrgsuisse.ch\/fr\/bwt-alpine-formula-one-team-hisse-les-voiles-vers-une-saison-historique-et-marquee-par-une-nouvelle-reglementation-en-2026#primaryimage"},"thumbnailUrl":"https:\/\/rrgsuisse.ch\/wp-content\/uploads\/2026\/01\/162718.2cf4f26b.jpg","articleSection":["A la une","Actualit\u00e9 Alpine"],"inLanguage":"fr-CH"},{"@type":"WebPage","@id":"https:\/\/rrgsuisse.ch\/fr\/bwt-alpine-formula-one-team-hisse-les-voiles-vers-une-saison-historique-et-marquee-par-une-nouvelle-reglementation-en-2026","url":"https:\/\/rrgsuisse.ch\/fr\/bwt-alpine-formula-one-team-hisse-les-voiles-vers-une-saison-historique-et-marquee-par-une-nouvelle-reglementation-en-2026","name":"BWT Alpine Formula One Team hisse les voiles vers une saison historique et marqu\u00e9e par une nouvelle r\u00e8glementation en 2026 - RRG Suisse","isPartOf":{"@id":"https:\/\/rrgsuisse.ch\/fr\/#website"},"primaryImageOfPage":{"@id":"https:\/\/rrgsuisse.ch\/fr\/bwt-alpine-formula-one-team-hisse-les-voiles-vers-une-saison-historique-et-marquee-par-une-nouvelle-reglementation-en-2026#primaryimage"},"image":{"@id":"https:\/\/rrgsuisse.ch\/fr\/bwt-alpine-formula-one-team-hisse-les-voiles-vers-une-saison-historique-et-marquee-par-une-nouvelle-reglementation-en-2026#primaryimage"},"thumbnailUrl":"https:\/\/rrgsuisse.ch\/wp-content\/uploads\/2026\/01\/162718.2cf4f26b.jpg","datePublished":"2026-01-23T14:48:10+00:00","dateModified":"2026-01-23T14:48:18+00:00","author":{"@id":"https:\/\/rrgsuisse.ch\/fr\/#\/schema\/person\/3fb0fceb9f1a5bcb4c674661a09ea4f7"},"breadcrumb":{"@id":"https:\/\/rrgsuisse.ch\/fr\/bwt-alpine-formula-one-team-hisse-les-voiles-vers-une-saison-historique-et-marquee-par-une-nouvelle-reglementation-en-2026#breadcrumb"},"inLanguage":"fr-CH","potentialAction":[{"@type":"ReadAction","target":["https:\/\/rrgsuisse.ch\/fr\/bwt-alpine-formula-one-team-hisse-les-voiles-vers-une-saison-historique-et-marquee-par-une-nouvelle-reglementation-en-2026"]}]},{"@type":"ImageObject","inLanguage":"fr-CH","@id":"https:\/\/rrgsuisse.ch\/fr\/bwt-alpine-formula-one-team-hisse-les-voiles-vers-une-saison-historique-et-marquee-par-une-nouvelle-reglementation-en-2026#primaryimage","url":"https:\/\/rrgsuisse.ch\/wp-content\/uploads\/2026\/01\/162718.2cf4f26b.jpg","contentUrl":"https:\/\/rrgsuisse.ch\/wp-content\/uploads\/2026\/01\/162718.2cf4f26b.jpg","width":1200,"height":800},{"@type":"BreadcrumbList","@id":"https:\/\/rrgsuisse.ch\/fr\/bwt-alpine-formula-one-team-hisse-les-voiles-vers-une-saison-historique-et-marquee-par-une-nouvelle-reglementation-en-2026#breadcrumb","itemListElement":[{"@type":"ListItem","position":1,"name":"Home","item":"https:\/\/rrgsuisse.ch\/fr"},{"@type":"ListItem","position":2,"name":"BWT Alpine Formula One Team hisse les voiles vers une saison historique et marqu\u00e9e par une nouvelle r\u00e8glementation en 2026"}]},{"@type":"WebSite","@id":"https:\/\/rrgsuisse.ch\/fr\/#website","url":"https:\/\/rrgsuisse.ch\/fr\/","name":"RRG Suisse","description":"Retail Renault Group - Revendeur officiel Renault, Dacia, Nissan","potentialAction":[{"@type":"SearchAction","target":{"@type":"EntryPoint","urlTemplate":"https:\/\/rrgsuisse.ch\/fr\/?s={search_term_string}"},"query-input":{"@type":"PropertyValueSpecification","valueRequired":true,"valueName":"search_term_string"}}],"inLanguage":"fr-CH"},{"@type":"Person","@id":"https:\/\/rrgsuisse.ch\/fr\/#\/schema\/person\/3fb0fceb9f1a5bcb4c674661a09ea4f7","name":"rrgsuisse","image":{"@type":"ImageObject","inLanguage":"fr-CH","@id":"https:\/\/secure.gravatar.com\/avatar\/5e8e0f3f10010a38feb43e707770c4c97735143a26d51396eb4f3ea6bb49ed57?s=96&d=mm&r=g","url":"https:\/\/secure.gravatar.com\/avatar\/5e8e0f3f10010a38feb43e707770c4c97735143a26d51396eb4f3ea6bb49ed57?s=96&d=mm&r=g","contentUrl":"https:\/\/secure.gravatar.com\/avatar\/5e8e0f3f10010a38feb43e707770c4c97735143a26d51396eb4f3ea6bb49ed57?s=96&d=mm&r=g","caption":"rrgsuisse"},"sameAs":["https:\/\/rrgsuisse.ch"],"url":"https:\/\/rrgsuisse.ch\/fr\/author\/rrgsuisse"}]}},"wpml_current_locale":"fr_CH","wpml_translations":[],"_links":{"self":[{"href":"https:\/\/rrgsuisse.ch\/fr\/wp-json\/wp\/v2\/posts\/47772","targetHints":{"allow":["GET"]}}],"collection":[{"href":"https:\/\/rrgsuisse.ch\/fr\/wp-json\/wp\/v2\/posts"}],"about":[{"href":"https:\/\/rrgsuisse.ch\/fr\/wp-json\/wp\/v2\/types\/post"}],"author":[{"embeddable":true,"href":"https:\/\/rrgsuisse.ch\/fr\/wp-json\/wp\/v2\/users\/1"}],"replies":[{"embeddable":true,"href":"https:\/\/rrgsuisse.ch\/fr\/wp-json\/wp\/v2\/comments?post=47772"}],"version-history":[{"count":1,"href":"https:\/\/rrgsuisse.ch\/fr\/wp-json\/wp\/v2\/posts\/47772\/revisions"}],"predecessor-version":[{"id":47775,"href":"https:\/\/rrgsuisse.ch\/fr\/wp-json\/wp\/v2\/posts\/47772\/revisions\/47775"}],"wp:featuredmedia":[{"embeddable":true,"href":"https:\/\/rrgsuisse.ch\/fr\/wp-json\/wp\/v2\/media\/47773"}],"wp:attachment":[{"href":"https:\/\/rrgsuisse.ch\/fr\/wp-json\/wp\/v2\/media?parent=47772"}],"wp:term":[{"taxonomy":"category","embeddable":true,"href":"https:\/\/rrgsuisse.ch\/fr\/wp-json\/wp\/v2\/categories?post=47772"},{"taxonomy":"post_tag","embeddable":true,"href":"https:\/\/rrgsuisse.ch\/fr\/wp-json\/wp\/v2\/tags?post=47772"}],"curies":[{"name":"wp","href":"https:\/\/api.w.org\/{rel}","templated":true}]}}