{"id":51234,"date":"2026-08-31T10:17:18","date_gmt":"2026-08-31T08:17:18","guid":{"rendered":"https:\/\/rrgsuisse.ch\/renault-au-salon-iaa-transportation-2026-a-hanovre"},"modified":"2026-08-31T10:17:22","modified_gmt":"2026-08-31T08:17:22","slug":"renault-au-salon-iaa-transportation-2026-a-hanovre","status":"publish","type":"post","link":"https:\/\/rrgsuisse.ch\/fr\/renault-au-salon-iaa-transportation-2026-a-hanovre","title":{"rendered":"Renault au Salon IAA Transportation 2026 \u00e0 Hanovre"},"content":{"rendered":"<div class=\"description\">\n\t\t\t\t\t\t\t\t\tRenault acteur cl\u00e9 du v\u00e9hicule utilitaire en Europe sera pr\u00e9sent au salon IAA TRANSPORTATION 2026 \u00e0 Hanovre.<\/p>\n<figure class=\"wp-block-image\"><img decoding=\"async\" src=\"https:\/\/media.renault.ch\/__\/165310.764af245.jpg\" alt=\"\" \/><\/figure>\n<figure class=\"wp-block-image\"><img decoding=\"async\" src=\"https:\/\/media.renault.ch\/__\/165311.7c9b807f.jpg\" alt=\"\" \/><\/figure>\n<p>\nLors d\u2019une conf\u00e9rence de presse le 14 septembre \u00e0 9h20, Jan Ptacek (VP, Renault LCV), Fr\u00e9d\u00e9ric Clermont (VP, Product LCV) et Zakaria Zeghari (VP, sales and marketing LCV) d\u00e9voileront la strat\u00e9gie Renault en mati\u00e8re de v\u00e9hicules utilitaires. Ils pr\u00e9senteront \u00e9galement dans les moindres d\u00e9tails les atouts de Nouveau Trafic Van E-Tech electric ainsi que des nouveaut\u00e9s sur les offres de services et de conversions.<\/p>\n<p>L\u2019ensemble de la conf\u00e9rence sera diffus\u00e9e en live ou en replay via le lien suivant : <a target=\"_blank\" href=\"https:\/\/events.renault.com\/?utm_campaign=hanover_2026&amp;utm_medium=referral&amp;utm_source=renault_media\">https:\/\/events.renault.com\/?utm_campaign=hanover_2026&amp;utm_medium=referral&amp;utm_source=renault_media<\/a><\/p>\n<p>Situ\u00e9 en Hall 13 sur un espace de 1200 m2, le stand Renault exposera 12 v\u00e9hicules utilitaires repr\u00e9sentant l\u2019int\u00e9gralit\u00e9 de la gamme dont quelques v\u00e9hicules transform\u00e9s.\n\t\t\t\t\t\t\t\t<\/p><\/div>\n","protected":false},"excerpt":{"rendered":"<p>Au salon IAA TRANSPORTATION 2026 d\u2019Hanovre, Renault ouvre un nouveau chapitre de son offensive dans les v\u00e9hicules utilitaires avec Nouveau Trafic Van E-Tech electric Une conf\u00e9rence de presse sera organis\u00e9e le 14 septembre \u00e0 9h20. Renault exposera l\u2019ensemble de sa strat\u00e9gie en mati\u00e8re de v\u00e9hicules utilitaires et pr\u00e9sentera Nouveau Trafic E-Tech electric en d\u00e9tails, \u00e0 quelques semaines de son lancement commercial La conf\u00e9rence de presse sera diffus\u00e9e en live et en replay via ce lien : https:\/\/events.renault.com\/?utm_campaign=hanover_2026&amp;utm_medium=referral&amp;utm_source=renault_mediaRenault Pro+ disposera d\u2019un stand dans le hall 13<\/p>\n","protected":false},"author":1,"featured_media":51235,"comment_status":"closed","ping_status":"open","sticky":false,"template":"","format":"standard","meta":{"_acf_changed":false,"footnotes":""},"categories":[18,104],"tags":[],"class_list":["post-51234","post","type-post","status-publish","format-standard","has-post-thumbnail","hentry","category-a-la-une","category-actualite-renault"],"acf":[],"yoast_head":"<!-- This site is optimized with the Yoast SEO plugin v28.3 - https:\/\/yoast.com\/product\/yoast-seo-wordpress\/ -->\n<title>Renault au Salon IAA Transportation 2026 \u00e0 Hanovre - RRG Suisse<\/title>\n<meta name=\"robots\" content=\"index, follow, max-snippet:-1, max-image-preview:large, max-video-preview:-1\" \/>\n<link rel=\"canonical\" href=\"https:\/\/rrgsuisse.ch\/fr\/renault-au-salon-iaa-transportation-2026-a-hanovre\" \/>\n<meta property=\"og:locale\" content=\"fr_FR\" \/>\n<meta property=\"og:type\" content=\"article\" \/>\n<meta property=\"og:title\" content=\"Renault au Salon IAA Transportation 2026 \u00e0 Hanovre - RRG Suisse\" \/>\n<meta property=\"og:description\" content=\"Au salon IAA TRANSPORTATION 2026 d\u2019Hanovre, Renault ouvre un nouveau chapitre de son offensive dans les v\u00e9hicules utilitaires avec Nouveau Trafic Van E-Tech electric Une conf\u00e9rence de presse sera organis\u00e9e le 14 septembre \u00e0 9h20. Renault exposera l\u2019ensemble de sa strat\u00e9gie en mati\u00e8re de v\u00e9hicules utilitaires et pr\u00e9sentera Nouveau Trafic E-Tech electric en d\u00e9tails, \u00e0 quelques semaines de son lancement commercial La conf\u00e9rence de presse sera diffus\u00e9e en live et en replay via ce lien : https:\/\/events.renault.com\/?utm_campaign=hanover_2026&amp;utm_medium=referral&amp;utm_source=renault_mediaRenault Pro+ disposera d\u2019un stand dans le hall 13\" \/>\n<meta property=\"og:url\" content=\"https:\/\/rrgsuisse.ch\/fr\/renault-au-salon-iaa-transportation-2026-a-hanovre\" \/>\n<meta property=\"og:site_name\" content=\"RRG Suisse\" \/>\n<meta property=\"article:published_time\" content=\"2026-08-31T08:17:18+00:00\" \/>\n<meta property=\"article:modified_time\" content=\"2026-08-31T08:17:22+00:00\" \/>\n<meta property=\"og:image\" content=\"https:\/\/media.renault.ch\/__\/165310.764af245.jpg\" \/>\n<meta name=\"author\" content=\"rrgsuisse\" \/>\n<meta name=\"twitter:card\" content=\"summary_large_image\" \/>\n<meta name=\"twitter:label1\" content=\"Written by\" \/>\n\t<meta name=\"twitter:data1\" content=\"rrgsuisse\" \/>\n\t<meta name=\"twitter:label2\" content=\"Est. reading time\" \/>\n\t<meta name=\"twitter:data2\" content=\"1 minute\" \/>\n<script type=\"application\/ld+json\" class=\"yoast-schema-graph\">{\"@context\":\"https:\\\/\\\/schema.org\",\"@graph\":[{\"@type\":\"Article\",\"@id\":\"https:\\\/\\\/rrgsuisse.ch\\\/fr\\\/renault-au-salon-iaa-transportation-2026-a-hanovre#article\",\"isPartOf\":{\"@id\":\"https:\\\/\\\/rrgsuisse.ch\\\/fr\\\/renault-au-salon-iaa-transportation-2026-a-hanovre\"},\"author\":{\"name\":\"rrgsuisse\",\"@id\":\"https:\\\/\\\/rrgsuisse.ch\\\/fr\\\/#\\\/schema\\\/person\\\/3fb0fceb9f1a5bcb4c674661a09ea4f7\"},\"headline\":\"Renault au Salon IAA Transportation 2026 \u00e0 Hanovre\",\"datePublished\":\"2026-08-31T08:17:18+00:00\",\"dateModified\":\"2026-08-31T08:17:22+00:00\",\"mainEntityOfPage\":{\"@id\":\"https:\\\/\\\/rrgsuisse.ch\\\/fr\\\/renault-au-salon-iaa-transportation-2026-a-hanovre\"},\"wordCount\":159,\"image\":{\"@id\":\"https:\\\/\\\/rrgsuisse.ch\\\/fr\\\/renault-au-salon-iaa-transportation-2026-a-hanovre#primaryimage\"},\"thumbnailUrl\":\"https:\\\/\\\/rrgsuisse.ch\\\/wp-content\\\/uploads\\\/2026\\\/08\\\/165309.f4cfc6d9.jpg\",\"articleSection\":[\"A la une\",\"Actualit\u00e9 Renault\"],\"inLanguage\":\"fr-CH\"},{\"@type\":\"WebPage\",\"@id\":\"https:\\\/\\\/rrgsuisse.ch\\\/fr\\\/renault-au-salon-iaa-transportation-2026-a-hanovre\",\"url\":\"https:\\\/\\\/rrgsuisse.ch\\\/fr\\\/renault-au-salon-iaa-transportation-2026-a-hanovre\",\"name\":\"Renault au Salon IAA Transportation 2026 \u00e0 Hanovre - RRG Suisse\",\"isPartOf\":{\"@id\":\"https:\\\/\\\/rrgsuisse.ch\\\/fr\\\/#website\"},\"primaryImageOfPage\":{\"@id\":\"https:\\\/\\\/rrgsuisse.ch\\\/fr\\\/renault-au-salon-iaa-transportation-2026-a-hanovre#primaryimage\"},\"image\":{\"@id\":\"https:\\\/\\\/rrgsuisse.ch\\\/fr\\\/renault-au-salon-iaa-transportation-2026-a-hanovre#primaryimage\"},\"thumbnailUrl\":\"https:\\\/\\\/rrgsuisse.ch\\\/wp-content\\\/uploads\\\/2026\\\/08\\\/165309.f4cfc6d9.jpg\",\"datePublished\":\"2026-08-31T08:17:18+00:00\",\"dateModified\":\"2026-08-31T08:17:22+00:00\",\"author\":{\"@id\":\"https:\\\/\\\/rrgsuisse.ch\\\/fr\\\/#\\\/schema\\\/person\\\/3fb0fceb9f1a5bcb4c674661a09ea4f7\"},\"breadcrumb\":{\"@id\":\"https:\\\/\\\/rrgsuisse.ch\\\/fr\\\/renault-au-salon-iaa-transportation-2026-a-hanovre#breadcrumb\"},\"inLanguage\":\"fr-CH\",\"potentialAction\":[{\"@type\":\"ReadAction\",\"target\":[\"https:\\\/\\\/rrgsuisse.ch\\\/fr\\\/renault-au-salon-iaa-transportation-2026-a-hanovre\"]}]},{\"@type\":\"ImageObject\",\"inLanguage\":\"fr-CH\",\"@id\":\"https:\\\/\\\/rrgsuisse.ch\\\/fr\\\/renault-au-salon-iaa-transportation-2026-a-hanovre#primaryimage\",\"url\":\"https:\\\/\\\/rrgsuisse.ch\\\/wp-content\\\/uploads\\\/2026\\\/08\\\/165309.f4cfc6d9.jpg\",\"contentUrl\":\"https:\\\/\\\/rrgsuisse.ch\\\/wp-content\\\/uploads\\\/2026\\\/08\\\/165309.f4cfc6d9.jpg\",\"width\":1200,\"height\":675},{\"@type\":\"BreadcrumbList\",\"@id\":\"https:\\\/\\\/rrgsuisse.ch\\\/fr\\\/renault-au-salon-iaa-transportation-2026-a-hanovre#breadcrumb\",\"itemListElement\":[{\"@type\":\"ListItem\",\"position\":1,\"name\":\"Home\",\"item\":\"https:\\\/\\\/rrgsuisse.ch\\\/fr\"},{\"@type\":\"ListItem\",\"position\":2,\"name\":\"Renault au Salon IAA Transportation 2026 \u00e0 Hanovre\"}]},{\"@type\":\"WebSite\",\"@id\":\"https:\\\/\\\/rrgsuisse.ch\\\/fr\\\/#website\",\"url\":\"https:\\\/\\\/rrgsuisse.ch\\\/fr\\\/\",\"name\":\"RRG Suisse\",\"description\":\"Retail Renault Group - Revendeur officiel Renault, Dacia, Nissan\",\"potentialAction\":[{\"@type\":\"SearchAction\",\"target\":{\"@type\":\"EntryPoint\",\"urlTemplate\":\"https:\\\/\\\/rrgsuisse.ch\\\/fr\\\/?s={search_term_string}\"},\"query-input\":{\"@type\":\"PropertyValueSpecification\",\"valueRequired\":true,\"valueName\":\"search_term_string\"}}],\"inLanguage\":\"fr-CH\"},{\"@type\":\"Person\",\"@id\":\"https:\\\/\\\/rrgsuisse.ch\\\/fr\\\/#\\\/schema\\\/person\\\/3fb0fceb9f1a5bcb4c674661a09ea4f7\",\"name\":\"rrgsuisse\",\"image\":{\"@type\":\"ImageObject\",\"inLanguage\":\"fr-CH\",\"@id\":\"https:\\\/\\\/secure.gravatar.com\\\/avatar\\\/5e8e0f3f10010a38feb43e707770c4c97735143a26d51396eb4f3ea6bb49ed57?s=96&d=mm&r=g\",\"url\":\"https:\\\/\\\/secure.gravatar.com\\\/avatar\\\/5e8e0f3f10010a38feb43e707770c4c97735143a26d51396eb4f3ea6bb49ed57?s=96&d=mm&r=g\",\"contentUrl\":\"https:\\\/\\\/secure.gravatar.com\\\/avatar\\\/5e8e0f3f10010a38feb43e707770c4c97735143a26d51396eb4f3ea6bb49ed57?s=96&d=mm&r=g\",\"caption\":\"rrgsuisse\"},\"sameAs\":[\"https:\\\/\\\/rrgsuisse.ch\"],\"url\":\"https:\\\/\\\/rrgsuisse.ch\\\/fr\\\/author\\\/rrgsuisse\"}]}<\/script>\n<!-- \/ Yoast SEO plugin. -->","yoast_head_json":{"title":"Renault au Salon IAA Transportation 2026 \u00e0 Hanovre - RRG Suisse","robots":{"index":"index","follow":"follow","max-snippet":"max-snippet:-1","max-image-preview":"max-image-preview:large","max-video-preview":"max-video-preview:-1"},"canonical":"https:\/\/rrgsuisse.ch\/fr\/renault-au-salon-iaa-transportation-2026-a-hanovre","og_locale":"fr_FR","og_type":"article","og_title":"Renault au Salon IAA Transportation 2026 \u00e0 Hanovre - RRG Suisse","og_description":"Au salon IAA TRANSPORTATION 2026 d\u2019Hanovre, Renault ouvre un nouveau chapitre de son offensive dans les v\u00e9hicules utilitaires avec Nouveau Trafic Van E-Tech electric Une conf\u00e9rence de presse sera organis\u00e9e le 14 septembre \u00e0 9h20. Renault exposera l\u2019ensemble de sa strat\u00e9gie en mati\u00e8re de v\u00e9hicules utilitaires et pr\u00e9sentera Nouveau Trafic E-Tech electric en d\u00e9tails, \u00e0 quelques semaines de son lancement commercial La conf\u00e9rence de presse sera diffus\u00e9e en live et en replay via ce lien : https:\/\/events.renault.com\/?utm_campaign=hanover_2026&amp;utm_medium=referral&amp;utm_source=renault_mediaRenault Pro+ disposera d\u2019un stand dans le hall 13","og_url":"https:\/\/rrgsuisse.ch\/fr\/renault-au-salon-iaa-transportation-2026-a-hanovre","og_site_name":"RRG Suisse","article_published_time":"2026-08-31T08:17:18+00:00","article_modified_time":"2026-08-31T08:17:22+00:00","og_image":[{"url":"https:\/\/media.renault.ch\/__\/165310.764af245.jpg","type":"","width":"","height":""}],"author":"rrgsuisse","twitter_card":"summary_large_image","twitter_misc":{"Written by":"rrgsuisse","Est. reading time":"1 minute"},"schema":{"@context":"https:\/\/schema.org","@graph":[{"@type":"Article","@id":"https:\/\/rrgsuisse.ch\/fr\/renault-au-salon-iaa-transportation-2026-a-hanovre#article","isPartOf":{"@id":"https:\/\/rrgsuisse.ch\/fr\/renault-au-salon-iaa-transportation-2026-a-hanovre"},"author":{"name":"rrgsuisse","@id":"https:\/\/rrgsuisse.ch\/fr\/#\/schema\/person\/3fb0fceb9f1a5bcb4c674661a09ea4f7"},"headline":"Renault au Salon IAA Transportation 2026 \u00e0 Hanovre","datePublished":"2026-08-31T08:17:18+00:00","dateModified":"2026-08-31T08:17:22+00:00","mainEntityOfPage":{"@id":"https:\/\/rrgsuisse.ch\/fr\/renault-au-salon-iaa-transportation-2026-a-hanovre"},"wordCount":159,"image":{"@id":"https:\/\/rrgsuisse.ch\/fr\/renault-au-salon-iaa-transportation-2026-a-hanovre#primaryimage"},"thumbnailUrl":"https:\/\/rrgsuisse.ch\/wp-content\/uploads\/2026\/08\/165309.f4cfc6d9.jpg","articleSection":["A la une","Actualit\u00e9 Renault"],"inLanguage":"fr-CH"},{"@type":"WebPage","@id":"https:\/\/rrgsuisse.ch\/fr\/renault-au-salon-iaa-transportation-2026-a-hanovre","url":"https:\/\/rrgsuisse.ch\/fr\/renault-au-salon-iaa-transportation-2026-a-hanovre","name":"Renault au Salon IAA Transportation 2026 \u00e0 Hanovre - RRG Suisse","isPartOf":{"@id":"https:\/\/rrgsuisse.ch\/fr\/#website"},"primaryImageOfPage":{"@id":"https:\/\/rrgsuisse.ch\/fr\/renault-au-salon-iaa-transportation-2026-a-hanovre#primaryimage"},"image":{"@id":"https:\/\/rrgsuisse.ch\/fr\/renault-au-salon-iaa-transportation-2026-a-hanovre#primaryimage"},"thumbnailUrl":"https:\/\/rrgsuisse.ch\/wp-content\/uploads\/2026\/08\/165309.f4cfc6d9.jpg","datePublished":"2026-08-31T08:17:18+00:00","dateModified":"2026-08-31T08:17:22+00:00","author":{"@id":"https:\/\/rrgsuisse.ch\/fr\/#\/schema\/person\/3fb0fceb9f1a5bcb4c674661a09ea4f7"},"breadcrumb":{"@id":"https:\/\/rrgsuisse.ch\/fr\/renault-au-salon-iaa-transportation-2026-a-hanovre#breadcrumb"},"inLanguage":"fr-CH","potentialAction":[{"@type":"ReadAction","target":["https:\/\/rrgsuisse.ch\/fr\/renault-au-salon-iaa-transportation-2026-a-hanovre"]}]},{"@type":"ImageObject","inLanguage":"fr-CH","@id":"https:\/\/rrgsuisse.ch\/fr\/renault-au-salon-iaa-transportation-2026-a-hanovre#primaryimage","url":"https:\/\/rrgsuisse.ch\/wp-content\/uploads\/2026\/08\/165309.f4cfc6d9.jpg","contentUrl":"https:\/\/rrgsuisse.ch\/wp-content\/uploads\/2026\/08\/165309.f4cfc6d9.jpg","width":1200,"height":675},{"@type":"BreadcrumbList","@id":"https:\/\/rrgsuisse.ch\/fr\/renault-au-salon-iaa-transportation-2026-a-hanovre#breadcrumb","itemListElement":[{"@type":"ListItem","position":1,"name":"Home","item":"https:\/\/rrgsuisse.ch\/fr"},{"@type":"ListItem","position":2,"name":"Renault au Salon IAA Transportation 2026 \u00e0 Hanovre"}]},{"@type":"WebSite","@id":"https:\/\/rrgsuisse.ch\/fr\/#website","url":"https:\/\/rrgsuisse.ch\/fr\/","name":"RRG Suisse","description":"Retail Renault Group - Revendeur officiel Renault, Dacia, Nissan","potentialAction":[{"@type":"SearchAction","target":{"@type":"EntryPoint","urlTemplate":"https:\/\/rrgsuisse.ch\/fr\/?s={search_term_string}"},"query-input":{"@type":"PropertyValueSpecification","valueRequired":true,"valueName":"search_term_string"}}],"inLanguage":"fr-CH"},{"@type":"Person","@id":"https:\/\/rrgsuisse.ch\/fr\/#\/schema\/person\/3fb0fceb9f1a5bcb4c674661a09ea4f7","name":"rrgsuisse","image":{"@type":"ImageObject","inLanguage":"fr-CH","@id":"https:\/\/secure.gravatar.com\/avatar\/5e8e0f3f10010a38feb43e707770c4c97735143a26d51396eb4f3ea6bb49ed57?s=96&d=mm&r=g","url":"https:\/\/secure.gravatar.com\/avatar\/5e8e0f3f10010a38feb43e707770c4c97735143a26d51396eb4f3ea6bb49ed57?s=96&d=mm&r=g","contentUrl":"https:\/\/secure.gravatar.com\/avatar\/5e8e0f3f10010a38feb43e707770c4c97735143a26d51396eb4f3ea6bb49ed57?s=96&d=mm&r=g","caption":"rrgsuisse"},"sameAs":["https:\/\/rrgsuisse.ch"],"url":"https:\/\/rrgsuisse.ch\/fr\/author\/rrgsuisse"}]}},"wpml_current_locale":"fr_CH","wpml_translations":[],"_links":{"self":[{"href":"https:\/\/rrgsuisse.ch\/fr\/wp-json\/wp\/v2\/posts\/51234","targetHints":{"allow":["GET"]}}],"collection":[{"href":"https:\/\/rrgsuisse.ch\/fr\/wp-json\/wp\/v2\/posts"}],"about":[{"href":"https:\/\/rrgsuisse.ch\/fr\/wp-json\/wp\/v2\/types\/post"}],"author":[{"embeddable":true,"href":"https:\/\/rrgsuisse.ch\/fr\/wp-json\/wp\/v2\/users\/1"}],"replies":[{"embeddable":true,"href":"https:\/\/rrgsuisse.ch\/fr\/wp-json\/wp\/v2\/comments?post=51234"}],"version-history":[{"count":1,"href":"https:\/\/rrgsuisse.ch\/fr\/wp-json\/wp\/v2\/posts\/51234\/revisions"}],"predecessor-version":[{"id":51237,"href":"https:\/\/rrgsuisse.ch\/fr\/wp-json\/wp\/v2\/posts\/51234\/revisions\/51237"}],"wp:featuredmedia":[{"embeddable":true,"href":"https:\/\/rrgsuisse.ch\/fr\/wp-json\/wp\/v2\/media\/51235"}],"wp:attachment":[{"href":"https:\/\/rrgsuisse.ch\/fr\/wp-json\/wp\/v2\/media?parent=51234"}],"wp:term":[{"taxonomy":"category","embeddable":true,"href":"https:\/\/rrgsuisse.ch\/fr\/wp-json\/wp\/v2\/categories?post=51234"},{"taxonomy":"post_tag","embeddable":true,"href":"https:\/\/rrgsuisse.ch\/fr\/wp-json\/wp\/v2\/tags?post=51234"}],"curies":[{"name":"wp","href":"https:\/\/api.w.org\/{rel}","templated":true}]}}